{"id":1019,"date":"2014-03-07T06:43:05","date_gmt":"2014-03-07T05:43:05","guid":{"rendered":"http:\/\/www.milosnicylasu.olsztyn.pl\/?p=1019"},"modified":"2014-03-07T06:43:21","modified_gmt":"2014-03-07T05:43:21","slug":"zebranie-6-marca-2014r","status":"publish","type":"post","link":"https:\/\/www.milosnicylasu.olsztyn.pl\/?p=1019","title":{"rendered":"Zebranie 6 marca 2014r."},"content":{"rendered":"<p><a href=\"http:\/\/www.milosnicylasu.olsztyn.pl\/wp-content\/uploads\/2014\/03\/P3060017-www.jpg\" data-rel=\"lightbox-image-0\" data-magnific_type=\"image\" data-rl_title=\"\" data-rl_caption=\"\" title=\"\"><img loading=\"lazy\" decoding=\"async\" class=\"alignleft size-medium wp-image-1020\" alt=\"P3060017-www\" src=\"http:\/\/www.milosnicylasu.olsztyn.pl\/wp-content\/uploads\/2014\/03\/P3060017-www-300x225.jpg\" width=\"300\" height=\"225\" srcset=\"https:\/\/www.milosnicylasu.olsztyn.pl\/wp-content\/uploads\/2014\/03\/P3060017-www-300x225.jpg 300w, https:\/\/www.milosnicylasu.olsztyn.pl\/wp-content\/uploads\/2014\/03\/P3060017-www-400x300.jpg 400w, https:\/\/www.milosnicylasu.olsztyn.pl\/wp-content\/uploads\/2014\/03\/P3060017-www.jpg 1024w\" sizes=\"auto, (max-width: 300px) 100vw, 300px\" \/><\/a>6 marca 2014r. odby\u0142o si\u0119 zebranie cz\u0142onk\u00f3w naszego Ko\u0142a. Licznie przybyli cz\u0142onkowie wys\u0142uchali relacji prezesa z wykonania planu pracy w lutym oraz zamierzeniach w marcu. <strong>Przypominamy, \u017ce zmienione zosta\u0142o miejsce sobotnich spotka\u0144.<\/strong> W najbli\u017csze soboty,\u00a0nasze rajdy zaczynamy od ratusza, sk\u0105d\u00a0wyruszymy na w\u0119dr\u00f3wki m.in. wzd\u0142u\u017c rzeki \u0141yny, wok\u00f3\u0142 jeziora D\u0142ugiego.\u00a0\u00a029 marca wyjedziemy na kolejn\u0105 wycieczk\u0119 autokarow\u0105, tym razem szlakiem\u00a0serialu &#8222;Nad rozlewiskiem&#8221;.<\/p>\n<p><a href=\"http:\/\/www.milosnicylasu.olsztyn.pl\/wp-content\/uploads\/2014\/03\/P3060012-www.jpg\" data-rel=\"lightbox-image-1\" data-magnific_type=\"image\" data-rl_title=\"\" data-rl_caption=\"\" title=\"\"><img loading=\"lazy\" decoding=\"async\" class=\"alignleft size-medium wp-image-1021\" alt=\"P3060012-www\" src=\"http:\/\/www.milosnicylasu.olsztyn.pl\/wp-content\/uploads\/2014\/03\/P3060012-www-300x225.jpg\" width=\"300\" height=\"225\" srcset=\"https:\/\/www.milosnicylasu.olsztyn.pl\/wp-content\/uploads\/2014\/03\/P3060012-www-300x225.jpg 300w, https:\/\/www.milosnicylasu.olsztyn.pl\/wp-content\/uploads\/2014\/03\/P3060012-www-400x300.jpg 400w, https:\/\/www.milosnicylasu.olsztyn.pl\/wp-content\/uploads\/2014\/03\/P3060012-www.jpg 1024w\" sizes=\"auto, (max-width: 300px) 100vw, 300px\" \/><\/a>Podczas spotkania wr\u0119czone zosta\u0142y medale zdobyte w zawodach strzeleckich, przyj\u0119li\u015bmy nowe kole\u017canki do naszego Ko\u0142a, a<\/p>\n<p>&nbsp;<\/p>\n<p>&nbsp;<\/p>\n<p>&nbsp;<\/p>\n<p><a href=\"http:\/\/www.milosnicylasu.olsztyn.pl\/wp-content\/uploads\/2014\/03\/P3060015-www.jpg\" data-rel=\"lightbox-image-2\" data-magnific_type=\"image\" data-rl_title=\"\" data-rl_caption=\"\" title=\"\"><img loading=\"lazy\" decoding=\"async\" class=\"size-medium wp-image-1022 alignright\" alt=\"P3060015-www\" src=\"http:\/\/www.milosnicylasu.olsztyn.pl\/wp-content\/uploads\/2014\/03\/P3060015-www-300x225.jpg\" width=\"300\" height=\"225\" srcset=\"https:\/\/www.milosnicylasu.olsztyn.pl\/wp-content\/uploads\/2014\/03\/P3060015-www-300x225.jpg 300w, https:\/\/www.milosnicylasu.olsztyn.pl\/wp-content\/uploads\/2014\/03\/P3060015-www-400x300.jpg 400w, https:\/\/www.milosnicylasu.olsztyn.pl\/wp-content\/uploads\/2014\/03\/P3060015-www.jpg 1024w\" sizes=\"auto, (max-width: 300px) 100vw, 300px\" \/><\/a>Danusia Bobrzecka przeczyta\u0142a wiersz napisany z okazji naszej lutowej imprezy w Marengo.<\/p>\n","protected":false},"excerpt":{"rendered":"<p>6 marca 2014r. odby\u0142o si\u0119 zebranie cz\u0142onk\u00f3w naszego Ko\u0142a. Licznie przybyli cz\u0142onkowie wys\u0142uchali relacji prezesa z wykonania planu pracy w lutym oraz zamierzeniach w marcu. Przypominamy, \u017ce zmienione zosta\u0142o miejsce sobotnich spotka\u0144. W najbli\u017csze soboty,\u00a0nasze rajdy zaczynamy od ratusza, sk\u0105d\u00a0wyruszymy na w\u0119dr\u00f3wki m.in. wzd\u0142u\u017c rzeki \u0141yny, wok\u00f3\u0142 jeziora D\u0142ugiego.\u00a0\u00a029 marca wyjedziemy na kolejn\u0105 wycieczk\u0119 autokarow\u0105, [&hellip;]<\/p>\n","protected":false},"author":1,"featured_media":0,"comment_status":"open","ping_status":"open","sticky":false,"template":"","format":"standard","meta":{"footnotes":""},"categories":[1],"tags":[],"class_list":["post-1019","post","type-post","status-publish","format-standard","hentry","category-bez-kategorii"],"_links":{"self":[{"href":"https:\/\/www.milosnicylasu.olsztyn.pl\/index.php?rest_route=\/wp\/v2\/posts\/1019","targetHints":{"allow":["GET"]}}],"collection":[{"href":"https:\/\/www.milosnicylasu.olsztyn.pl\/index.php?rest_route=\/wp\/v2\/posts"}],"about":[{"href":"https:\/\/www.milosnicylasu.olsztyn.pl\/index.php?rest_route=\/wp\/v2\/types\/post"}],"author":[{"embeddable":true,"href":"https:\/\/www.milosnicylasu.olsztyn.pl\/index.php?rest_route=\/wp\/v2\/users\/1"}],"replies":[{"embeddable":true,"href":"https:\/\/www.milosnicylasu.olsztyn.pl\/index.php?rest_route=%2Fwp%2Fv2%2Fcomments&post=1019"}],"version-history":[{"count":1,"href":"https:\/\/www.milosnicylasu.olsztyn.pl\/index.php?rest_route=\/wp\/v2\/posts\/1019\/revisions"}],"predecessor-version":[{"id":1023,"href":"https:\/\/www.milosnicylasu.olsztyn.pl\/index.php?rest_route=\/wp\/v2\/posts\/1019\/revisions\/1023"}],"wp:attachment":[{"href":"https:\/\/www.milosnicylasu.olsztyn.pl\/index.php?rest_route=%2Fwp%2Fv2%2Fmedia&parent=1019"}],"wp:term":[{"taxonomy":"category","embeddable":true,"href":"https:\/\/www.milosnicylasu.olsztyn.pl\/index.php?rest_route=%2Fwp%2Fv2%2Fcategories&post=1019"},{"taxonomy":"post_tag","embeddable":true,"href":"https:\/\/www.milosnicylasu.olsztyn.pl\/index.php?rest_route=%2Fwp%2Fv2%2Ftags&post=1019"}],"curies":[{"name":"wp","href":"https:\/\/api.w.org\/{rel}","templated":true}]}}