{"id":1033,"date":"2014-03-08T17:48:01","date_gmt":"2014-03-08T16:48:01","guid":{"rendered":"http:\/\/www.milosnicylasu.olsztyn.pl\/?p=1033"},"modified":"2014-03-08T17:52:10","modified_gmt":"2014-03-08T16:52:10","slug":"wiersze-na-dzien-kobiet","status":"publish","type":"post","link":"https:\/\/www.milosnicylasu.olsztyn.pl\/?p=1033","title":{"rendered":"Wiersze na Dzie\u0144 Kobiet"},"content":{"rendered":"<p>Jola Gazda, <a href=\"http:\/\/www.milosnicylasu.olsztyn.pl\/?p=1019#comment-48\"><time datetime=\"2014-03-07T22:25:18+00:00\">7 marca 2014 o 22:25<\/time><\/a><\/p>\n<p><!-- .comment-author .vcard --><\/p>\n<div>\n<p><strong><a href=\"http:\/\/www.milosnicylasu.olsztyn.pl\/wp-content\/uploads\/2013\/03\/PICT0013.jpg\" data-rel=\"lightbox-image-0\" data-magnific_type=\"image\" data-rl_title=\"\" data-rl_caption=\"\" title=\"\"><img loading=\"lazy\" decoding=\"async\" class=\"alignleft size-medium wp-image-114\" alt=\"PICT0013\" src=\"http:\/\/www.milosnicylasu.olsztyn.pl\/wp-content\/uploads\/2013\/03\/PICT0013-300x225.jpg\" width=\"300\" height=\"225\" srcset=\"https:\/\/www.milosnicylasu.olsztyn.pl\/wp-content\/uploads\/2013\/03\/PICT0013-300x225.jpg 300w, https:\/\/www.milosnicylasu.olsztyn.pl\/wp-content\/uploads\/2013\/03\/PICT0013-1024x768.jpg 1024w, https:\/\/www.milosnicylasu.olsztyn.pl\/wp-content\/uploads\/2013\/03\/PICT0013.jpg 2048w\" sizes=\"auto, (max-width: 300px) 100vw, 300px\" \/><\/a>Wiersze z okazji Dnia Kobiet<\/strong><\/p>\n<p>Niesiemy kwiaty\u2026<\/p>\n<p>Niesiemy dzi\u015b kwiaty do ka\u017cdego domu, niesiemy \u017cyczenia, podzi\u0119kowania\u2026<\/p>\n<p>W ka\u017cdym bukiecie wyrazy wdzi\u0119czno\u015bci, szacunku, uznania.<\/p>\n<p>Im, Kobietom Ca\u0142ego \u015awiata,<\/p>\n<p>Dziewcz\u0119tom ze wszystkich stron za Ich serca, umys\u0142y! Za trud Ich r\u0105k\u2026<\/p>\n<p><strong>\u015awi\u0119to Kobiet<\/strong><\/p>\n<p>Dzisiaj dzie\u0144 pi\u0119kny, uroczysty! Taki dzie\u0144 raz si\u0119 w roku zdarza, gdy 8 Marca z gwarem wiosny wytry\u015bnie z kartek kalendarza.<\/p>\n<p>Tak, to wspania\u0142e, wielkie \u015awi\u0119to, wi\u0119c \u015bpiesz\u0105 ch\u0142opcy i panowie z bukietem \u017cycze\u0144 w barwach kwiat\u00f3w &#8211; U\u015bmiechn\u0105\u0107 si\u0119 do Wszystkich Kobiet<\/p>\n<\/div>\n","protected":false},"excerpt":{"rendered":"<p>Jola Gazda, 7 marca 2014 o 22:25 Wiersze z okazji Dnia Kobiet Niesiemy kwiaty\u2026 Niesiemy dzi\u015b kwiaty do ka\u017cdego domu, niesiemy \u017cyczenia, podzi\u0119kowania\u2026 W ka\u017cdym bukiecie wyrazy wdzi\u0119czno\u015bci, szacunku, uznania. Im, Kobietom Ca\u0142ego \u015awiata, Dziewcz\u0119tom ze wszystkich stron za Ich serca, umys\u0142y! Za trud Ich r\u0105k\u2026 \u015awi\u0119to Kobiet Dzisiaj dzie\u0144 pi\u0119kny, uroczysty! Taki dzie\u0144 raz [&hellip;]<\/p>\n","protected":false},"author":1,"featured_media":0,"comment_status":"open","ping_status":"open","sticky":false,"template":"","format":"standard","meta":{"footnotes":""},"categories":[1,7],"tags":[],"class_list":["post-1033","post","type-post","status-publish","format-standard","hentry","category-bez-kategorii","category-wiersze"],"_links":{"self":[{"href":"https:\/\/www.milosnicylasu.olsztyn.pl\/index.php?rest_route=\/wp\/v2\/posts\/1033","targetHints":{"allow":["GET"]}}],"collection":[{"href":"https:\/\/www.milosnicylasu.olsztyn.pl\/index.php?rest_route=\/wp\/v2\/posts"}],"about":[{"href":"https:\/\/www.milosnicylasu.olsztyn.pl\/index.php?rest_route=\/wp\/v2\/types\/post"}],"author":[{"embeddable":true,"href":"https:\/\/www.milosnicylasu.olsztyn.pl\/index.php?rest_route=\/wp\/v2\/users\/1"}],"replies":[{"embeddable":true,"href":"https:\/\/www.milosnicylasu.olsztyn.pl\/index.php?rest_route=%2Fwp%2Fv2%2Fcomments&post=1033"}],"version-history":[{"count":4,"href":"https:\/\/www.milosnicylasu.olsztyn.pl\/index.php?rest_route=\/wp\/v2\/posts\/1033\/revisions"}],"predecessor-version":[{"id":1037,"href":"https:\/\/www.milosnicylasu.olsztyn.pl\/index.php?rest_route=\/wp\/v2\/posts\/1033\/revisions\/1037"}],"wp:attachment":[{"href":"https:\/\/www.milosnicylasu.olsztyn.pl\/index.php?rest_route=%2Fwp%2Fv2%2Fmedia&parent=1033"}],"wp:term":[{"taxonomy":"category","embeddable":true,"href":"https:\/\/www.milosnicylasu.olsztyn.pl\/index.php?rest_route=%2Fwp%2Fv2%2Fcategories&post=1033"},{"taxonomy":"post_tag","embeddable":true,"href":"https:\/\/www.milosnicylasu.olsztyn.pl\/index.php?rest_route=%2Fwp%2Fv2%2Ftags&post=1033"}],"curies":[{"name":"wp","href":"https:\/\/api.w.org\/{rel}","templated":true}]}}