{"id":1038,"date":"2014-03-08T18:30:17","date_gmt":"2014-03-08T17:30:17","guid":{"rendered":"http:\/\/www.milosnicylasu.olsztyn.pl\/?p=1038"},"modified":"2014-03-08T18:42:04","modified_gmt":"2014-03-08T17:42:04","slug":"podziekowanie","status":"publish","type":"post","link":"https:\/\/www.milosnicylasu.olsztyn.pl\/?p=1038","title":{"rendered":"Podzi\u0119kowanie"},"content":{"rendered":"<p><a href=\"http:\/\/www.milosnicylasu.olsztyn.pl\/wp-content\/uploads\/2014\/03\/P3070009-www.jpg\" data-rel=\"lightbox-image-0\" data-magnific_type=\"image\" data-rl_title=\"\" data-rl_caption=\"\" title=\"\"><img loading=\"lazy\" decoding=\"async\" class=\"alignleft size-medium wp-image-1039\" alt=\"P3070009-www\" src=\"http:\/\/www.milosnicylasu.olsztyn.pl\/wp-content\/uploads\/2014\/03\/P3070009-www-300x225.jpg\" width=\"300\" height=\"225\" srcset=\"https:\/\/www.milosnicylasu.olsztyn.pl\/wp-content\/uploads\/2014\/03\/P3070009-www-300x225.jpg 300w, https:\/\/www.milosnicylasu.olsztyn.pl\/wp-content\/uploads\/2014\/03\/P3070009-www-400x300.jpg 400w, https:\/\/www.milosnicylasu.olsztyn.pl\/wp-content\/uploads\/2014\/03\/P3070009-www.jpg 1024w\" sizes=\"auto, (max-width: 300px) 100vw, 300px\" \/><\/a>Prezes Anatol Leszczy\u0144ski\u00a0 w imieniu wszystkich cz\u0142onk\u00f3w Ko\u0142a Mi\u0142o\u015bnik\u00f3w Lasu i Militari\u00f3w LOK przy ATW w Olsztynie, 7 marca 2014r.,\u00a0podzi\u0119kowa\u0142 dyrektorowi\u00a0RDLP w Olsztynie Panu Janowi Karetce za opiek\u0119 nad ko\u0142em przez okres 5 lat.<\/p>\n<p>Powiedzia\u0142 m.in.<\/p>\n<p>&#8222;Dzi\u0119kujemy za nieodp\u0142atne udost\u0119pnianie sali wyk\u0142adowej, za comiesi\u0119czne wyk\u0142ady specjalist\u00f3w, za umo\u017cliwienie edukacji wyjazdowej w podleg\u0142ych nadle\u015bnictwach. Dzi\u0119kujemy, mamy nadziej\u0119, \u017ce namalowany\u00a0przez nasz\u0105 kole\u017cank\u0119\u00a0obraz b\u0119dzie przypomina\u0142 o naszej wielkiej sympatii i \u017cyczliwo\u015bci. Jednocze\u015bnie zapraszamy do naszego Ko\u0142a &#8211; legitymacja ju\u017c jest przygotowana. B\u0119dziemy zaszczyceni, je\u017celi Pan Dyrektor przyjmie nasze zaproszenie&#8221; &#8211; .<\/p>\n","protected":false},"excerpt":{"rendered":"<p>Prezes Anatol Leszczy\u0144ski\u00a0 w imieniu wszystkich cz\u0142onk\u00f3w Ko\u0142a Mi\u0142o\u015bnik\u00f3w Lasu i Militari\u00f3w LOK przy ATW w Olsztynie, 7 marca 2014r.,\u00a0podzi\u0119kowa\u0142 dyrektorowi\u00a0RDLP w Olsztynie Panu Janowi Karetce za opiek\u0119 nad ko\u0142em przez okres 5 lat. Powiedzia\u0142 m.in. &#8222;Dzi\u0119kujemy za nieodp\u0142atne udost\u0119pnianie sali wyk\u0142adowej, za comiesi\u0119czne wyk\u0142ady specjalist\u00f3w, za umo\u017cliwienie edukacji wyjazdowej w podleg\u0142ych nadle\u015bnictwach. Dzi\u0119kujemy, mamy [&hellip;]<\/p>\n","protected":false},"author":1,"featured_media":0,"comment_status":"open","ping_status":"open","sticky":false,"template":"","format":"standard","meta":{"footnotes":""},"categories":[1,6],"tags":[],"class_list":["post-1038","post","type-post","status-publish","format-standard","hentry","category-bez-kategorii","category-odznaczenia"],"_links":{"self":[{"href":"https:\/\/www.milosnicylasu.olsztyn.pl\/index.php?rest_route=\/wp\/v2\/posts\/1038","targetHints":{"allow":["GET"]}}],"collection":[{"href":"https:\/\/www.milosnicylasu.olsztyn.pl\/index.php?rest_route=\/wp\/v2\/posts"}],"about":[{"href":"https:\/\/www.milosnicylasu.olsztyn.pl\/index.php?rest_route=\/wp\/v2\/types\/post"}],"author":[{"embeddable":true,"href":"https:\/\/www.milosnicylasu.olsztyn.pl\/index.php?rest_route=\/wp\/v2\/users\/1"}],"replies":[{"embeddable":true,"href":"https:\/\/www.milosnicylasu.olsztyn.pl\/index.php?rest_route=%2Fwp%2Fv2%2Fcomments&post=1038"}],"version-history":[{"count":4,"href":"https:\/\/www.milosnicylasu.olsztyn.pl\/index.php?rest_route=\/wp\/v2\/posts\/1038\/revisions"}],"predecessor-version":[{"id":1043,"href":"https:\/\/www.milosnicylasu.olsztyn.pl\/index.php?rest_route=\/wp\/v2\/posts\/1038\/revisions\/1043"}],"wp:attachment":[{"href":"https:\/\/www.milosnicylasu.olsztyn.pl\/index.php?rest_route=%2Fwp%2Fv2%2Fmedia&parent=1038"}],"wp:term":[{"taxonomy":"category","embeddable":true,"href":"https:\/\/www.milosnicylasu.olsztyn.pl\/index.php?rest_route=%2Fwp%2Fv2%2Fcategories&post=1038"},{"taxonomy":"post_tag","embeddable":true,"href":"https:\/\/www.milosnicylasu.olsztyn.pl\/index.php?rest_route=%2Fwp%2Fv2%2Ftags&post=1038"}],"curies":[{"name":"wp","href":"https:\/\/api.w.org\/{rel}","templated":true}]}}