{"id":1051,"date":"2014-03-13T07:26:10","date_gmt":"2014-03-13T06:26:10","guid":{"rendered":"http:\/\/www.milosnicylasu.olsztyn.pl\/?p=1051"},"modified":"2014-03-13T07:35:14","modified_gmt":"2014-03-13T06:35:14","slug":"trening-strzelecki-i-spotkanie-pocztowkowe","status":"publish","type":"post","link":"https:\/\/www.milosnicylasu.olsztyn.pl\/?p=1051","title":{"rendered":"Trening strzelecki i spotkanie poczt\u00f3wkowe"},"content":{"rendered":"<p>W ostatnim tygodniu spotkali\u00a0 si\u0119 cz\u0142onkowie dw\u00f3ch sekcji zainteresowa\u0144 naszego Ko\u0142a. W poniedzia\u0142ek &#8211; 10 marca odby\u0142 si\u0119 trening strzelecki, a nast\u0119pnego dnia przygotowywali\u015bmy poczt\u00f3wki wielkanocne. <a href=\"http:\/\/www.milosnicylasu.olsztyn.pl\/wp-content\/uploads\/2014\/03\/PICT0043-www.jpg\" data-rel=\"lightbox-image-0\" data-magnific_type=\"image\" data-rl_title=\"\" data-rl_caption=\"\" title=\"\"><img loading=\"lazy\" decoding=\"async\" class=\"alignleft size-medium wp-image-1056\" alt=\"PICT0043-www\" src=\"http:\/\/www.milosnicylasu.olsztyn.pl\/wp-content\/uploads\/2014\/03\/PICT0043-www-300x225.jpg\" width=\"300\" height=\"225\" srcset=\"https:\/\/www.milosnicylasu.olsztyn.pl\/wp-content\/uploads\/2014\/03\/PICT0043-www-300x225.jpg 300w, https:\/\/www.milosnicylasu.olsztyn.pl\/wp-content\/uploads\/2014\/03\/PICT0043-www-400x300.jpg 400w, https:\/\/www.milosnicylasu.olsztyn.pl\/wp-content\/uploads\/2014\/03\/PICT0043-www.jpg 1024w\" sizes=\"auto, (max-width: 300px) 100vw, 300px\" \/><\/a><\/p>\n<p>Cieszymy si\u0119, \u017ce mamy\u00a0 w naszym gronie, przedstawicielk\u0119 m\u0142odego pokolenia &#8211; Majk\u0119, kt\u00f3ra systematycznie przychodzi na nasze warsztaty, a jakie ma pomys\u0142y! Gratulujemy Majce i pozosta\u0142ym uczestnikom weny tw\u00f3rczej.<\/p>\n","protected":false},"excerpt":{"rendered":"<p>W ostatnim tygodniu spotkali\u00a0 si\u0119 cz\u0142onkowie dw\u00f3ch sekcji zainteresowa\u0144 naszego Ko\u0142a. W poniedzia\u0142ek &#8211; 10 marca odby\u0142 si\u0119 trening strzelecki, a nast\u0119pnego dnia przygotowywali\u015bmy poczt\u00f3wki wielkanocne. Cieszymy si\u0119, \u017ce mamy\u00a0 w naszym gronie, przedstawicielk\u0119 m\u0142odego pokolenia &#8211; Majk\u0119, kt\u00f3ra systematycznie przychodzi na nasze warsztaty, a jakie ma pomys\u0142y! Gratulujemy Majce i pozosta\u0142ym uczestnikom weny tw\u00f3rczej.<\/p>\n","protected":false},"author":1,"featured_media":0,"comment_status":"open","ping_status":"open","sticky":false,"template":"","format":"standard","meta":{"footnotes":""},"categories":[1,11,8],"tags":[],"class_list":["post-1051","post","type-post","status-publish","format-standard","hentry","category-bez-kategorii","category-spotkania-artystyczne","category-zawody-strzeleckie"],"_links":{"self":[{"href":"https:\/\/www.milosnicylasu.olsztyn.pl\/index.php?rest_route=\/wp\/v2\/posts\/1051","targetHints":{"allow":["GET"]}}],"collection":[{"href":"https:\/\/www.milosnicylasu.olsztyn.pl\/index.php?rest_route=\/wp\/v2\/posts"}],"about":[{"href":"https:\/\/www.milosnicylasu.olsztyn.pl\/index.php?rest_route=\/wp\/v2\/types\/post"}],"author":[{"embeddable":true,"href":"https:\/\/www.milosnicylasu.olsztyn.pl\/index.php?rest_route=\/wp\/v2\/users\/1"}],"replies":[{"embeddable":true,"href":"https:\/\/www.milosnicylasu.olsztyn.pl\/index.php?rest_route=%2Fwp%2Fv2%2Fcomments&post=1051"}],"version-history":[{"count":4,"href":"https:\/\/www.milosnicylasu.olsztyn.pl\/index.php?rest_route=\/wp\/v2\/posts\/1051\/revisions"}],"predecessor-version":[{"id":1057,"href":"https:\/\/www.milosnicylasu.olsztyn.pl\/index.php?rest_route=\/wp\/v2\/posts\/1051\/revisions\/1057"}],"wp:attachment":[{"href":"https:\/\/www.milosnicylasu.olsztyn.pl\/index.php?rest_route=%2Fwp%2Fv2%2Fmedia&parent=1051"}],"wp:term":[{"taxonomy":"category","embeddable":true,"href":"https:\/\/www.milosnicylasu.olsztyn.pl\/index.php?rest_route=%2Fwp%2Fv2%2Fcategories&post=1051"},{"taxonomy":"post_tag","embeddable":true,"href":"https:\/\/www.milosnicylasu.olsztyn.pl\/index.php?rest_route=%2Fwp%2Fv2%2Ftags&post=1051"}],"curies":[{"name":"wp","href":"https:\/\/api.w.org\/{rel}","templated":true}]}}