{"id":1058,"date":"2014-03-20T14:03:42","date_gmt":"2014-03-20T13:03:42","guid":{"rendered":"http:\/\/www.milosnicylasu.olsztyn.pl\/?p=1058"},"modified":"2014-03-23T05:49:59","modified_gmt":"2014-03-23T04:49:59","slug":"zapraszamy-na-sobotni-rajd","status":"publish","type":"post","link":"https:\/\/www.milosnicylasu.olsztyn.pl\/?p=1058","title":{"rendered":"Zapraszamy na sobotni rajd"},"content":{"rendered":"<p><a href=\"http:\/\/www.milosnicylasu.olsztyn.pl\/wp-content\/uploads\/2014\/03\/P3150004-www.jpg\" data-rel=\"lightbox-image-0\" data-magnific_type=\"image\" data-rl_title=\"\" data-rl_caption=\"\" title=\"\"><img loading=\"lazy\" decoding=\"async\" class=\"alignleft size-medium wp-image-1062\" alt=\"P3150004-www\" src=\"http:\/\/www.milosnicylasu.olsztyn.pl\/wp-content\/uploads\/2014\/03\/P3150004-www-300x225.jpg\" width=\"300\" height=\"225\" srcset=\"https:\/\/www.milosnicylasu.olsztyn.pl\/wp-content\/uploads\/2014\/03\/P3150004-www-300x225.jpg 300w, https:\/\/www.milosnicylasu.olsztyn.pl\/wp-content\/uploads\/2014\/03\/P3150004-www-400x300.jpg 400w, https:\/\/www.milosnicylasu.olsztyn.pl\/wp-content\/uploads\/2014\/03\/P3150004-www.jpg 1024w\" sizes=\"auto, (max-width: 300px) 100vw, 300px\" \/><\/a>Jak w ka\u017cd\u0105\u00a0 sobot\u0119 &#8211; 22 marca 2014r. spotykamy si\u0119 o godzinie 10.00, aby ruszy\u0107 na w\u0119dr\u00f3wk\u0119. Zbi\u00f3rka pod ratuszem. Mamy nadziej\u0119, \u017ce b\u0119dzie pi\u0119kna pogoda, chocia\u017c my wsp\u00f3lnie w\u0119drujemy i bawimy si\u0119 \u015bwietnie nawet w deszczu. Zapraszamy, a na dow\u00f3d tego co napisa\u0142am zdj\u0119cia z ostatniego rajdu.<\/p>\n<p>I jeszcze z\u0142ota my\u015bl, kt\u00f3r\u0105 wyczytam ostatnio:<\/p>\n<p>&#8222;<strong><em>Ludzie nie dlatego przestaj\u0105 si\u0119 bawi\u0107, \u017ce si\u0119 starzej\u0105, lecz starzej\u0105 si\u0119, bo przestaj\u0105 si\u0119 bawi\u0107.&#8221;<a href=\"http:\/\/www.milosnicylasu.olsztyn.pl\/wp-content\/uploads\/2014\/03\/P3150025-www.jpg\" data-rel=\"lightbox-image-1\" data-magnific_type=\"image\" data-rl_title=\"\" data-rl_caption=\"\" title=\"\"><img loading=\"lazy\" decoding=\"async\" class=\"size-medium wp-image-1068 alignright\" alt=\"P3150025-www\" src=\"http:\/\/www.milosnicylasu.olsztyn.pl\/wp-content\/uploads\/2014\/03\/P3150025-www-300x225.jpg\" width=\"300\" height=\"225\" srcset=\"https:\/\/www.milosnicylasu.olsztyn.pl\/wp-content\/uploads\/2014\/03\/P3150025-www-300x225.jpg 300w, https:\/\/www.milosnicylasu.olsztyn.pl\/wp-content\/uploads\/2014\/03\/P3150025-www-400x300.jpg 400w, https:\/\/www.milosnicylasu.olsztyn.pl\/wp-content\/uploads\/2014\/03\/P3150025-www.jpg 1024w\" sizes=\"auto, (max-width: 300px) 100vw, 300px\" \/><\/a><\/em><\/strong><\/p>\n<div><\/div>\n<div><\/div>\n<p>&nbsp;<\/p>\n","protected":false},"excerpt":{"rendered":"<p>Jak w ka\u017cd\u0105\u00a0 sobot\u0119 &#8211; 22 marca 2014r. spotykamy si\u0119 o godzinie 10.00, aby ruszy\u0107 na w\u0119dr\u00f3wk\u0119. Zbi\u00f3rka pod ratuszem. Mamy nadziej\u0119, \u017ce b\u0119dzie pi\u0119kna pogoda, chocia\u017c my wsp\u00f3lnie w\u0119drujemy i bawimy si\u0119 \u015bwietnie nawet w deszczu. Zapraszamy, a na dow\u00f3d tego co napisa\u0142am zdj\u0119cia z ostatniego rajdu. I jeszcze z\u0142ota my\u015bl, kt\u00f3r\u0105 wyczytam ostatnio: [&hellip;]<\/p>\n","protected":false},"author":1,"featured_media":0,"comment_status":"open","ping_status":"open","sticky":false,"template":"","format":"standard","meta":{"footnotes":""},"categories":[1,2],"tags":[],"class_list":["post-1058","post","type-post","status-publish","format-standard","hentry","category-bez-kategorii","category-rajdy"],"_links":{"self":[{"href":"https:\/\/www.milosnicylasu.olsztyn.pl\/index.php?rest_route=\/wp\/v2\/posts\/1058","targetHints":{"allow":["GET"]}}],"collection":[{"href":"https:\/\/www.milosnicylasu.olsztyn.pl\/index.php?rest_route=\/wp\/v2\/posts"}],"about":[{"href":"https:\/\/www.milosnicylasu.olsztyn.pl\/index.php?rest_route=\/wp\/v2\/types\/post"}],"author":[{"embeddable":true,"href":"https:\/\/www.milosnicylasu.olsztyn.pl\/index.php?rest_route=\/wp\/v2\/users\/1"}],"replies":[{"embeddable":true,"href":"https:\/\/www.milosnicylasu.olsztyn.pl\/index.php?rest_route=%2Fwp%2Fv2%2Fcomments&post=1058"}],"version-history":[{"count":5,"href":"https:\/\/www.milosnicylasu.olsztyn.pl\/index.php?rest_route=\/wp\/v2\/posts\/1058\/revisions"}],"predecessor-version":[{"id":1069,"href":"https:\/\/www.milosnicylasu.olsztyn.pl\/index.php?rest_route=\/wp\/v2\/posts\/1058\/revisions\/1069"}],"wp:attachment":[{"href":"https:\/\/www.milosnicylasu.olsztyn.pl\/index.php?rest_route=%2Fwp%2Fv2%2Fmedia&parent=1058"}],"wp:term":[{"taxonomy":"category","embeddable":true,"href":"https:\/\/www.milosnicylasu.olsztyn.pl\/index.php?rest_route=%2Fwp%2Fv2%2Fcategories&post=1058"},{"taxonomy":"post_tag","embeddable":true,"href":"https:\/\/www.milosnicylasu.olsztyn.pl\/index.php?rest_route=%2Fwp%2Fv2%2Ftags&post=1058"}],"curies":[{"name":"wp","href":"https:\/\/api.w.org\/{rel}","templated":true}]}}