{"id":1070,"date":"2014-03-23T06:20:01","date_gmt":"2014-03-23T05:20:01","guid":{"rendered":"http:\/\/www.milosnicylasu.olsztyn.pl\/?p=1070"},"modified":"2014-03-23T06:39:16","modified_gmt":"2014-03-23T05:39:16","slug":"sobotnia-niespodzianka","status":"publish","type":"post","link":"https:\/\/www.milosnicylasu.olsztyn.pl\/?p=1070","title":{"rendered":"Sobotnia niespodzianka"},"content":{"rendered":"<p>W sobot\u0119, 22 marca 2014r., z inicjatywy Danusi Burcz, zwiedzali\u015bmy Stacj\u0119 Uzdatniania Wody\u00a0 &#8222;Karolin&#8221;, byli\u015bmy\u00a0te\u017c\u00a0na koncercie.<\/p>\n<p><a href=\"http:\/\/www.milosnicylasu.olsztyn.pl\/wp-content\/uploads\/2014\/03\/P3220008-www.jpg\" data-rel=\"lightbox-image-0\" data-magnific_type=\"image\" data-rl_title=\"\" data-rl_caption=\"\" title=\"\"><img loading=\"lazy\" decoding=\"async\" class=\"alignleft size-medium wp-image-1072\" alt=\"P3220008-www\" src=\"http:\/\/www.milosnicylasu.olsztyn.pl\/wp-content\/uploads\/2014\/03\/P3220008-www-300x225.jpg\" width=\"300\" height=\"225\" srcset=\"https:\/\/www.milosnicylasu.olsztyn.pl\/wp-content\/uploads\/2014\/03\/P3220008-www-300x225.jpg 300w, https:\/\/www.milosnicylasu.olsztyn.pl\/wp-content\/uploads\/2014\/03\/P3220008-www-400x300.jpg 400w, https:\/\/www.milosnicylasu.olsztyn.pl\/wp-content\/uploads\/2014\/03\/P3220008-www.jpg 1024w\" sizes=\"auto, (max-width: 300px) 100vw, 300px\" \/><\/a><\/p>\n<p>&nbsp;<\/p>\n<p>Z okazji \u015awiatowego Dnia Wody, Olszty\u0144skie Wodoci\u0105gi przygotowa\u0142y bogaty program, w ramach kt\u00f3rego specjalnym autobusem przejechali\u015bmy do SUW 'Karolin&#8221;, gdzie mogli\u015bmy zobaczy\u0107 i pos\u0142ucha\u0107 jakie potrzebne s\u0105 zabiegi\u00a0 aby \u00a0z naszych kran\u00f3w w domach pop\u0142yn\u0119\u0142a taka pyszna woda jak\u0105 mamy w Olsztynie. <a href=\"http:\/\/www.milosnicylasu.olsztyn.pl\/wp-content\/uploads\/2014\/03\/P3220006-www.jpg\" data-rel=\"lightbox-image-1\" data-magnific_type=\"image\" data-rl_title=\"\" data-rl_caption=\"\" title=\"\"><img loading=\"lazy\" decoding=\"async\" class=\"size-medium wp-image-1076 alignright\" alt=\"P3220006-www\" src=\"http:\/\/www.milosnicylasu.olsztyn.pl\/wp-content\/uploads\/2014\/03\/P3220006-www-300x225.jpg\" width=\"300\" height=\"225\" srcset=\"https:\/\/www.milosnicylasu.olsztyn.pl\/wp-content\/uploads\/2014\/03\/P3220006-www-300x225.jpg 300w, https:\/\/www.milosnicylasu.olsztyn.pl\/wp-content\/uploads\/2014\/03\/P3220006-www-400x300.jpg 400w, https:\/\/www.milosnicylasu.olsztyn.pl\/wp-content\/uploads\/2014\/03\/P3220006-www.jpg 1024w\" sizes=\"auto, (max-width: 300px) 100vw, 300px\" \/><\/a><\/p>\n<p>Nast\u0119pnie zostali\u015bmy zaproszeni na koncert Teatrzyku Piosenki satyrycznej Czy\u015bci jak \u0142za. <a href=\"http:\/\/www.milosnicylasu.olsztyn.pl\/wp-content\/uploads\/2014\/03\/P3220014-www.jpg\" data-rel=\"lightbox-image-2\" data-magnific_type=\"image\" data-rl_title=\"\" data-rl_caption=\"\" title=\"\"><img loading=\"lazy\" decoding=\"async\" class=\"size-medium wp-image-1074 alignright\" alt=\"P3220014-www\" src=\"http:\/\/www.milosnicylasu.olsztyn.pl\/wp-content\/uploads\/2014\/03\/P3220014-www-300x225.jpg\" width=\"300\" height=\"225\" srcset=\"https:\/\/www.milosnicylasu.olsztyn.pl\/wp-content\/uploads\/2014\/03\/P3220014-www-300x225.jpg 300w, https:\/\/www.milosnicylasu.olsztyn.pl\/wp-content\/uploads\/2014\/03\/P3220014-www-400x300.jpg 400w, https:\/\/www.milosnicylasu.olsztyn.pl\/wp-content\/uploads\/2014\/03\/P3220014-www.jpg 1024w\" sizes=\"auto, (max-width: 300px) 100vw, 300px\" \/><\/a>Po koncercie\u00a0 otrzymali\u015bmy upominki i\u00a0autobusy rozwioz\u0142y nas do dom\u00f3w. Tak w skr\u00f3cie wygl\u0105da\u0142a &#8222;sobotnia niespodzianka&#8221;.<\/p>\n<p>\u015awiatowy Dzie\u0144 Wody zosta\u0142 ustanowiony w 1992 roku przez Zgromadzenie ONZ. Ka\u017cdego roku obchody odbywaj\u0105 si\u0119 pod wybranym has\u0142em (w tym roku has\u0142em przewodnim jest &#8222;Woda i energia&#8221;), a ide\u0105 tego dnia jest u\u015bwiadomienie pa\u0144stwom cz\u0142onkowskim ogromnego wp\u0142ywu prawid\u0142owej gospodarki wodnej na ich kondycj\u0119. Celem obchod\u00f3w jest ci\u0105g\u0142e informowanie spo\u0142ecze\u0144stwa, \u017ce woda jest niezb\u0119dna do \u017cycia wszystkich organizm\u00f3w na ziemi.<\/p>\n","protected":false},"excerpt":{"rendered":"<p>W sobot\u0119, 22 marca 2014r., z inicjatywy Danusi Burcz, zwiedzali\u015bmy Stacj\u0119 Uzdatniania Wody\u00a0 &#8222;Karolin&#8221;, byli\u015bmy\u00a0te\u017c\u00a0na koncercie. &nbsp; Z okazji \u015awiatowego Dnia Wody, Olszty\u0144skie Wodoci\u0105gi przygotowa\u0142y bogaty program, w ramach kt\u00f3rego specjalnym autobusem przejechali\u015bmy do SUW 'Karolin&#8221;, gdzie mogli\u015bmy zobaczy\u0107 i pos\u0142ucha\u0107 jakie potrzebne s\u0105 zabiegi\u00a0 aby \u00a0z naszych kran\u00f3w w domach pop\u0142yn\u0119\u0142a taka pyszna woda [&hellip;]<\/p>\n","protected":false},"author":1,"featured_media":0,"comment_status":"open","ping_status":"open","sticky":false,"template":"","format":"standard","meta":{"footnotes":""},"categories":[1,9,2,5],"tags":[],"class_list":["post-1070","post","type-post","status-publish","format-standard","hentry","category-bez-kategorii","category-ciekawostki","category-rajdy","category-wycieczki"],"_links":{"self":[{"href":"https:\/\/www.milosnicylasu.olsztyn.pl\/index.php?rest_route=\/wp\/v2\/posts\/1070","targetHints":{"allow":["GET"]}}],"collection":[{"href":"https:\/\/www.milosnicylasu.olsztyn.pl\/index.php?rest_route=\/wp\/v2\/posts"}],"about":[{"href":"https:\/\/www.milosnicylasu.olsztyn.pl\/index.php?rest_route=\/wp\/v2\/types\/post"}],"author":[{"embeddable":true,"href":"https:\/\/www.milosnicylasu.olsztyn.pl\/index.php?rest_route=\/wp\/v2\/users\/1"}],"replies":[{"embeddable":true,"href":"https:\/\/www.milosnicylasu.olsztyn.pl\/index.php?rest_route=%2Fwp%2Fv2%2Fcomments&post=1070"}],"version-history":[{"count":4,"href":"https:\/\/www.milosnicylasu.olsztyn.pl\/index.php?rest_route=\/wp\/v2\/posts\/1070\/revisions"}],"predecessor-version":[{"id":1077,"href":"https:\/\/www.milosnicylasu.olsztyn.pl\/index.php?rest_route=\/wp\/v2\/posts\/1070\/revisions\/1077"}],"wp:attachment":[{"href":"https:\/\/www.milosnicylasu.olsztyn.pl\/index.php?rest_route=%2Fwp%2Fv2%2Fmedia&parent=1070"}],"wp:term":[{"taxonomy":"category","embeddable":true,"href":"https:\/\/www.milosnicylasu.olsztyn.pl\/index.php?rest_route=%2Fwp%2Fv2%2Fcategories&post=1070"},{"taxonomy":"post_tag","embeddable":true,"href":"https:\/\/www.milosnicylasu.olsztyn.pl\/index.php?rest_route=%2Fwp%2Fv2%2Ftags&post=1070"}],"curies":[{"name":"wp","href":"https:\/\/api.w.org\/{rel}","templated":true}]}}