{"id":1096,"date":"2014-04-07T19:44:31","date_gmt":"2014-04-07T17:44:31","guid":{"rendered":"http:\/\/www.milosnicylasu.olsztyn.pl\/?p=1096"},"modified":"2014-04-07T20:06:00","modified_gmt":"2014-04-07T18:06:00","slug":"spotkanie-3-kwietnia-2014r","status":"publish","type":"post","link":"https:\/\/www.milosnicylasu.olsztyn.pl\/?p=1096","title":{"rendered":"Spotkanie 3 kwietnia 2014r."},"content":{"rendered":"<p><a href=\"http:\/\/www.milosnicylasu.olsztyn.pl\/wp-content\/uploads\/2014\/04\/P4030002-www.jpg\" data-rel=\"lightbox-image-0\" data-magnific_type=\"image\" data-rl_title=\"\" data-rl_caption=\"\" title=\"\"><img loading=\"lazy\" decoding=\"async\" class=\"alignleft size-medium wp-image-1097\" alt=\"P4030002-www\" src=\"http:\/\/www.milosnicylasu.olsztyn.pl\/wp-content\/uploads\/2014\/04\/P4030002-www-300x225.jpg\" width=\"300\" height=\"225\" srcset=\"https:\/\/www.milosnicylasu.olsztyn.pl\/wp-content\/uploads\/2014\/04\/P4030002-www-300x225.jpg 300w, https:\/\/www.milosnicylasu.olsztyn.pl\/wp-content\/uploads\/2014\/04\/P4030002-www-400x300.jpg 400w, https:\/\/www.milosnicylasu.olsztyn.pl\/wp-content\/uploads\/2014\/04\/P4030002-www.jpg 1024w\" sizes=\"auto, (max-width: 300px) 100vw, 300px\" \/><\/a>3 kwietnia 2014r., 62 cz\u0142onk\u00f3w Ko\u0142a Mi\u0142o\u015bnik\u00f3w Lasu i Militari\u00f3w spotka\u0142o si\u0119 na kolejnym czwartku ekologicznym w Regionalnej Dyrekcji Las\u00f3w Pa\u0144stwowych w Olsztynie. \u00a0Mi\u0142o zaskoczy\u0142a nas pani Ma\u0142gorzata B\u0142yskun &#8211; nowy dyrektor RDLP w Olsztynie, kt\u00f3ra przysz\u0142a do nas na spotkanie. Obieca\u0142a te\u017c, \u017ce spotka si\u0119 z\u00a0nami w maju. <a href=\"http:\/\/www.milosnicylasu.olsztyn.pl\/wp-content\/uploads\/2014\/04\/P4030004-www.jpg\" data-rel=\"lightbox-image-1\" data-magnific_type=\"image\" data-rl_title=\"\" data-rl_caption=\"\" title=\"\"><img loading=\"lazy\" decoding=\"async\" class=\"size-medium wp-image-1100 alignright\" alt=\"P4030004-www\" src=\"http:\/\/www.milosnicylasu.olsztyn.pl\/wp-content\/uploads\/2014\/04\/P4030004-www-300x225.jpg\" width=\"300\" height=\"225\" srcset=\"https:\/\/www.milosnicylasu.olsztyn.pl\/wp-content\/uploads\/2014\/04\/P4030004-www-300x225.jpg 300w, https:\/\/www.milosnicylasu.olsztyn.pl\/wp-content\/uploads\/2014\/04\/P4030004-www-400x300.jpg 400w, https:\/\/www.milosnicylasu.olsztyn.pl\/wp-content\/uploads\/2014\/04\/P4030004-www.jpg 1024w\" sizes=\"auto, (max-width: 300px) 100vw, 300px\" \/><\/a>A nast\u0119pnie podczas\u00a0wyk\u0142adu\u00a0 Pana Tomasza Jarczyka pt. &#8222;Technologie Informatyczne stosowane w RDLP w Olsztynie&#8221; mogli\u015bmy dowiedzie\u0107 si\u0119 jak funkcjonuj\u0105 systemy, a nawet cz\u0119\u015b\u0107 urz\u0105dze\u0144 z jakich korzystaj\u0105 le\u015bnicy\u00a0zobaczy\u0107.<\/p>\n<p>&nbsp;<\/p>\n<p>Prezes Anatol Leszczy\u0144ski poinformowa\u0142 o wykonaniu planu pracy w marcu br. i przedstawi\u0142 propozycje na kwiecie\u0144, w tym zaproszenie do Le\u015bnej Bazy Lotniczej\u00a0 &#8211; w sobot\u0119 5 kwietnia br. i\u00a0wyjazd &#8211; 26 kwietnia, do Nadle\u015bnictwa Mr\u0105gowo na edukacj\u0119 le\u015bn\u0105.<\/p>\n<p>&nbsp;<\/p>\n","protected":false},"excerpt":{"rendered":"<p>3 kwietnia 2014r., 62 cz\u0142onk\u00f3w Ko\u0142a Mi\u0142o\u015bnik\u00f3w Lasu i Militari\u00f3w spotka\u0142o si\u0119 na kolejnym czwartku ekologicznym w Regionalnej Dyrekcji Las\u00f3w Pa\u0144stwowych w Olsztynie. \u00a0Mi\u0142o zaskoczy\u0142a nas pani Ma\u0142gorzata B\u0142yskun &#8211; nowy dyrektor RDLP w Olsztynie, kt\u00f3ra przysz\u0142a do nas na spotkanie. Obieca\u0142a te\u017c, \u017ce spotka si\u0119 z\u00a0nami w maju. A nast\u0119pnie podczas\u00a0wyk\u0142adu\u00a0 Pana Tomasza Jarczyka [&hellip;]<\/p>\n","protected":false},"author":1,"featured_media":0,"comment_status":"open","ping_status":"open","sticky":false,"template":"","format":"standard","meta":{"footnotes":""},"categories":[1,3],"tags":[],"class_list":["post-1096","post","type-post","status-publish","format-standard","hentry","category-bez-kategorii","category-zebrania"],"_links":{"self":[{"href":"https:\/\/www.milosnicylasu.olsztyn.pl\/index.php?rest_route=\/wp\/v2\/posts\/1096","targetHints":{"allow":["GET"]}}],"collection":[{"href":"https:\/\/www.milosnicylasu.olsztyn.pl\/index.php?rest_route=\/wp\/v2\/posts"}],"about":[{"href":"https:\/\/www.milosnicylasu.olsztyn.pl\/index.php?rest_route=\/wp\/v2\/types\/post"}],"author":[{"embeddable":true,"href":"https:\/\/www.milosnicylasu.olsztyn.pl\/index.php?rest_route=\/wp\/v2\/users\/1"}],"replies":[{"embeddable":true,"href":"https:\/\/www.milosnicylasu.olsztyn.pl\/index.php?rest_route=%2Fwp%2Fv2%2Fcomments&post=1096"}],"version-history":[{"count":3,"href":"https:\/\/www.milosnicylasu.olsztyn.pl\/index.php?rest_route=\/wp\/v2\/posts\/1096\/revisions"}],"predecessor-version":[{"id":1101,"href":"https:\/\/www.milosnicylasu.olsztyn.pl\/index.php?rest_route=\/wp\/v2\/posts\/1096\/revisions\/1101"}],"wp:attachment":[{"href":"https:\/\/www.milosnicylasu.olsztyn.pl\/index.php?rest_route=%2Fwp%2Fv2%2Fmedia&parent=1096"}],"wp:term":[{"taxonomy":"category","embeddable":true,"href":"https:\/\/www.milosnicylasu.olsztyn.pl\/index.php?rest_route=%2Fwp%2Fv2%2Fcategories&post=1096"},{"taxonomy":"post_tag","embeddable":true,"href":"https:\/\/www.milosnicylasu.olsztyn.pl\/index.php?rest_route=%2Fwp%2Fv2%2Ftags&post=1096"}],"curies":[{"name":"wp","href":"https:\/\/api.w.org\/{rel}","templated":true}]}}