{"id":1102,"date":"2014-04-08T06:57:41","date_gmt":"2014-04-08T04:57:41","guid":{"rendered":"http:\/\/www.milosnicylasu.olsztyn.pl\/?p=1102"},"modified":"2014-04-10T19:48:02","modified_gmt":"2014-04-10T17:48:02","slug":"1102","status":"publish","type":"post","link":"https:\/\/www.milosnicylasu.olsztyn.pl\/?p=1102","title":{"rendered":"Spotkanie w Le\u015bnej Bazie Lotniczej w Dajtkach"},"content":{"rendered":"<p><a href=\"http:\/\/www.milosnicylasu.olsztyn.pl\/wp-content\/uploads\/2014\/04\/P4050008-www.jpg\" data-rel=\"lightbox-image-0\" data-magnific_type=\"image\" data-rl_title=\"\" data-rl_caption=\"\" title=\"\"><img loading=\"lazy\" decoding=\"async\" class=\"alignleft size-medium wp-image-1103\" alt=\"P4050008-www\" src=\"http:\/\/www.milosnicylasu.olsztyn.pl\/wp-content\/uploads\/2014\/04\/P4050008-www-300x225.jpg\" width=\"300\" height=\"225\" srcset=\"https:\/\/www.milosnicylasu.olsztyn.pl\/wp-content\/uploads\/2014\/04\/P4050008-www-300x225.jpg 300w, https:\/\/www.milosnicylasu.olsztyn.pl\/wp-content\/uploads\/2014\/04\/P4050008-www-400x300.jpg 400w, https:\/\/www.milosnicylasu.olsztyn.pl\/wp-content\/uploads\/2014\/04\/P4050008-www.jpg 1024w\" sizes=\"auto, (max-width: 300px) 100vw, 300px\" \/><\/a>\u00a0Sobotni rajd &#8211; 5 kwietnia, rozpocz\u0119li\u015bmy na p\u0119tli autobus\u00f3w w Dajtkach, sk\u0105d przeszli\u015bmy do Le\u015bnej Bazy Lotniczej. Zobaczyli\u015bmy samoloty, kt\u00f3re b\u0119d\u0105 monitorowa\u0107 nasze lasy w okresie letnim i dowiedzieli\u015bmy si\u0119 wielu ciekawostek o pracy pilot\u00f3w.\u00a0By\u0142 to ju\u017c nasz drugi pobyt w go\u015bcinnej Bazie. Dzi\u0119kujemy Panu Arkadiuszowi Mrozowskiemu z RDLP w Olsztynie za zorganizowanie spotkania a pracownikom Bazy za\u00a0serdeczne przyj\u0119cie. Mogli\u015bmy rozpali\u0107\u00a0 ognisko, upiec\u00a0kie\u0142baski, przeprowadzi\u0107 konkurs z wiedzy przyrodniczo-le\u015bnej, w kt\u00f3rym pierwsze miejsce zaj\u0119\u0142a Teresa\u00a0 \u017bemojcin. Gratulujemy!<a href=\"http:\/\/www.milosnicylasu.olsztyn.pl\/wp-content\/uploads\/2014\/04\/P4050015-www.jpg\" data-rel=\"lightbox-image-1\" data-magnific_type=\"image\" data-rl_title=\"\" data-rl_caption=\"\" title=\"\"><img loading=\"lazy\" decoding=\"async\" class=\"size-medium wp-image-1105 alignright\" alt=\"P4050015-www\" src=\"http:\/\/www.milosnicylasu.olsztyn.pl\/wp-content\/uploads\/2014\/04\/P4050015-www-300x225.jpg\" width=\"300\" height=\"225\" srcset=\"https:\/\/www.milosnicylasu.olsztyn.pl\/wp-content\/uploads\/2014\/04\/P4050015-www-300x225.jpg 300w, https:\/\/www.milosnicylasu.olsztyn.pl\/wp-content\/uploads\/2014\/04\/P4050015-www-400x300.jpg 400w, https:\/\/www.milosnicylasu.olsztyn.pl\/wp-content\/uploads\/2014\/04\/P4050015-www.jpg 1024w\" sizes=\"auto, (max-width: 300px) 100vw, 300px\" \/><\/a><\/p>\n<p>&nbsp;<\/p>\n<p>Posileni, ruszyli\u015bmy lasem i brzegiem jeziora poszukiwa\u0107 wiosennych niespodzianek.<a href=\"http:\/\/www.milosnicylasu.olsztyn.pl\/wp-content\/uploads\/2014\/04\/P4050018-www.jpg\" data-rel=\"lightbox-image-2\" data-magnific_type=\"image\" data-rl_title=\"\" data-rl_caption=\"\" title=\"\"><img loading=\"lazy\" decoding=\"async\" class=\"alignleft size-medium wp-image-1104\" alt=\"P4050018-www\" src=\"http:\/\/www.milosnicylasu.olsztyn.pl\/wp-content\/uploads\/2014\/04\/P4050018-www-300x225.jpg\" width=\"300\" height=\"225\" srcset=\"https:\/\/www.milosnicylasu.olsztyn.pl\/wp-content\/uploads\/2014\/04\/P4050018-www-300x225.jpg 300w, https:\/\/www.milosnicylasu.olsztyn.pl\/wp-content\/uploads\/2014\/04\/P4050018-www-400x300.jpg 400w, https:\/\/www.milosnicylasu.olsztyn.pl\/wp-content\/uploads\/2014\/04\/P4050018-www.jpg 1024w\" sizes=\"auto, (max-width: 300px) 100vw, 300px\" \/><\/a><\/p>\n<p>&nbsp;<\/p>\n<p>&nbsp;<\/p>\n<p>I kto wie co tak kwitnie?<\/p>\n","protected":false},"excerpt":{"rendered":"<p>\u00a0Sobotni rajd &#8211; 5 kwietnia, rozpocz\u0119li\u015bmy na p\u0119tli autobus\u00f3w w Dajtkach, sk\u0105d przeszli\u015bmy do Le\u015bnej Bazy Lotniczej. Zobaczyli\u015bmy samoloty, kt\u00f3re b\u0119d\u0105 monitorowa\u0107 nasze lasy w okresie letnim i dowiedzieli\u015bmy si\u0119 wielu ciekawostek o pracy pilot\u00f3w.\u00a0By\u0142 to ju\u017c nasz drugi pobyt w go\u015bcinnej Bazie. Dzi\u0119kujemy Panu Arkadiuszowi Mrozowskiemu z RDLP w Olsztynie za zorganizowanie spotkania a [&hellip;]<\/p>\n","protected":false},"author":1,"featured_media":0,"comment_status":"open","ping_status":"open","sticky":false,"template":"","format":"standard","meta":{"footnotes":""},"categories":[9,2],"tags":[],"class_list":["post-1102","post","type-post","status-publish","format-standard","hentry","category-ciekawostki","category-rajdy"],"_links":{"self":[{"href":"https:\/\/www.milosnicylasu.olsztyn.pl\/index.php?rest_route=\/wp\/v2\/posts\/1102","targetHints":{"allow":["GET"]}}],"collection":[{"href":"https:\/\/www.milosnicylasu.olsztyn.pl\/index.php?rest_route=\/wp\/v2\/posts"}],"about":[{"href":"https:\/\/www.milosnicylasu.olsztyn.pl\/index.php?rest_route=\/wp\/v2\/types\/post"}],"author":[{"embeddable":true,"href":"https:\/\/www.milosnicylasu.olsztyn.pl\/index.php?rest_route=\/wp\/v2\/users\/1"}],"replies":[{"embeddable":true,"href":"https:\/\/www.milosnicylasu.olsztyn.pl\/index.php?rest_route=%2Fwp%2Fv2%2Fcomments&post=1102"}],"version-history":[{"count":5,"href":"https:\/\/www.milosnicylasu.olsztyn.pl\/index.php?rest_route=\/wp\/v2\/posts\/1102\/revisions"}],"predecessor-version":[{"id":1110,"href":"https:\/\/www.milosnicylasu.olsztyn.pl\/index.php?rest_route=\/wp\/v2\/posts\/1102\/revisions\/1110"}],"wp:attachment":[{"href":"https:\/\/www.milosnicylasu.olsztyn.pl\/index.php?rest_route=%2Fwp%2Fv2%2Fmedia&parent=1102"}],"wp:term":[{"taxonomy":"category","embeddable":true,"href":"https:\/\/www.milosnicylasu.olsztyn.pl\/index.php?rest_route=%2Fwp%2Fv2%2Fcategories&post=1102"},{"taxonomy":"post_tag","embeddable":true,"href":"https:\/\/www.milosnicylasu.olsztyn.pl\/index.php?rest_route=%2Fwp%2Fv2%2Ftags&post=1102"}],"curies":[{"name":"wp","href":"https:\/\/api.w.org\/{rel}","templated":true}]}}