{"id":1117,"date":"2014-04-22T12:04:39","date_gmt":"2014-04-22T10:04:39","guid":{"rendered":"http:\/\/www.milosnicylasu.olsztyn.pl\/?p=1117"},"modified":"2014-04-22T12:05:25","modified_gmt":"2014-04-22T10:05:25","slug":"zaproszenie","status":"publish","type":"post","link":"https:\/\/www.milosnicylasu.olsztyn.pl\/?p=1117","title":{"rendered":"Zaproszenie"},"content":{"rendered":"<p>Serdecznie zapraszamy na wernisa\u017c wystawy malarstwa Barbary Kowalewskiej. Wernisa\u017c odb\u0119dzie si\u0119 25 kwietnia o godzinie 17.00 w Galerii Baka\u0142arz, przy ulicy Natalii \u017barskiej 1.\/siedziba Biblioteki Pedagogicznej\/.<\/p>\n","protected":false},"excerpt":{"rendered":"<p>Serdecznie zapraszamy na wernisa\u017c wystawy malarstwa Barbary Kowalewskiej. Wernisa\u017c odb\u0119dzie si\u0119 25 kwietnia o godzinie 17.00 w Galerii Baka\u0142arz, przy ulicy Natalii \u017barskiej 1.\/siedziba Biblioteki Pedagogicznej\/.<\/p>\n","protected":false},"author":1,"featured_media":0,"comment_status":"open","ping_status":"open","sticky":false,"template":"","format":"standard","meta":{"footnotes":""},"categories":[1],"tags":[],"class_list":["post-1117","post","type-post","status-publish","format-standard","hentry","category-bez-kategorii"],"_links":{"self":[{"href":"https:\/\/www.milosnicylasu.olsztyn.pl\/index.php?rest_route=\/wp\/v2\/posts\/1117","targetHints":{"allow":["GET"]}}],"collection":[{"href":"https:\/\/www.milosnicylasu.olsztyn.pl\/index.php?rest_route=\/wp\/v2\/posts"}],"about":[{"href":"https:\/\/www.milosnicylasu.olsztyn.pl\/index.php?rest_route=\/wp\/v2\/types\/post"}],"author":[{"embeddable":true,"href":"https:\/\/www.milosnicylasu.olsztyn.pl\/index.php?rest_route=\/wp\/v2\/users\/1"}],"replies":[{"embeddable":true,"href":"https:\/\/www.milosnicylasu.olsztyn.pl\/index.php?rest_route=%2Fwp%2Fv2%2Fcomments&post=1117"}],"version-history":[{"count":2,"href":"https:\/\/www.milosnicylasu.olsztyn.pl\/index.php?rest_route=\/wp\/v2\/posts\/1117\/revisions"}],"predecessor-version":[{"id":1119,"href":"https:\/\/www.milosnicylasu.olsztyn.pl\/index.php?rest_route=\/wp\/v2\/posts\/1117\/revisions\/1119"}],"wp:attachment":[{"href":"https:\/\/www.milosnicylasu.olsztyn.pl\/index.php?rest_route=%2Fwp%2Fv2%2Fmedia&parent=1117"}],"wp:term":[{"taxonomy":"category","embeddable":true,"href":"https:\/\/www.milosnicylasu.olsztyn.pl\/index.php?rest_route=%2Fwp%2Fv2%2Fcategories&post=1117"},{"taxonomy":"post_tag","embeddable":true,"href":"https:\/\/www.milosnicylasu.olsztyn.pl\/index.php?rest_route=%2Fwp%2Fv2%2Ftags&post=1117"}],"curies":[{"name":"wp","href":"https:\/\/api.w.org\/{rel}","templated":true}]}}