{"id":1144,"date":"2014-04-29T11:15:59","date_gmt":"2014-04-29T09:15:59","guid":{"rendered":"http:\/\/www.milosnicylasu.olsztyn.pl\/?p=1144"},"modified":"2014-05-02T10:51:35","modified_gmt":"2014-05-02T08:51:35","slug":"posadzilismy-las","status":"publish","type":"post","link":"https:\/\/www.milosnicylasu.olsztyn.pl\/?p=1144","title":{"rendered":"Posadzili\u015bmy las"},"content":{"rendered":"<p>Lasy Pa\u0144stwowe maja ju\u017c 90 lat. Z tej okazji grupa 50 os\u00f3b z naszego Ko\u0142a wyruszy\u0142a do Nadle\u015bnictwa Mr\u0105gowo, aby uczci\u0107 ten jubileusz posadzeniem d\u0119bowego lasu. Gospodarzami naszego pobytu byli Nadle\u015bniczy pan Jaros\u0142aw B\u0142yskun i Z-ca Nadle\u015bniczego Pan Stanis\u0142aw Warpechowski.<\/p>\n<p><a href=\"http:\/\/www.milosnicylasu.olsztyn.pl\/wp-content\/uploads\/2014\/04\/P4260014-www.jpg\" data-rel=\"lightbox-image-0\" data-magnific_type=\"image\" data-rl_title=\"\" data-rl_caption=\"\" title=\"\"><img loading=\"lazy\" decoding=\"async\" class=\"alignleft size-medium wp-image-1145\" alt=\"P4260014-www\" src=\"http:\/\/www.milosnicylasu.olsztyn.pl\/wp-content\/uploads\/2014\/04\/P4260014-www-300x225.jpg\" width=\"300\" height=\"225\" srcset=\"https:\/\/www.milosnicylasu.olsztyn.pl\/wp-content\/uploads\/2014\/04\/P4260014-www-300x225.jpg 300w, https:\/\/www.milosnicylasu.olsztyn.pl\/wp-content\/uploads\/2014\/04\/P4260014-www-400x300.jpg 400w, https:\/\/www.milosnicylasu.olsztyn.pl\/wp-content\/uploads\/2014\/04\/P4260014-www.jpg 1024w\" sizes=\"auto, (max-width: 300px) 100vw, 300px\" \/><\/a>Z Panem Jaros\u0142awem B\u0142yskunem przeszli\u015bmy \u015bcie\u017ck\u0105 dydaktyczno-ekologiczn\u0105 zlokalizowan\u0105 na p\u00f3\u0142wyspie jeziora Lampackiego, znajduj\u0105cego si\u0119 w obr\u0119bie wsi Sorkwity. Zauroczy\u0142a nas majestatyczna aleja jesionowa, pi\u0119kne stare drzewa \/w wieku do 250 lat\/\u00a0d\u0119by, sosny, graby,\u015bwierki, buki oraz modrzewie europejskie. Dowiedzieli\u015bmy si\u0119 wielu ciekawostek o dawnych mieszka\u0144cach tych teren\u00f3w, a szczeg\u00f3lnie o dawnych w\u0142a\u015bcicielach Sorkwit (Bronikowskich, Mirbach\u00f3w, Poleskie). <a href=\"http:\/\/www.milosnicylasu.olsztyn.pl\/wp-content\/uploads\/2014\/04\/P4260049-www.jpg\" data-rel=\"lightbox-image-1\" data-magnific_type=\"image\" data-rl_title=\"\" data-rl_caption=\"\" title=\"\"><img loading=\"lazy\" decoding=\"async\" class=\"size-medium wp-image-1146 alignright\" alt=\"P4260049-www\" src=\"http:\/\/www.milosnicylasu.olsztyn.pl\/wp-content\/uploads\/2014\/04\/P4260049-www-300x225.jpg\" width=\"300\" height=\"225\" srcset=\"https:\/\/www.milosnicylasu.olsztyn.pl\/wp-content\/uploads\/2014\/04\/P4260049-www-300x225.jpg 300w, https:\/\/www.milosnicylasu.olsztyn.pl\/wp-content\/uploads\/2014\/04\/P4260049-www-400x300.jpg 400w, https:\/\/www.milosnicylasu.olsztyn.pl\/wp-content\/uploads\/2014\/04\/P4260049-www.jpg 1024w\" sizes=\"auto, (max-width: 300px) 100vw, 300px\" \/><\/a><\/p>\n<p>Zobaczyli\u015bmy pozosta\u0142o\u015bci dawnej winnicy &#8211; skarpy z kamieni, na kt\u00f3rej w 1852 roku za\u0142o\u017cono winnic\u0119 jak r\u00f3wnie\u017c \u00a0pozosta\u0142o\u015bci po grobowcu dawnych w\u0142a\u015bcicieli pobliskiego pa\u0142acu.<\/p>\n<p>&nbsp;<\/p>\n<p>Nast\u0119pnie podziwiaj\u0105c z okien autokaru pi\u0119kne krajobrazy polodowcowe, kt\u00f3rych cech\u0105 jest skupienie du\u017cych, naturalnych zbiornik\u00f3w wodnych oraz zwarte kompleksy le\u015bne, przejechali\u015bmy do Le\u015bnictwa Borowo.<\/p>\n<p><a href=\"http:\/\/www.milosnicylasu.olsztyn.pl\/wp-content\/uploads\/2014\/04\/P4260133-www.jpg\" data-rel=\"lightbox-image-2\" data-magnific_type=\"image\" data-rl_title=\"\" data-rl_caption=\"\" title=\"\"><img loading=\"lazy\" decoding=\"async\" class=\"alignleft size-medium wp-image-1149\" alt=\"P4260133-www\" src=\"http:\/\/www.milosnicylasu.olsztyn.pl\/wp-content\/uploads\/2014\/04\/P4260133-www-300x225.jpg\" width=\"300\" height=\"225\" srcset=\"https:\/\/www.milosnicylasu.olsztyn.pl\/wp-content\/uploads\/2014\/04\/P4260133-www-300x225.jpg 300w, https:\/\/www.milosnicylasu.olsztyn.pl\/wp-content\/uploads\/2014\/04\/P4260133-www-1024x768.jpg 1024w, https:\/\/www.milosnicylasu.olsztyn.pl\/wp-content\/uploads\/2014\/04\/P4260133-www-400x300.jpg 400w, https:\/\/www.milosnicylasu.olsztyn.pl\/wp-content\/uploads\/2014\/04\/P4260133-www.jpg 1280w\" sizes=\"auto, (max-width: 300px) 100vw, 300px\" \/><\/a>. \u00a0 \u00a0 \u00a0 \u00a0 \u00a0 \u00a0 \u00a0 \u00a0 \u00a0 \u00a0 \u00a0 \u00a0 \u00a0 \u00a0 \u00a0 \u00a0 \u00a0 \u00a0 \u00a0 \u00a0 \u00a0 \u00a0 \u00a0 \u00a0 \u00a0 \u00a0 \u00a0 \u00a0 \u00a0 \u00a0Tam, pod kierunkiem Z-cy Nadle\u015bniczego Pana Stanis\u0142awa Warpechowskiego i jego wsp\u00f3\u0142pracownik\u00f3w posadzili\u015bmy ok. 20 ar\u00f3w d\u0119bowego lasu<\/p>\n<p>&nbsp;<\/p>\n<p>&nbsp;<\/p>\n<p><img loading=\"lazy\" decoding=\"async\" class=\"alignleft size-medium wp-image-1147\" style=\"color: #333333; font-style: normal;\" alt=\"P4260109-www\" src=\"http:\/\/www.milosnicylasu.olsztyn.pl\/wp-content\/uploads\/2014\/04\/P4260109-www-300x225.jpg\" width=\"300\" height=\"225\" srcset=\"https:\/\/www.milosnicylasu.olsztyn.pl\/wp-content\/uploads\/2014\/04\/P4260109-www-300x225.jpg 300w, https:\/\/www.milosnicylasu.olsztyn.pl\/wp-content\/uploads\/2014\/04\/P4260109-www-400x300.jpg 400w, https:\/\/www.milosnicylasu.olsztyn.pl\/wp-content\/uploads\/2014\/04\/P4260109-www.jpg 1024w\" sizes=\"auto, (max-width: 300px) 100vw, 300px\" \/><\/p>\n<p>&nbsp;<\/p>\n<p>&nbsp;<\/p>\n<p>&nbsp;<\/p>\n<p>Na pami\u0105tk\u0119 tego wydarzenia umieszczona zosta\u0142a tabliczka z tre\u015bci\u0105:<\/p>\n<p>&nbsp;<\/p>\n<p><strong>Powierzchnia odnowiona w ramach obchod\u00f3w 90-lecia Las\u00f3w Pa\u0144stwowych przez Ko\u0142o Mi\u0142o\u015bnik\u00f3w Lasu i Militari\u00f3w LOK przy ATW w Olsztynie<\/strong><\/p>\n<p><strong>Mr\u0105gowo 26 kwietnia 2014r. \u00a0<\/strong><\/p>\n<p><a href=\"http:\/\/www.milosnicylasu.olsztyn.pl\/wp-content\/uploads\/2014\/04\/P4260166-www.jpg\" data-rel=\"lightbox-image-3\" data-magnific_type=\"image\" data-rl_title=\"\" data-rl_caption=\"\" title=\"\"><img loading=\"lazy\" decoding=\"async\" class=\"alignleft size-medium wp-image-1148\" alt=\"P4260166-www\" src=\"http:\/\/www.milosnicylasu.olsztyn.pl\/wp-content\/uploads\/2014\/04\/P4260166-www-300x225.jpg\" width=\"300\" height=\"225\" srcset=\"https:\/\/www.milosnicylasu.olsztyn.pl\/wp-content\/uploads\/2014\/04\/P4260166-www-300x225.jpg 300w, https:\/\/www.milosnicylasu.olsztyn.pl\/wp-content\/uploads\/2014\/04\/P4260166-www-400x300.jpg 400w, https:\/\/www.milosnicylasu.olsztyn.pl\/wp-content\/uploads\/2014\/04\/P4260166-www.jpg 1024w\" sizes=\"auto, (max-width: 300px) 100vw, 300px\" \/><\/a><\/p>\n<p>&nbsp;<\/p>\n<p>&nbsp;<\/p>\n<p>&nbsp;<\/p>\n<p>&nbsp;<\/p>\n<p><a href=\"http:\/\/www.milosnicylasu.olsztyn.pl\/wp-content\/uploads\/2014\/04\/P4260201-www.jpg\" data-rel=\"lightbox-image-4\" data-magnific_type=\"image\" data-rl_title=\"\" data-rl_caption=\"\" title=\"\"><img loading=\"lazy\" decoding=\"async\" class=\"size-medium wp-image-1150 alignright\" alt=\"P4260201-www\" src=\"http:\/\/www.milosnicylasu.olsztyn.pl\/wp-content\/uploads\/2014\/04\/P4260201-www-300x225.jpg\" width=\"300\" height=\"225\" srcset=\"https:\/\/www.milosnicylasu.olsztyn.pl\/wp-content\/uploads\/2014\/04\/P4260201-www-300x225.jpg 300w, https:\/\/www.milosnicylasu.olsztyn.pl\/wp-content\/uploads\/2014\/04\/P4260201-www-400x300.jpg 400w, https:\/\/www.milosnicylasu.olsztyn.pl\/wp-content\/uploads\/2014\/04\/P4260201-www.jpg 1024w\" sizes=\"auto, (max-width: 300px) 100vw, 300px\" \/><\/a><\/p>\n<p>&nbsp;<\/p>\n<p><span style=\"color: #333333; font-style: normal; line-height: 24.375px;\">Nast\u0119pnie strudzeni uczestnicy akcji mogli odpocz\u0105\u0107 \u00a0przy ognisku i posili\u0107 si\u0119 pysznymi kie\u0142baskami.<\/span><\/p>\n<p>&nbsp;<\/p>\n<p>&nbsp;<\/p>\n<p>&nbsp;<\/p>\n<p>Nasz pobyt w Nadle\u015bnictwie zako\u0144czyli\u015bmy na G\u00f3rze Czterech Wiatr\u00f3w w Mr\u0105gowie, gdzie Pan Nadle\u015bniczy Jaros\u0142aw B\u0142yskun zapozna\u0142 nas z histori\u0105 Mr\u0105gowa i sk\u0105d podziwiali\u015bmy okolice jeziora Czos.<\/p>\n<p><img loading=\"lazy\" decoding=\"async\" class=\"size-medium wp-image-1151 alignright\" alt=\"P4260206-www\" src=\"http:\/\/www.milosnicylasu.olsztyn.pl\/wp-content\/uploads\/2014\/04\/P4260206-www-300x225.jpg\" width=\"300\" height=\"225\" srcset=\"https:\/\/www.milosnicylasu.olsztyn.pl\/wp-content\/uploads\/2014\/04\/P4260206-www-300x225.jpg 300w, https:\/\/www.milosnicylasu.olsztyn.pl\/wp-content\/uploads\/2014\/04\/P4260206-www-400x300.jpg 400w, https:\/\/www.milosnicylasu.olsztyn.pl\/wp-content\/uploads\/2014\/04\/P4260206-www.jpg 1024w\" sizes=\"auto, (max-width: 300px) 100vw, 300px\" \/><\/p>\n<p>&nbsp;<\/p>\n<p>Dzi\u0119kujemy Le\u015bnikom za go\u015bcin\u0119, za serdeczno\u015b\u0107, za wiedz\u0119, le\u015bn\u0105 i historyczn\u0105.\u00a0I do zobaczenia!<\/p>\n<p>&nbsp;<\/p>\n<blockquote><p><strong>\u00a0<\/strong><\/p>\n<p>&nbsp;<\/p>\n<p>&nbsp;<\/p>\n<p>&nbsp;<\/p><\/blockquote>\n","protected":false},"excerpt":{"rendered":"<p>Lasy Pa\u0144stwowe maja ju\u017c 90 lat. Z tej okazji grupa 50 os\u00f3b z naszego Ko\u0142a wyruszy\u0142a do Nadle\u015bnictwa Mr\u0105gowo, aby uczci\u0107 ten jubileusz posadzeniem d\u0119bowego lasu. Gospodarzami naszego pobytu byli Nadle\u015bniczy pan Jaros\u0142aw B\u0142yskun i Z-ca Nadle\u015bniczego Pan Stanis\u0142aw Warpechowski. Z Panem Jaros\u0142awem B\u0142yskunem przeszli\u015bmy \u015bcie\u017ck\u0105 dydaktyczno-ekologiczn\u0105 zlokalizowan\u0105 na p\u00f3\u0142wyspie jeziora Lampackiego, znajduj\u0105cego si\u0119 w [&hellip;]<\/p>\n","protected":false},"author":1,"featured_media":0,"comment_status":"open","ping_status":"open","sticky":false,"template":"","format":"standard","meta":{"footnotes":""},"categories":[9,5],"tags":[],"class_list":["post-1144","post","type-post","status-publish","format-standard","hentry","category-ciekawostki","category-wycieczki"],"_links":{"self":[{"href":"https:\/\/www.milosnicylasu.olsztyn.pl\/index.php?rest_route=\/wp\/v2\/posts\/1144","targetHints":{"allow":["GET"]}}],"collection":[{"href":"https:\/\/www.milosnicylasu.olsztyn.pl\/index.php?rest_route=\/wp\/v2\/posts"}],"about":[{"href":"https:\/\/www.milosnicylasu.olsztyn.pl\/index.php?rest_route=\/wp\/v2\/types\/post"}],"author":[{"embeddable":true,"href":"https:\/\/www.milosnicylasu.olsztyn.pl\/index.php?rest_route=\/wp\/v2\/users\/1"}],"replies":[{"embeddable":true,"href":"https:\/\/www.milosnicylasu.olsztyn.pl\/index.php?rest_route=%2Fwp%2Fv2%2Fcomments&post=1144"}],"version-history":[{"count":4,"href":"https:\/\/www.milosnicylasu.olsztyn.pl\/index.php?rest_route=\/wp\/v2\/posts\/1144\/revisions"}],"predecessor-version":[{"id":1159,"href":"https:\/\/www.milosnicylasu.olsztyn.pl\/index.php?rest_route=\/wp\/v2\/posts\/1144\/revisions\/1159"}],"wp:attachment":[{"href":"https:\/\/www.milosnicylasu.olsztyn.pl\/index.php?rest_route=%2Fwp%2Fv2%2Fmedia&parent=1144"}],"wp:term":[{"taxonomy":"category","embeddable":true,"href":"https:\/\/www.milosnicylasu.olsztyn.pl\/index.php?rest_route=%2Fwp%2Fv2%2Fcategories&post=1144"},{"taxonomy":"post_tag","embeddable":true,"href":"https:\/\/www.milosnicylasu.olsztyn.pl\/index.php?rest_route=%2Fwp%2Fv2%2Ftags&post=1144"}],"curies":[{"name":"wp","href":"https:\/\/api.w.org\/{rel}","templated":true}]}}