{"id":1162,"date":"2014-05-11T06:53:56","date_gmt":"2014-05-11T04:53:56","guid":{"rendered":"http:\/\/www.milosnicylasu.olsztyn.pl\/?p=1162"},"modified":"2014-05-11T10:47:06","modified_gmt":"2014-05-11T08:47:06","slug":"podziekowanie-2","status":"publish","type":"post","link":"https:\/\/www.milosnicylasu.olsztyn.pl\/?p=1162","title":{"rendered":"Podzi\u0119kowanie"},"content":{"rendered":"<p><a href=\"http:\/\/www.milosnicylasu.olsztyn.pl\/wp-content\/uploads\/2014\/05\/P5060204www.jpg\" data-rel=\"lightbox-image-0\" data-magnific_type=\"image\" data-rl_title=\"\" data-rl_caption=\"\" title=\"\"><img loading=\"lazy\" decoding=\"async\" class=\"alignleft size-medium wp-image-1164\" alt=\"P5060204www\" src=\"http:\/\/www.milosnicylasu.olsztyn.pl\/wp-content\/uploads\/2014\/05\/P5060204www-225x300.jpg\" width=\"225\" height=\"300\" srcset=\"https:\/\/www.milosnicylasu.olsztyn.pl\/wp-content\/uploads\/2014\/05\/P5060204www-225x300.jpg 225w, https:\/\/www.milosnicylasu.olsztyn.pl\/wp-content\/uploads\/2014\/05\/P5060204www.jpg 768w\" sizes=\"auto, (max-width: 225px) 100vw, 225px\" \/><\/a><\/p>\n<p>&nbsp;<\/p>\n<p>&nbsp;<\/p>\n<p>&nbsp;<\/p>\n<p>W ratuszu odby\u0142o si\u0119 uroczyste spotkanie na kt\u00f3rym otrzymali\u015bmy podzi\u0119kowanie za zaanga\u017cowanie w Wielkiej Orkiestrze \u015awi\u0105tecznej Pomocy.<\/p>\n<p>&nbsp;<\/p>\n<p>&nbsp;<\/p>\n<p>Bior\u0105cymi udzia\u0142 w akcji by\u0142o wielu cz\u0142onk\u00f3w naszego Ko\u0142a, a stoisko przyrodniczo-le\u015bne, razem z le\u015bnikami i przedstawicielami Ligi Ochrony Przyrody, obs\u0142ugiwali: <strong>Anatol Leszczy\u0144ski, Grzegorz Kluczek, Ryszard Chudziakiewicz i Tadeusz Pampuch.<\/strong><\/p>\n<p><img loading=\"lazy\" decoding=\"async\" class=\"size-medium wp-image-1165 alignright\" alt=\"P5060208-www\" src=\"http:\/\/www.milosnicylasu.olsztyn.pl\/wp-content\/uploads\/2014\/05\/P5060208-www-300x225.jpg\" width=\"300\" height=\"225\" srcset=\"https:\/\/www.milosnicylasu.olsztyn.pl\/wp-content\/uploads\/2014\/05\/P5060208-www-300x225.jpg 300w, https:\/\/www.milosnicylasu.olsztyn.pl\/wp-content\/uploads\/2014\/05\/P5060208-www-400x300.jpg 400w, https:\/\/www.milosnicylasu.olsztyn.pl\/wp-content\/uploads\/2014\/05\/P5060208-www.jpg 1024w\" sizes=\"auto, (max-width: 300px) 100vw, 300px\" \/><\/p>\n<p>Prezydent Piotr Grzymowicz powiedzia\u0142 m.in. &#8222;My\u015bl\u0119, \u017ce Wielka Orkiestra \u015awi\u0105tecznej Pomocy zaspokaja nasz\u0105 naturaln\u0105 potrzeb\u0119 bycia dobrym, a przynajmniej lepszym ni\u017c na co dzie\u0144 jeste\u015bmy. Potrzeb\u0119 cz\u0119sto t\u0142umion\u0105 k\u0142opotami dnia codziennego, ale g\u0142\u0119boko ludzk\u0105 i humanitarn\u0105. Orkiestra potrafi\u0142a odkry\u0107 w nas nasz\u0105 lepsz\u0105 stron\u0119 i pokaza\u0107, \u017ce Polak Polakowi mo\u017ce by\u0107 bratem&#8221;.<\/p>\n<p style=\"color: #333333; font-style: normal; line-height: 24.375px;\">\n<p>&nbsp;<\/p>\n<p>&nbsp;<\/p>\n<p>&nbsp;<\/p>\n","protected":false},"excerpt":{"rendered":"<p>&nbsp; &nbsp; &nbsp; W ratuszu odby\u0142o si\u0119 uroczyste spotkanie na kt\u00f3rym otrzymali\u015bmy podzi\u0119kowanie za zaanga\u017cowanie w Wielkiej Orkiestrze \u015awi\u0105tecznej Pomocy. &nbsp; &nbsp; Bior\u0105cymi udzia\u0142 w akcji by\u0142o wielu cz\u0142onk\u00f3w naszego Ko\u0142a, a stoisko przyrodniczo-le\u015bne, razem z le\u015bnikami i przedstawicielami Ligi Ochrony Przyrody, obs\u0142ugiwali: Anatol Leszczy\u0144ski, Grzegorz Kluczek, Ryszard Chudziakiewicz i Tadeusz Pampuch. Prezydent Piotr Grzymowicz [&hellip;]<\/p>\n","protected":false},"author":1,"featured_media":0,"comment_status":"open","ping_status":"open","sticky":false,"template":"","format":"standard","meta":{"footnotes":""},"categories":[1,9],"tags":[],"class_list":["post-1162","post","type-post","status-publish","format-standard","hentry","category-bez-kategorii","category-ciekawostki"],"_links":{"self":[{"href":"https:\/\/www.milosnicylasu.olsztyn.pl\/index.php?rest_route=\/wp\/v2\/posts\/1162","targetHints":{"allow":["GET"]}}],"collection":[{"href":"https:\/\/www.milosnicylasu.olsztyn.pl\/index.php?rest_route=\/wp\/v2\/posts"}],"about":[{"href":"https:\/\/www.milosnicylasu.olsztyn.pl\/index.php?rest_route=\/wp\/v2\/types\/post"}],"author":[{"embeddable":true,"href":"https:\/\/www.milosnicylasu.olsztyn.pl\/index.php?rest_route=\/wp\/v2\/users\/1"}],"replies":[{"embeddable":true,"href":"https:\/\/www.milosnicylasu.olsztyn.pl\/index.php?rest_route=%2Fwp%2Fv2%2Fcomments&post=1162"}],"version-history":[{"count":4,"href":"https:\/\/www.milosnicylasu.olsztyn.pl\/index.php?rest_route=\/wp\/v2\/posts\/1162\/revisions"}],"predecessor-version":[{"id":1191,"href":"https:\/\/www.milosnicylasu.olsztyn.pl\/index.php?rest_route=\/wp\/v2\/posts\/1162\/revisions\/1191"}],"wp:attachment":[{"href":"https:\/\/www.milosnicylasu.olsztyn.pl\/index.php?rest_route=%2Fwp%2Fv2%2Fmedia&parent=1162"}],"wp:term":[{"taxonomy":"category","embeddable":true,"href":"https:\/\/www.milosnicylasu.olsztyn.pl\/index.php?rest_route=%2Fwp%2Fv2%2Fcategories&post=1162"},{"taxonomy":"post_tag","embeddable":true,"href":"https:\/\/www.milosnicylasu.olsztyn.pl\/index.php?rest_route=%2Fwp%2Fv2%2Ftags&post=1162"}],"curies":[{"name":"wp","href":"https:\/\/api.w.org\/{rel}","templated":true}]}}