{"id":1175,"date":"2014-05-11T08:07:45","date_gmt":"2014-05-11T06:07:45","guid":{"rendered":"http:\/\/www.milosnicylasu.olsztyn.pl\/?p=1175"},"modified":"2014-05-11T10:38:55","modified_gmt":"2014-05-11T08:38:55","slug":"majowy-czwartek-ekologiczny","status":"publish","type":"post","link":"https:\/\/www.milosnicylasu.olsztyn.pl\/?p=1175","title":{"rendered":"Majowy czwartek ekologiczny"},"content":{"rendered":"<p><a href=\"http:\/\/www.milosnicylasu.olsztyn.pl\/wp-content\/uploads\/2014\/05\/P5080210-www.jpg\" data-rel=\"lightbox-image-0\" data-magnific_type=\"image\" data-rl_title=\"\" data-rl_caption=\"\" title=\"\"><img loading=\"lazy\" decoding=\"async\" class=\"alignleft size-medium wp-image-1176\" alt=\"P5080210-www\" src=\"http:\/\/www.milosnicylasu.olsztyn.pl\/wp-content\/uploads\/2014\/05\/P5080210-www-300x225.jpg\" width=\"300\" height=\"225\" srcset=\"https:\/\/www.milosnicylasu.olsztyn.pl\/wp-content\/uploads\/2014\/05\/P5080210-www-300x225.jpg 300w, https:\/\/www.milosnicylasu.olsztyn.pl\/wp-content\/uploads\/2014\/05\/P5080210-www-400x300.jpg 400w, https:\/\/www.milosnicylasu.olsztyn.pl\/wp-content\/uploads\/2014\/05\/P5080210-www.jpg 1024w\" sizes=\"auto, (max-width: 300px) 100vw, 300px\" \/><\/a><\/p>\n<p>&nbsp;<\/p>\n<p>8 maja 2014 roku, spotkali\u015bmy si\u0119 w RDLP w Olsztynie. Wys\u0142uchali\u015bmy ciekawego wyk\u0142adu pana Rafa\u0142a Zagroby z Zespo\u0142u Ochrony Lasu w Olsztynie pt.: &#8222;<strong>Miernikowce szkodniki drzewostan\u00f3w li\u015bciastych&#8221;.<\/strong> Dowiedzieli\u015bmy si\u0119 jak wa\u017cna jest ochrona lasu \u00a0przed owadami &#8211; profilaktyka i usuwanie skutk\u00f3w dzia\u0142alno\u015bci szkodnik\u00f3w owadzich w r\u00f3\u017cnych fazach rozwojowych drzewostan\u00f3w.<\/p>\n<p><a href=\"http:\/\/www.milosnicylasu.olsztyn.pl\/wp-content\/uploads\/2014\/05\/P5080213-www.jpg\" data-rel=\"lightbox-image-1\" data-magnific_type=\"image\" data-rl_title=\"\" data-rl_caption=\"\" title=\"\"><img loading=\"lazy\" decoding=\"async\" class=\"size-medium wp-image-1177 alignright\" alt=\"P5080213-www\" src=\"http:\/\/www.milosnicylasu.olsztyn.pl\/wp-content\/uploads\/2014\/05\/P5080213-www-300x225.jpg\" width=\"300\" height=\"225\" srcset=\"https:\/\/www.milosnicylasu.olsztyn.pl\/wp-content\/uploads\/2014\/05\/P5080213-www-300x225.jpg 300w, https:\/\/www.milosnicylasu.olsztyn.pl\/wp-content\/uploads\/2014\/05\/P5080213-www-400x300.jpg 400w, https:\/\/www.milosnicylasu.olsztyn.pl\/wp-content\/uploads\/2014\/05\/P5080213-www.jpg 1024w\" sizes=\"auto, (max-width: 300px) 100vw, 300px\" \/><\/a><\/p>\n<p>Prezes Anatol Leszczy\u0144ski przedstawi\u0142 wykonanie planu pracy w kwietniu &#8211; rajdy, wycieczki, spotkania oraz zamierzenie na maj br. \u00a0Zaprosi\u0142 na sobotnie rajdy, wycieczk\u0119 do Nadle\u015bnictwa Orneta i jubileuszowe spotkanie\/ tak, tak, to ju\u017c 5 lat\/ \u00a0do O\u015brodka Marengo, kt\u00f3re planowane jest na 31 maja 2014 r., a g\u0142\u00f3wnym organizatorem jest Tereska Go\u0142\u0119biewska. Odp\u0142atno\u015b\u0107 w wysoko\u015bci 30 z\u0142 b\u0119dzie mo\u017cna jeszcze wp\u0142aci\u0107 w najbli\u017cszy wtorek \/13.05\/ w MOK-u, przed wyk\u0142adem. \u00a0Zapraszamy!<\/p>\n<p>Zosta\u0142y wr\u0119czone dyplomy dla najlepszych strzelc\u00f3w, w ostatnich zawodach oraz legitymacje cz\u0142onkowskie dla nowych cz\u0142onk\u00f3w.<a href=\"http:\/\/www.milosnicylasu.olsztyn.pl\/wp-content\/uploads\/2014\/05\/P5080227-www.jpg\" data-rel=\"lightbox-image-2\" data-magnific_type=\"image\" data-rl_title=\"\" data-rl_caption=\"\" title=\"\"><img loading=\"lazy\" decoding=\"async\" class=\"alignleft size-medium wp-image-1178\" alt=\"P5080227-www\" src=\"http:\/\/www.milosnicylasu.olsztyn.pl\/wp-content\/uploads\/2014\/05\/P5080227-www-300x225.jpg\" width=\"300\" height=\"225\" srcset=\"https:\/\/www.milosnicylasu.olsztyn.pl\/wp-content\/uploads\/2014\/05\/P5080227-www-300x225.jpg 300w, https:\/\/www.milosnicylasu.olsztyn.pl\/wp-content\/uploads\/2014\/05\/P5080227-www-400x300.jpg 400w, https:\/\/www.milosnicylasu.olsztyn.pl\/wp-content\/uploads\/2014\/05\/P5080227-www.jpg 1024w\" sizes=\"auto, (max-width: 300px) 100vw, 300px\" \/><\/a><\/p>\n<p>Najlepszym strzelcom gratulujemy, wszystkich zapraszamy do trening\u00f3w, a z nowych os\u00f3b w naszym Kole \u00a0bardzo si\u0119 cieszymy.<\/p>\n","protected":false},"excerpt":{"rendered":"<p>&nbsp; 8 maja 2014 roku, spotkali\u015bmy si\u0119 w RDLP w Olsztynie. Wys\u0142uchali\u015bmy ciekawego wyk\u0142adu pana Rafa\u0142a Zagroby z Zespo\u0142u Ochrony Lasu w Olsztynie pt.: &#8222;Miernikowce szkodniki drzewostan\u00f3w li\u015bciastych&#8221;. Dowiedzieli\u015bmy si\u0119 jak wa\u017cna jest ochrona lasu \u00a0przed owadami &#8211; profilaktyka i usuwanie skutk\u00f3w dzia\u0142alno\u015bci szkodnik\u00f3w owadzich w r\u00f3\u017cnych fazach rozwojowych drzewostan\u00f3w. Prezes Anatol Leszczy\u0144ski przedstawi\u0142 wykonanie [&hellip;]<\/p>\n","protected":false},"author":1,"featured_media":0,"comment_status":"open","ping_status":"open","sticky":false,"template":"","format":"standard","meta":{"footnotes":""},"categories":[1,9,8,3],"tags":[],"class_list":["post-1175","post","type-post","status-publish","format-standard","hentry","category-bez-kategorii","category-ciekawostki","category-zawody-strzeleckie","category-zebrania"],"_links":{"self":[{"href":"https:\/\/www.milosnicylasu.olsztyn.pl\/index.php?rest_route=\/wp\/v2\/posts\/1175","targetHints":{"allow":["GET"]}}],"collection":[{"href":"https:\/\/www.milosnicylasu.olsztyn.pl\/index.php?rest_route=\/wp\/v2\/posts"}],"about":[{"href":"https:\/\/www.milosnicylasu.olsztyn.pl\/index.php?rest_route=\/wp\/v2\/types\/post"}],"author":[{"embeddable":true,"href":"https:\/\/www.milosnicylasu.olsztyn.pl\/index.php?rest_route=\/wp\/v2\/users\/1"}],"replies":[{"embeddable":true,"href":"https:\/\/www.milosnicylasu.olsztyn.pl\/index.php?rest_route=%2Fwp%2Fv2%2Fcomments&post=1175"}],"version-history":[{"count":3,"href":"https:\/\/www.milosnicylasu.olsztyn.pl\/index.php?rest_route=\/wp\/v2\/posts\/1175\/revisions"}],"predecessor-version":[{"id":1188,"href":"https:\/\/www.milosnicylasu.olsztyn.pl\/index.php?rest_route=\/wp\/v2\/posts\/1175\/revisions\/1188"}],"wp:attachment":[{"href":"https:\/\/www.milosnicylasu.olsztyn.pl\/index.php?rest_route=%2Fwp%2Fv2%2Fmedia&parent=1175"}],"wp:term":[{"taxonomy":"category","embeddable":true,"href":"https:\/\/www.milosnicylasu.olsztyn.pl\/index.php?rest_route=%2Fwp%2Fv2%2Fcategories&post=1175"},{"taxonomy":"post_tag","embeddable":true,"href":"https:\/\/www.milosnicylasu.olsztyn.pl\/index.php?rest_route=%2Fwp%2Fv2%2Ftags&post=1175"}],"curies":[{"name":"wp","href":"https:\/\/api.w.org\/{rel}","templated":true}]}}