{"id":1195,"date":"2014-05-19T07:19:44","date_gmt":"2014-05-19T05:19:44","guid":{"rendered":"http:\/\/www.milosnicylasu.olsztyn.pl\/?p=1195"},"modified":"2014-05-19T07:19:44","modified_gmt":"2014-05-19T05:19:44","slug":"sobotni-rajd-17-maja-2014r","status":"publish","type":"post","link":"https:\/\/www.milosnicylasu.olsztyn.pl\/?p=1195","title":{"rendered":"Sobotni rajd 17 maja 2014r"},"content":{"rendered":"<p><a href=\"http:\/\/www.milosnicylasu.olsztyn.pl\/wp-content\/uploads\/2014\/05\/P5170300-www.jpg\" data-rel=\"lightbox-image-0\" data-magnific_type=\"image\" data-rl_title=\"\" data-rl_caption=\"\" title=\"\"><img loading=\"lazy\" decoding=\"async\" class=\"alignleft size-medium wp-image-1196\" alt=\"P5170300-www\" src=\"http:\/\/www.milosnicylasu.olsztyn.pl\/wp-content\/uploads\/2014\/05\/P5170300-www-300x225.jpg\" width=\"300\" height=\"225\" srcset=\"https:\/\/www.milosnicylasu.olsztyn.pl\/wp-content\/uploads\/2014\/05\/P5170300-www-300x225.jpg 300w, https:\/\/www.milosnicylasu.olsztyn.pl\/wp-content\/uploads\/2014\/05\/P5170300-www-400x300.jpg 400w, https:\/\/www.milosnicylasu.olsztyn.pl\/wp-content\/uploads\/2014\/05\/P5170300-www.jpg 1024w\" sizes=\"auto, (max-width: 300px) 100vw, 300px\" \/><\/a>Imieniny Zosi i dyskusja o konieczno\u015bci w\u0142\u0105czenia si\u0119 do pracy w naszym Kole szerszej grupy cz\u0142onk\u00f3w &#8211; \u00a0to g\u0142\u00f3wne sprawy, kt\u00f3re zaj\u0119\u0142y nam czas podczas odpoczynku. Zawsze u\u015bmiechni\u0119tej Zosi, \u00a0\u017cyczymy du\u017co zdrowia, nieustaj\u0105cej pogody ducha, spe\u0142nienia najskrytszych marze\u0144.<\/p>\n<p>&nbsp;<\/p>\n<p>Tym razem przeszli\u015bmy sporo kilometr\u00f3w &#8211; mo\u017ce ok. 9 km. Fajna pogoda &#8211; ciep\u0142o, wiosenna ziele\u0144 i \u015bpiewaj\u0105ce ptaki, sprzyja\u0142y spacerowi, w czasie kt\u00f3rego by\u0142y i zaskakuj\u0105ce spotkania.<a href=\"http:\/\/www.milosnicylasu.olsztyn.pl\/wp-content\/uploads\/2014\/05\/P5180348-www.jpg\" data-rel=\"lightbox-image-1\" data-magnific_type=\"image\" data-rl_title=\"\" data-rl_caption=\"\" title=\"\"><img loading=\"lazy\" decoding=\"async\" class=\"size-medium wp-image-1197 alignright\" alt=\"P5180348-www\" src=\"http:\/\/www.milosnicylasu.olsztyn.pl\/wp-content\/uploads\/2014\/05\/P5180348-www-300x225.jpg\" width=\"300\" height=\"225\" srcset=\"https:\/\/www.milosnicylasu.olsztyn.pl\/wp-content\/uploads\/2014\/05\/P5180348-www-300x225.jpg 300w, https:\/\/www.milosnicylasu.olsztyn.pl\/wp-content\/uploads\/2014\/05\/P5180348-www-400x300.jpg 400w, https:\/\/www.milosnicylasu.olsztyn.pl\/wp-content\/uploads\/2014\/05\/P5180348-www.jpg 1024w\" sizes=\"auto, (max-width: 300px) 100vw, 300px\" \/><\/a><\/p>\n<p>&nbsp;<\/p>\n","protected":false},"excerpt":{"rendered":"<p>Imieniny Zosi i dyskusja o konieczno\u015bci w\u0142\u0105czenia si\u0119 do pracy w naszym Kole szerszej grupy cz\u0142onk\u00f3w &#8211; \u00a0to g\u0142\u00f3wne sprawy, kt\u00f3re zaj\u0119\u0142y nam czas podczas odpoczynku. Zawsze u\u015bmiechni\u0119tej Zosi, \u00a0\u017cyczymy du\u017co zdrowia, nieustaj\u0105cej pogody ducha, spe\u0142nienia najskrytszych marze\u0144. &nbsp; Tym razem przeszli\u015bmy sporo kilometr\u00f3w &#8211; mo\u017ce ok. 9 km. Fajna pogoda &#8211; ciep\u0142o, wiosenna ziele\u0144 [&hellip;]<\/p>\n","protected":false},"author":1,"featured_media":0,"comment_status":"open","ping_status":"open","sticky":false,"template":"","format":"standard","meta":{"footnotes":""},"categories":[1,9,2],"tags":[],"class_list":["post-1195","post","type-post","status-publish","format-standard","hentry","category-bez-kategorii","category-ciekawostki","category-rajdy"],"_links":{"self":[{"href":"https:\/\/www.milosnicylasu.olsztyn.pl\/index.php?rest_route=\/wp\/v2\/posts\/1195","targetHints":{"allow":["GET"]}}],"collection":[{"href":"https:\/\/www.milosnicylasu.olsztyn.pl\/index.php?rest_route=\/wp\/v2\/posts"}],"about":[{"href":"https:\/\/www.milosnicylasu.olsztyn.pl\/index.php?rest_route=\/wp\/v2\/types\/post"}],"author":[{"embeddable":true,"href":"https:\/\/www.milosnicylasu.olsztyn.pl\/index.php?rest_route=\/wp\/v2\/users\/1"}],"replies":[{"embeddable":true,"href":"https:\/\/www.milosnicylasu.olsztyn.pl\/index.php?rest_route=%2Fwp%2Fv2%2Fcomments&post=1195"}],"version-history":[{"count":1,"href":"https:\/\/www.milosnicylasu.olsztyn.pl\/index.php?rest_route=\/wp\/v2\/posts\/1195\/revisions"}],"predecessor-version":[{"id":1198,"href":"https:\/\/www.milosnicylasu.olsztyn.pl\/index.php?rest_route=\/wp\/v2\/posts\/1195\/revisions\/1198"}],"wp:attachment":[{"href":"https:\/\/www.milosnicylasu.olsztyn.pl\/index.php?rest_route=%2Fwp%2Fv2%2Fmedia&parent=1195"}],"wp:term":[{"taxonomy":"category","embeddable":true,"href":"https:\/\/www.milosnicylasu.olsztyn.pl\/index.php?rest_route=%2Fwp%2Fv2%2Fcategories&post=1195"},{"taxonomy":"post_tag","embeddable":true,"href":"https:\/\/www.milosnicylasu.olsztyn.pl\/index.php?rest_route=%2Fwp%2Fv2%2Ftags&post=1195"}],"curies":[{"name":"wp","href":"https:\/\/api.w.org\/{rel}","templated":true}]}}