{"id":12,"date":"2013-03-13T10:17:24","date_gmt":"2013-03-13T09:17:24","guid":{"rendered":"http:\/\/www.milosnicylasu.olsztyn.pl\/?p=12"},"modified":"2013-03-31T20:27:22","modified_gmt":"2013-03-31T18:27:22","slug":"cenny-medal-dla-kmlim-lok-przy-atw-w-olsztynie","status":"publish","type":"post","link":"https:\/\/www.milosnicylasu.olsztyn.pl\/?p=12","title":{"rendered":"Cenny medal dla KMLiM LOK przy ATW w Olsztynie"},"content":{"rendered":"<div><a href=\"http:\/\/www.milosnicylasu.olsztyn.pl\/?attachment_id=51\" rel=\"attachment wp-att-51\"><img loading=\"lazy\" decoding=\"async\" class=\"alignnone size-medium wp-image-51\" alt=\"PICT0087\" src=\"http:\/\/www.milosnicylasu.olsztyn.pl\/wp-content\/uploads\/2013\/03\/PICT0087-300x225.jpg\" width=\"300\" height=\"225\" srcset=\"https:\/\/www.milosnicylasu.olsztyn.pl\/wp-content\/uploads\/2013\/03\/PICT0087-300x225.jpg 300w, https:\/\/www.milosnicylasu.olsztyn.pl\/wp-content\/uploads\/2013\/03\/PICT0087-1024x768.jpg 1024w, https:\/\/www.milosnicylasu.olsztyn.pl\/wp-content\/uploads\/2013\/03\/PICT0087.jpg 1600w\" sizes=\"auto, (max-width: 300px) 100vw, 300px\" \/><\/a><a href=\"http:\/\/www.milosnicylasu.olsztyn.pl\/?attachment_id=45\" rel=\"attachment wp-att-45\"><img loading=\"lazy\" decoding=\"async\" class=\"alignnone size-medium wp-image-45\" alt=\"PICT0079\" src=\"http:\/\/www.milosnicylasu.olsztyn.pl\/wp-content\/uploads\/2013\/03\/PICT0079-300x225.jpg\" width=\"300\" height=\"225\" srcset=\"https:\/\/www.milosnicylasu.olsztyn.pl\/wp-content\/uploads\/2013\/03\/PICT0079-300x225.jpg 300w, https:\/\/www.milosnicylasu.olsztyn.pl\/wp-content\/uploads\/2013\/03\/PICT0079-1024x768.jpg 1024w, https:\/\/www.milosnicylasu.olsztyn.pl\/wp-content\/uploads\/2013\/03\/PICT0079.jpg 1600w\" sizes=\"auto, (max-width: 300px) 100vw, 300px\" \/><\/a><\/div>\n<div>Ko\u0142o Mi\u0142o\u015bnik\u00f3w Lasu i Militari\u00f3w LOK przy ATW w Olsztynie zosta\u0142o odznaczone przez Zarz\u0105d G\u0142\u00f3wny LOK w Warszawie Medalem Za Zas\u0142ugi Dla Ligi Obrony Kraju.<\/div>\n<p>&nbsp;<\/p>\n<div>Przyznaj\u0105c tak wysokie odznaczenie, Zarz\u0105d podkre\u015bli\u0142, \u017ce medal jest dowodem uznania za dotychczasow\u0105 czteroletni\u0105, wszechstronn\u0105 dzia\u0142alno\u015b\u0107 Ko\u0142a i zaanga\u017cowanie wielu os\u00f3b w rozwijanie pasji ludzi starszych. Doceni\u0142 te\u017c dzia\u0142ania Ko\u0142a zmierzaj\u0105ce do integracji pokole\u0144 \u2013 wsp\u00f3lne rajdy, zawody strzeleckie, kuligi. Zauwa\u017cone zosta\u0142y te\u017c dzia\u0142ania Ko\u0142a na rzecz ca\u0142ego spo\u0142ecze\u0144stwa takie jak coroczne, kilkakrotne sprz\u0105tanie lasu, sadzenie lasu, aktywne w\u0142\u0105czanie si\u0119 w Wielk\u0105 Orkiestr\u0119 \u015awi\u0105tecznej Pomocy.<\/div>\n<p>&nbsp;<\/p>\n<div>Przyjmuj\u0105c to odznaczenie, chcemy podkre\u015bli\u0107, \u017ce jeste\u015bmy zaszczyceni, a jednocze\u015bnie zobowi\u0105zani do rozwijania naszej dzia\u0142alno\u015bci.<\/div>\n<p>&nbsp;<\/p>\n","protected":false},"excerpt":{"rendered":"<p>Ko\u0142o Mi\u0142o\u015bnik\u00f3w Lasu i Militari\u00f3w LOK przy ATW w Olsztynie zosta\u0142o odznaczone przez Zarz\u0105d G\u0142\u00f3wny LOK w Warszawie Medalem Za Zas\u0142ugi Dla Ligi Obrony Kraju. &nbsp; Przyznaj\u0105c tak wysokie odznaczenie, Zarz\u0105d podkre\u015bli\u0142, \u017ce medal jest dowodem uznania za dotychczasow\u0105 czteroletni\u0105, wszechstronn\u0105 dzia\u0142alno\u015b\u0107 Ko\u0142a i zaanga\u017cowanie wielu os\u00f3b w rozwijanie pasji ludzi starszych. Doceni\u0142 te\u017c dzia\u0142ania [&hellip;]<\/p>\n","protected":false},"author":1,"featured_media":0,"comment_status":"open","ping_status":"open","sticky":false,"template":"","format":"standard","meta":{"footnotes":""},"categories":[6],"tags":[],"class_list":["post-12","post","type-post","status-publish","format-standard","hentry","category-odznaczenia"],"_links":{"self":[{"href":"https:\/\/www.milosnicylasu.olsztyn.pl\/index.php?rest_route=\/wp\/v2\/posts\/12","targetHints":{"allow":["GET"]}}],"collection":[{"href":"https:\/\/www.milosnicylasu.olsztyn.pl\/index.php?rest_route=\/wp\/v2\/posts"}],"about":[{"href":"https:\/\/www.milosnicylasu.olsztyn.pl\/index.php?rest_route=\/wp\/v2\/types\/post"}],"author":[{"embeddable":true,"href":"https:\/\/www.milosnicylasu.olsztyn.pl\/index.php?rest_route=\/wp\/v2\/users\/1"}],"replies":[{"embeddable":true,"href":"https:\/\/www.milosnicylasu.olsztyn.pl\/index.php?rest_route=%2Fwp%2Fv2%2Fcomments&post=12"}],"version-history":[{"count":9,"href":"https:\/\/www.milosnicylasu.olsztyn.pl\/index.php?rest_route=\/wp\/v2\/posts\/12\/revisions"}],"predecessor-version":[{"id":14,"href":"https:\/\/www.milosnicylasu.olsztyn.pl\/index.php?rest_route=\/wp\/v2\/posts\/12\/revisions\/14"}],"wp:attachment":[{"href":"https:\/\/www.milosnicylasu.olsztyn.pl\/index.php?rest_route=%2Fwp%2Fv2%2Fmedia&parent=12"}],"wp:term":[{"taxonomy":"category","embeddable":true,"href":"https:\/\/www.milosnicylasu.olsztyn.pl\/index.php?rest_route=%2Fwp%2Fv2%2Fcategories&post=12"},{"taxonomy":"post_tag","embeddable":true,"href":"https:\/\/www.milosnicylasu.olsztyn.pl\/index.php?rest_route=%2Fwp%2Fv2%2Ftags&post=12"}],"curies":[{"name":"wp","href":"https:\/\/api.w.org\/{rel}","templated":true}]}}