{"id":1207,"date":"2014-05-27T15:42:03","date_gmt":"2014-05-27T13:42:03","guid":{"rendered":"http:\/\/www.milosnicylasu.olsztyn.pl\/?p=1207"},"modified":"2014-05-28T16:20:44","modified_gmt":"2014-05-28T14:20:44","slug":"edukacja-przyrodniczo-lesna-w-nadlesnictwie-orneta","status":"publish","type":"post","link":"https:\/\/www.milosnicylasu.olsztyn.pl\/?p=1207","title":{"rendered":"Edukacja przyrodniczo-le\u015bna w Nadle\u015bnictwie Orneta"},"content":{"rendered":"<p><a href=\"http:\/\/www.milosnicylasu.olsztyn.pl\/wp-content\/uploads\/2014\/05\/P5240207-www.jpg\" data-rel=\"lightbox-image-0\" data-magnific_type=\"image\" data-rl_title=\"\" data-rl_caption=\"\" title=\"\"><img loading=\"lazy\" decoding=\"async\" class=\"alignleft size-medium wp-image-1208\" alt=\"P5240207-www\" src=\"http:\/\/www.milosnicylasu.olsztyn.pl\/wp-content\/uploads\/2014\/05\/P5240207-www-300x225.jpg\" width=\"300\" height=\"225\" srcset=\"https:\/\/www.milosnicylasu.olsztyn.pl\/wp-content\/uploads\/2014\/05\/P5240207-www-300x225.jpg 300w, https:\/\/www.milosnicylasu.olsztyn.pl\/wp-content\/uploads\/2014\/05\/P5240207-www-400x300.jpg 400w, https:\/\/www.milosnicylasu.olsztyn.pl\/wp-content\/uploads\/2014\/05\/P5240207-www.jpg 1024w\" sizes=\"auto, (max-width: 300px) 100vw, 300px\" \/><\/a><\/p>\n<p>&nbsp;<\/p>\n<p>26 maja 2014 r. grupa 50 cz\u0142onk\u00f3w Ko\u0142a Mi\u0142o\u015bnik\u00f3w Lasu i Militari\u00f3w LOK \u00a0przy ATW w Olsztynie odwiedzi\u0142a <strong>Nadle\u015bnictwo Orneta.<\/strong><\/p>\n<p>&nbsp;<\/p>\n<p>&nbsp;<\/p>\n<p><img loading=\"lazy\" decoding=\"async\" class=\"size-medium wp-image-1209 alignright\" style=\"color: #333333; font-style: normal; line-height: 24.375px;\" alt=\"P5240133-www\" src=\"http:\/\/www.milosnicylasu.olsztyn.pl\/wp-content\/uploads\/2014\/05\/P5240133-www-300x225.jpg\" width=\"300\" height=\"225\" srcset=\"https:\/\/www.milosnicylasu.olsztyn.pl\/wp-content\/uploads\/2014\/05\/P5240133-www-300x225.jpg 300w, https:\/\/www.milosnicylasu.olsztyn.pl\/wp-content\/uploads\/2014\/05\/P5240133-www-400x300.jpg 400w, https:\/\/www.milosnicylasu.olsztyn.pl\/wp-content\/uploads\/2014\/05\/P5240133-www.jpg 1024w\" sizes=\"auto, (max-width: 300px) 100vw, 300px\" \/><\/p>\n<p>Zaprosi\u0142 nas <strong>nadle\u015bniczy Pan Piotr Matusik<\/strong>, kt\u00f3ry ca\u0142y dzie\u0144 sp\u0119dzi\u0142 z nami. Dzi\u0119ki Panu Piotrowi zobaczyli\u015bmy dwa pi\u0119kne, zabytkowe ko\u015bcio\u0142y w Kro\u015bnie i Chwal\u0119cinie, cz\u0119\u015b\u0107 fortyfikacji niemieckich, wybudowanych w latach trzydziestych ubieg\u0142ego wieku i w Rezerwacie Doliny Wa\u0142szy \u00a0przeszli\u015bmy \u015bcie\u017ck\u0105 edukacyjn\u0105 \u00a0&#8222;Czarci Jar&#8221;.<a href=\"http:\/\/www.milosnicylasu.olsztyn.pl\/wp-content\/uploads\/2014\/05\/P5240074-www.jpg\" data-rel=\"lightbox-image-1\" data-magnific_type=\"image\" data-rl_title=\"\" data-rl_caption=\"\" title=\"\"><img loading=\"lazy\" decoding=\"async\" class=\"alignleft size-medium wp-image-1210\" alt=\"P5240074-www\" src=\"http:\/\/www.milosnicylasu.olsztyn.pl\/wp-content\/uploads\/2014\/05\/P5240074-www-300x225.jpg\" width=\"300\" height=\"225\" srcset=\"https:\/\/www.milosnicylasu.olsztyn.pl\/wp-content\/uploads\/2014\/05\/P5240074-www-300x225.jpg 300w, https:\/\/www.milosnicylasu.olsztyn.pl\/wp-content\/uploads\/2014\/05\/P5240074-www-400x300.jpg 400w, https:\/\/www.milosnicylasu.olsztyn.pl\/wp-content\/uploads\/2014\/05\/P5240074-www.jpg 1024w\" sizes=\"auto, (max-width: 300px) 100vw, 300px\" \/><\/a><\/p>\n<p><strong>Sanktuarium Maryjne w Kro\u015bnie. <\/strong>Plany budowy ko\u015bcio\u0142a wzorowane by\u0142y na sanktuarium w \u015awi\u0119tej Lipce. <strong>8 wrze\u015bnia 1720 roku<\/strong> konsekracji wspania\u0142ej \u015bwi\u0105tyni pod wezwaniem Nawiedzenia Naj\u015bwi\u0119tszej Maryi Panny i \u015bw. J\u00f3zefa dokona\u0142 biskup warmi\u0144ski Teodor Andrzej Potocki, p\u00f3\u017aniejszy prymas Polski. O historii ko\u015bcio\u0142a opowiedzia\u0142 nam proboszcz i kustosz sanktuarium ks. kanonik Andrzej Kru\u017cycki, \u00a0serdecznie zapraszaj\u0105c \u00a0pielgrzym\u00f3w i turyst\u00f3w na warmi\u0144sk\u0105 krain\u0119 -\u015awiet\u0105 Warmi\u0119, kt\u00f3rej historia i tera\u017aniejszo\u015b\u0107 tak pi\u0119knie \u0142\u0105cz\u0105 si\u0119 z Polsk\u0105. \u00a0<a href=\"http:\/\/www.milosnicylasu.olsztyn.pl\/wp-content\/uploads\/2014\/04\/P4210061-www.jpg\" data-rel=\"lightbox-image-2\" data-magnific_type=\"image\" data-rl_title=\"\" data-rl_caption=\"\" title=\"\"><img loading=\"lazy\" decoding=\"async\" class=\"size-medium wp-image-1132 alignright\" alt=\"P4210061-www\" src=\"http:\/\/www.milosnicylasu.olsztyn.pl\/wp-content\/uploads\/2014\/04\/P4210061-www-300x225.jpg\" width=\"300\" height=\"225\" srcset=\"https:\/\/www.milosnicylasu.olsztyn.pl\/wp-content\/uploads\/2014\/04\/P4210061-www-300x225.jpg 300w, https:\/\/www.milosnicylasu.olsztyn.pl\/wp-content\/uploads\/2014\/04\/P4210061-www-400x300.jpg 400w, https:\/\/www.milosnicylasu.olsztyn.pl\/wp-content\/uploads\/2014\/04\/P4210061-www.jpg 1024w\" sizes=\"auto, (max-width: 300px) 100vw, 300px\" \/><\/a><\/p>\n<p>&nbsp;<\/p>\n<p><strong>Ko\u015bci\u00f3\u0142 Podwy\u017cszenia Krzy\u017ca \u015awi\u0119tego w Chwal\u0119cinie.<\/strong> Konsekracji ko\u015bcio\u0142a dokona\u0142 biskup Jan Krzysztof Szembek <strong>13 czerwca 1728 roku.<\/strong> On to umie\u015bci\u0142 w o\u0142tarzu s\u0142yn\u0105cy \u0142askami krucyfiks oraz relikwie , m.in. \u015bw.Krzysztofa. Sam krucyfiks datowany jest na oko\u0142o 1400 roku. Pomimo zniszcze\u0144 pewnych detali ko\u015bci\u00f3\u0142 w niezmienionym stanie przetrwa\u0142 do dnia dzisiejszego. \u00a0Ko\u015bci\u00f3\u0142 pi\u0119kny, urokliwy, wymagaj\u0105cy jednak wielu stara\u0144, nak\u0142ad\u00f3w finansowych, aby mog\u0142y w nim modli\u0107 si\u0119 i \u00a0nast\u0119pne pokolenia. Jeste\u015bmy zauroczeni ko\u015bcio\u0142em, a szczeg\u00f3lnie polichromi\u0105 ze scenami z legendy Krzy\u017ca \u015awi\u0119tego, kt\u00f3ra zosta\u0142a namalowana w latach 1748-49 oraz ambona wykonana w latach 50-tych w Braniewie.<\/p>\n<p>My\u015bl\u0119, \u017ce b\u0119dziemy tam wraca\u0107, to nie jest tak daleko od Olsztyna. Msza w ka\u017cd\u0105 niedziel\u0119 o godzinie 10.15.<\/p>\n<p>Nast\u0119pnym etapem naszego wyjazdu by\u0142o zwiedzanie fortyfikacji Tr\u00f3jk\u0105ta Lidzbarskiego, kt\u00f3rego budow\u0119 Niemcy rozpocz\u0119li w 1932 roku.<\/p>\n<p><img loading=\"lazy\" decoding=\"async\" class=\"alignleft size-medium wp-image-1211\" alt=\"P5240105-www\" src=\"http:\/\/www.milosnicylasu.olsztyn.pl\/wp-content\/uploads\/2014\/05\/P5240105-www-300x225.jpg\" width=\"300\" height=\"225\" srcset=\"https:\/\/www.milosnicylasu.olsztyn.pl\/wp-content\/uploads\/2014\/05\/P5240105-www-300x225.jpg 300w, https:\/\/www.milosnicylasu.olsztyn.pl\/wp-content\/uploads\/2014\/05\/P5240105-www-400x300.jpg 400w, https:\/\/www.milosnicylasu.olsztyn.pl\/wp-content\/uploads\/2014\/05\/P5240105-www.jpg 1024w\" sizes=\"auto, (max-width: 300px) 100vw, 300px\" \/><\/p>\n<p>&nbsp;<\/p>\n<p>Oprowadza\u0142<strong> nas in\u017cynier nadzoru Pan Waldemar Ostrowski &#8211;<\/strong> wielki pasjonat historii budowy unikalnych obiekt\u00f3w obronnych.<\/p>\n<p>&nbsp;<\/p>\n<p>&nbsp;<\/p>\n<p><img loading=\"lazy\" decoding=\"async\" class=\"size-medium wp-image-1212 alignright\" alt=\"P5240122-www\" src=\"http:\/\/www.milosnicylasu.olsztyn.pl\/wp-content\/uploads\/2014\/05\/P5240122-www-300x225.jpg\" width=\"300\" height=\"225\" srcset=\"https:\/\/www.milosnicylasu.olsztyn.pl\/wp-content\/uploads\/2014\/05\/P5240122-www-300x225.jpg 300w, https:\/\/www.milosnicylasu.olsztyn.pl\/wp-content\/uploads\/2014\/05\/P5240122-www-400x300.jpg 400w, https:\/\/www.milosnicylasu.olsztyn.pl\/wp-content\/uploads\/2014\/05\/P5240122-www.jpg 1024w\" sizes=\"auto, (max-width: 300px) 100vw, 300px\" \/><\/p>\n<p>&nbsp;<\/p>\n<p>Dowiedzieli\u015bmy si\u0119 m.in., \u017ce zinwentaryzowano 228 schron\u00f3w, w tym 204 na terenie Nadle\u015bnictwa Orneta &#8211; w kilku byli\u015bmy.<\/p>\n<p>&nbsp;<\/p>\n<p>&nbsp;<\/p>\n<p>Na koniec naszego pobytu &#8222;zaliczyli\u015bmy&#8221; \u015bcie\u017ck\u0119 edukacyjn\u0105 Czarci Jar w rezerwacie Doliny Wa\u0142szy. Naszym przewodnikiem po rezerwacie by\u0142 <strong>Pan Leon Kmiotek<\/strong> &#8211; specjalista d\/s ochrony przyrody i edukacji le\u015bnej w Nadle\u015bnictwie Orneta.<\/p>\n<p><strong>\u00a0Dolina Wa\u0142szy uznana zosta\u0142a za rezerwat ju\u017c w 1907 roku, o czym \u015bwiadczy jego \u00f3wczesny opis, wykonany przez H. Conwetza.<\/strong><\/p>\n<div>\n<div>Teren rezerwatu to w\u0105w\u00f3z d\u0142ugo\u015bci 5 km, poci\u0119ty bocznymi jarami i poro\u015bni\u0119ty lasem o powierzchni 205,74 ha. Przylega bezpo\u015brednio do granic miasta Pieni\u0119\u017cno (powiat braniewski) od strony po\u0142udniowo-zachodniej. Rezerwat obejmuje rzek\u0119 Wa\u0142sz\u0119 i otaczaj\u0105ce j\u0105 lasy, administrowane przez Nadle\u015bnictwo Orneta. Ochronie podlega krajobraz odcinka Wa\u0142szy, g\u0142\u0119boko wcinaj\u0105cej si\u0119 w morenowe wzg\u00f3rza, poro\u015bni\u0119te lasem mieszanym. Dolina ma charakter w\u0105wozu o szeroko\u015bci dochodz\u0105cej do 80 m i g\u0142\u0119boko\u015bci 15\u00b840 m\u0179r\u00f3d\u0142a Wa\u0142szy, po\u0142o\u017cone poza terenem rezerwatu, znajduj\u0105 si\u0119 na wysoko\u015bci 216 m n.p.,m., za\u015b jej uj\u015bcie do Pas\u0142\u0119ki \u2013 na wysoko\u015bci 26 m n.p.m. Daje to \u015bredni spadek 5,13%,a wi\u0119c wi\u0119cej, ni\u017c np. g\u00f3rnego odcinka Wis\u0142y.<\/div>\n<p><a style=\"font-style: normal; line-height: 24.375px; text-decoration: underline;\" href=\"http:\/\/www.milosnicylasu.olsztyn.pl\/wp-content\/uploads\/2014\/05\/P5240219-www.jpg\" data-rel=\"lightbox-image-3\" data-magnific_type=\"image\" data-rl_title=\"\" data-rl_caption=\"\" title=\"\"><img loading=\"lazy\" decoding=\"async\" class=\"alignleft size-medium wp-image-1213\" style=\"border-color: #bbbbbb; background: #eeeeee;\" alt=\"P5240219-www\" src=\"http:\/\/www.milosnicylasu.olsztyn.pl\/wp-content\/uploads\/2014\/05\/P5240219-www-300x225.jpg\" width=\"300\" height=\"225\" srcset=\"https:\/\/www.milosnicylasu.olsztyn.pl\/wp-content\/uploads\/2014\/05\/P5240219-www-300x225.jpg 300w, https:\/\/www.milosnicylasu.olsztyn.pl\/wp-content\/uploads\/2014\/05\/P5240219-www-400x300.jpg 400w, https:\/\/www.milosnicylasu.olsztyn.pl\/wp-content\/uploads\/2014\/05\/P5240219-www.jpg 1024w\" sizes=\"auto, (max-width: 300px) 100vw, 300px\" \/><\/a><\/p>\n<div>Koryto rzeki wcina si\u0119 w teren na g\u0142\u0119boko\u015b\u0107 50-60 m, tworz\u0105c strome \u015bciany w\u0105wozu. By\u0142o wi\u0119c czasem pod g\u00f3rk\u0119.<\/div>\n<div><\/div>\n<div>Rzeka p\u0142ynie wartkim strumieniem, tworz\u0105c na rumowiskach g\u0142az\u00f3w wodospady, typowe dla rzek g\u00f3rskich.Flora rezerwatu liczy ok. 300 gatunk\u00f3w, w tym chronione: wid\u0142ak ja\u0142owcowaty, bu\u0142awnik czerwony, podkolan bia\u0142y, gnie\u017anik le\u015bny, tojad dzi\u00f3baty, skrzyp olbrzymi, bluszcz pospolity, wawrzynek wilcze \u0142yko, obuwnik pospolity. W\u015br\u00f3d zwierz\u0105t znajdziemy m.in. wydr\u0119, zimorodka, orlika krzykliwego i pluszcza<\/div>\n<p><img loading=\"lazy\" decoding=\"async\" class=\"alignleft size-medium wp-image-1215\" style=\"color: #333333; font-style: normal; line-height: 24.375px;\" alt=\"P5240197-www\" src=\"http:\/\/www.milosnicylasu.olsztyn.pl\/wp-content\/uploads\/2014\/05\/P5240197-www-300x225.jpg\" width=\"300\" height=\"225\" srcset=\"https:\/\/www.milosnicylasu.olsztyn.pl\/wp-content\/uploads\/2014\/05\/P5240197-www-300x225.jpg 300w, https:\/\/www.milosnicylasu.olsztyn.pl\/wp-content\/uploads\/2014\/05\/P5240197-www-400x300.jpg 400w, https:\/\/www.milosnicylasu.olsztyn.pl\/wp-content\/uploads\/2014\/05\/P5240197-www.jpg 1024w\" sizes=\"auto, (max-width: 300px) 100vw, 300px\" \/><\/p>\n<div>.<\/div>\n<div>Troch\u0119 zm\u0119czeni, odpocz\u0119li\u015bmy przy wiacie a gospodarze pocz\u0119stowali nas bigosem, kie\u0142baskami i napojami.<\/div>\n<div><\/div>\n<div><\/div>\n<div><\/div>\n<div><\/div>\n<div><\/div>\n<div>Dzi\u0119kujemy serdecznie nadle\u015bniczemu Panu Piotrowi Matusikowi i \u00a0pracownikom Nadle\u015bnictwa Orneta, \u00a0Barbarze Widerskiej, Waldemarowi Ostrowskiemu , Leonowi Kmiotkowi i S\u0142awomirowi Lankiewiczowi \u00a0za go\u015bcin\u0119, za wiedz\u0119, za mo\u017cliwo\u015b\u0107 zwiedzenia wielu ciekawych miejsc i do&#8230;&#8230;&#8230; zobaczenia.<\/div>\n<div>No tak, pan Piotr zaprosi\u0142 nas, a my na pewno skorzystamy. Przemili gospodarze, kt\u00f3rzy ch\u0119tnie podziel\u0105 si\u0119 wiedz\u0105, \u00a0pi\u0119kna przyroda, zabytki \u00a0&#8211; to lubimy.<\/div>\n<div><\/div>\n<div>Wyjazd zorganizowali \u00a0Basia Bruzgo i Anatol Leszczy\u0144ski<\/div>\n<\/div>\n<p>&nbsp;<\/p>\n","protected":false},"excerpt":{"rendered":"<p>&nbsp; 26 maja 2014 r. grupa 50 cz\u0142onk\u00f3w Ko\u0142a Mi\u0142o\u015bnik\u00f3w Lasu i Militari\u00f3w LOK \u00a0przy ATW w Olsztynie odwiedzi\u0142a Nadle\u015bnictwo Orneta. &nbsp; &nbsp; Zaprosi\u0142 nas nadle\u015bniczy Pan Piotr Matusik, kt\u00f3ry ca\u0142y dzie\u0144 sp\u0119dzi\u0142 z nami. Dzi\u0119ki Panu Piotrowi zobaczyli\u015bmy dwa pi\u0119kne, zabytkowe ko\u015bcio\u0142y w Kro\u015bnie i Chwal\u0119cinie, cz\u0119\u015b\u0107 fortyfikacji niemieckich, wybudowanych w latach trzydziestych ubieg\u0142ego [&hellip;]<\/p>\n","protected":false},"author":1,"featured_media":0,"comment_status":"open","ping_status":"open","sticky":false,"template":"","format":"standard","meta":{"footnotes":""},"categories":[1,9,2,5],"tags":[],"class_list":["post-1207","post","type-post","status-publish","format-standard","hentry","category-bez-kategorii","category-ciekawostki","category-rajdy","category-wycieczki"],"_links":{"self":[{"href":"https:\/\/www.milosnicylasu.olsztyn.pl\/index.php?rest_route=\/wp\/v2\/posts\/1207","targetHints":{"allow":["GET"]}}],"collection":[{"href":"https:\/\/www.milosnicylasu.olsztyn.pl\/index.php?rest_route=\/wp\/v2\/posts"}],"about":[{"href":"https:\/\/www.milosnicylasu.olsztyn.pl\/index.php?rest_route=\/wp\/v2\/types\/post"}],"author":[{"embeddable":true,"href":"https:\/\/www.milosnicylasu.olsztyn.pl\/index.php?rest_route=\/wp\/v2\/users\/1"}],"replies":[{"embeddable":true,"href":"https:\/\/www.milosnicylasu.olsztyn.pl\/index.php?rest_route=%2Fwp%2Fv2%2Fcomments&post=1207"}],"version-history":[{"count":4,"href":"https:\/\/www.milosnicylasu.olsztyn.pl\/index.php?rest_route=\/wp\/v2\/posts\/1207\/revisions"}],"predecessor-version":[{"id":1221,"href":"https:\/\/www.milosnicylasu.olsztyn.pl\/index.php?rest_route=\/wp\/v2\/posts\/1207\/revisions\/1221"}],"wp:attachment":[{"href":"https:\/\/www.milosnicylasu.olsztyn.pl\/index.php?rest_route=%2Fwp%2Fv2%2Fmedia&parent=1207"}],"wp:term":[{"taxonomy":"category","embeddable":true,"href":"https:\/\/www.milosnicylasu.olsztyn.pl\/index.php?rest_route=%2Fwp%2Fv2%2Fcategories&post=1207"},{"taxonomy":"post_tag","embeddable":true,"href":"https:\/\/www.milosnicylasu.olsztyn.pl\/index.php?rest_route=%2Fwp%2Fv2%2Ftags&post=1207"}],"curies":[{"name":"wp","href":"https:\/\/api.w.org\/{rel}","templated":true}]}}