{"id":1228,"date":"2014-06-07T07:55:26","date_gmt":"2014-06-07T05:55:26","guid":{"rendered":"http:\/\/www.milosnicylasu.olsztyn.pl\/?p=1228"},"modified":"2014-06-07T08:07:56","modified_gmt":"2014-06-07T06:07:56","slug":"czerwcowe-spotkanie-w-rdlp-w-olsztynie","status":"publish","type":"post","link":"https:\/\/www.milosnicylasu.olsztyn.pl\/?p=1228","title":{"rendered":"Czerwcowe spotkanie w RDLP w Olsztynie"},"content":{"rendered":"<p><a href=\"http:\/\/www.milosnicylasu.olsztyn.pl\/wp-content\/uploads\/2014\/06\/P6050023-www.jpg\" data-rel=\"lightbox-image-0\" data-magnific_type=\"image\" data-rl_title=\"\" data-rl_caption=\"\" title=\"\"><img loading=\"lazy\" decoding=\"async\" class=\"alignleft size-medium wp-image-1229\" alt=\"P6050023-www\" src=\"http:\/\/www.milosnicylasu.olsztyn.pl\/wp-content\/uploads\/2014\/06\/P6050023-www-300x225.jpg\" width=\"300\" height=\"225\" srcset=\"https:\/\/www.milosnicylasu.olsztyn.pl\/wp-content\/uploads\/2014\/06\/P6050023-www-300x225.jpg 300w, https:\/\/www.milosnicylasu.olsztyn.pl\/wp-content\/uploads\/2014\/06\/P6050023-www-400x300.jpg 400w, https:\/\/www.milosnicylasu.olsztyn.pl\/wp-content\/uploads\/2014\/06\/P6050023-www.jpg 1024w\" sizes=\"auto, (max-width: 300px) 100vw, 300px\" \/><\/a>5 czerwca 2014 .r spotkali\u015bmy si\u0119 w Regionalnej Dyrekcji Las\u00f3w Pa\u0144stwowych w Olsztynie i podsumowali\u015bmy 5 lat dzia\u0142alno\u015bci i rozwoju naszego Ko\u0142a. \u00a0 A mamy z czego by\u0107 dumni. Z 40 os\u00f3b &#8211; na pocz\u0105tku, aktualnie jest nas 123 i ci\u0105gle przybywa. Przeszli\u015bmy 148 rajd\u00f3w i byli\u015bmy na 33 wycieczkach. Mamy &#8222;sw\u00f3j las&#8221; w Nadle\u015bnictwie Olsztyn i w Nadle\u015bnictwie Mr\u0105gowo.Opr\u00f3cz sadzenia i sprz\u0105tania lasu, ka\u017cdego roku obchodzimy \u015awi\u0119to Drzewa, Polskiej Niezapominajki, \u015awi\u0119to Hubertusa. Rozwijamy si\u0119 artystycznie, uczestniczymy w wystawach. Spotykamy si\u0119 na treningach strzeleckich i rywalizujemy \u00a0w trakcie zawod\u00f3w organizowanych przez Ko\u0142o, jak r\u00f3wnie\u017c przez organizacj\u0119 wojew\u00f3dzk\u0105 i powiatow\u0105 LOK. To tylko cz\u0119\u015b\u0107 naszej dzia\u0142alno\u015bci o kt\u00f3rej rozmawiali\u015bmy na czwartkowym spotkaniu.<\/p>\n<p>Podczas prezentacji multimedialnej, kt\u00f3r\u0105 przedstawi\u0142 prezes Anatol Leszczy\u0144ski, wspominali\u015bmy nasze dokonania i dzi\u0119kowali\u015bmy wszystkim osobom i organizacjom, kt\u00f3rzy przyczynili si\u0119 do rozwoju Ko\u0142a. <a href=\"http:\/\/www.milosnicylasu.olsztyn.pl\/wp-content\/uploads\/2014\/06\/P6050005-www.jpg\" data-rel=\"lightbox-image-1\" data-magnific_type=\"image\" data-rl_title=\"\" data-rl_caption=\"\" title=\"\"><img loading=\"lazy\" decoding=\"async\" class=\"alignleft size-medium wp-image-1230\" alt=\"P6050005-www\" src=\"http:\/\/www.milosnicylasu.olsztyn.pl\/wp-content\/uploads\/2014\/06\/P6050005-www-300x225.jpg\" width=\"300\" height=\"225\" srcset=\"https:\/\/www.milosnicylasu.olsztyn.pl\/wp-content\/uploads\/2014\/06\/P6050005-www-300x225.jpg 300w, https:\/\/www.milosnicylasu.olsztyn.pl\/wp-content\/uploads\/2014\/06\/P6050005-www-400x300.jpg 400w, https:\/\/www.milosnicylasu.olsztyn.pl\/wp-content\/uploads\/2014\/06\/P6050005-www.jpg 1024w\" sizes=\"auto, (max-width: 300px) 100vw, 300px\" \/><\/a><\/p>\n<p>&nbsp;<\/p>\n<p>Basia Kowalewska i Basia Bruzgo otrzyma\u0142y ksi\u0105\u017cki &#8222;Cuda natury&#8221;.<\/p>\n<p>&nbsp;<\/p>\n<p>&nbsp;<\/p>\n<p>Wielk\u0105 niespodziank\u0105 dla \u00a0Krystyny i Anatola Leszczy\u0144skich by\u0142o podzi\u0119kowanie, kt\u00f3re przygotowali kole\u017canki i koledzy.<a href=\"http:\/\/www.milosnicylasu.olsztyn.pl\/wp-content\/uploads\/2014\/06\/P6050030-www.jpg\" data-rel=\"lightbox-image-2\" data-magnific_type=\"image\" data-rl_title=\"\" data-rl_caption=\"\" title=\"\"><img loading=\"lazy\" decoding=\"async\" class=\"alignleft size-medium wp-image-1232\" alt=\"P6050030-www\" src=\"http:\/\/www.milosnicylasu.olsztyn.pl\/wp-content\/uploads\/2014\/06\/P6050030-www-300x225.jpg\" width=\"300\" height=\"225\" srcset=\"https:\/\/www.milosnicylasu.olsztyn.pl\/wp-content\/uploads\/2014\/06\/P6050030-www-300x225.jpg 300w, https:\/\/www.milosnicylasu.olsztyn.pl\/wp-content\/uploads\/2014\/06\/P6050030-www-400x300.jpg 400w, https:\/\/www.milosnicylasu.olsztyn.pl\/wp-content\/uploads\/2014\/06\/P6050030-www.jpg 1024w\" sizes=\"auto, (max-width: 300px) 100vw, 300px\" \/><\/a><\/p>\n<p style=\"text-align: center;\"><a href=\"http:\/\/www.milosnicylasu.olsztyn.pl\/wp-content\/uploads\/2014\/06\/P6050029-www.jpg\" data-rel=\"lightbox-image-3\" data-magnific_type=\"image\" data-rl_title=\"\" data-rl_caption=\"\" title=\"\"><img loading=\"lazy\" decoding=\"async\" class=\"alignleft size-medium wp-image-1233\" alt=\"P6050029-www\" src=\"http:\/\/www.milosnicylasu.olsztyn.pl\/wp-content\/uploads\/2014\/06\/P6050029-www-300x225.jpg\" width=\"300\" height=\"225\" srcset=\"https:\/\/www.milosnicylasu.olsztyn.pl\/wp-content\/uploads\/2014\/06\/P6050029-www-300x225.jpg 300w, https:\/\/www.milosnicylasu.olsztyn.pl\/wp-content\/uploads\/2014\/06\/P6050029-www-400x300.jpg 400w, https:\/\/www.milosnicylasu.olsztyn.pl\/wp-content\/uploads\/2014\/06\/P6050029-www.jpg 1024w\" sizes=\"auto, (max-width: 300px) 100vw, 300px\" \/><\/a><img loading=\"lazy\" decoding=\"async\" class=\"size-medium wp-image-1231 aligncenter\" alt=\"P6050001-www\" src=\"http:\/\/www.milosnicylasu.olsztyn.pl\/wp-content\/uploads\/2014\/06\/P6050001-www-300x225.jpg\" width=\"300\" height=\"225\" srcset=\"https:\/\/www.milosnicylasu.olsztyn.pl\/wp-content\/uploads\/2014\/06\/P6050001-www-300x225.jpg 300w, https:\/\/www.milosnicylasu.olsztyn.pl\/wp-content\/uploads\/2014\/06\/P6050001-www-400x300.jpg 400w, https:\/\/www.milosnicylasu.olsztyn.pl\/wp-content\/uploads\/2014\/06\/P6050001-www.jpg 1024w\" sizes=\"auto, (max-width: 300px) 100vw, 300px\" \/><\/p>\n<p style=\"text-align: center;\">Pi\u0119kny tekst napisa\u0142a Danusia Bobrzecka, pod kt\u00f3rym podpisali si\u0119 kole\u017canki i koledzy.<\/p>\n<p style=\"text-align: center;\">By\u0142 to bardzo wzruszaj\u0105cy moment spotkania.<\/p>\n<p style=\"text-align: center;\">Nast\u0119pnie upominki ksi\u0105\u017ckowe otrzyma\u0142y osoby sprz\u0105taj\u0105ce las i zwyci\u0119zcy w konkursie.<\/p>\n<p><a href=\"http:\/\/www.milosnicylasu.olsztyn.pl\/wp-content\/uploads\/2014\/06\/P6050021-www.jpg\" data-rel=\"lightbox-image-4\" data-magnific_type=\"image\" data-rl_title=\"\" data-rl_caption=\"\" title=\"\"><img loading=\"lazy\" decoding=\"async\" class=\"size-medium wp-image-1234 alignright\" alt=\"P6050021-www\" src=\"http:\/\/www.milosnicylasu.olsztyn.pl\/wp-content\/uploads\/2014\/06\/P6050021-www-300x225.jpg\" width=\"300\" height=\"225\" srcset=\"https:\/\/www.milosnicylasu.olsztyn.pl\/wp-content\/uploads\/2014\/06\/P6050021-www-300x225.jpg 300w, https:\/\/www.milosnicylasu.olsztyn.pl\/wp-content\/uploads\/2014\/06\/P6050021-www-400x300.jpg 400w, https:\/\/www.milosnicylasu.olsztyn.pl\/wp-content\/uploads\/2014\/06\/P6050021-www.jpg 1024w\" sizes=\"auto, (max-width: 300px) 100vw, 300px\" \/><\/a><\/p>\n<p>&nbsp;<\/p>\n<p>Odznaczenia Ligi Obrony Kraju otrzymali \u00a0wyr\u00f3\u017cniaj\u0105cy si\u0119 cz\u0142onkowie Ko\u0142a.<\/p>\n","protected":false},"excerpt":{"rendered":"<p>5 czerwca 2014 .r spotkali\u015bmy si\u0119 w Regionalnej Dyrekcji Las\u00f3w Pa\u0144stwowych w Olsztynie i podsumowali\u015bmy 5 lat dzia\u0142alno\u015bci i rozwoju naszego Ko\u0142a. \u00a0 A mamy z czego by\u0107 dumni. Z 40 os\u00f3b &#8211; na pocz\u0105tku, aktualnie jest nas 123 i ci\u0105gle przybywa. Przeszli\u015bmy 148 rajd\u00f3w i byli\u015bmy na 33 wycieczkach. Mamy &#8222;sw\u00f3j las&#8221; w Nadle\u015bnictwie [&hellip;]<\/p>\n","protected":false},"author":1,"featured_media":0,"comment_status":"open","ping_status":"open","sticky":false,"template":"","format":"standard","meta":{"footnotes":""},"categories":[1,7,3],"tags":[],"class_list":["post-1228","post","type-post","status-publish","format-standard","hentry","category-bez-kategorii","category-wiersze","category-zebrania"],"_links":{"self":[{"href":"https:\/\/www.milosnicylasu.olsztyn.pl\/index.php?rest_route=\/wp\/v2\/posts\/1228","targetHints":{"allow":["GET"]}}],"collection":[{"href":"https:\/\/www.milosnicylasu.olsztyn.pl\/index.php?rest_route=\/wp\/v2\/posts"}],"about":[{"href":"https:\/\/www.milosnicylasu.olsztyn.pl\/index.php?rest_route=\/wp\/v2\/types\/post"}],"author":[{"embeddable":true,"href":"https:\/\/www.milosnicylasu.olsztyn.pl\/index.php?rest_route=\/wp\/v2\/users\/1"}],"replies":[{"embeddable":true,"href":"https:\/\/www.milosnicylasu.olsztyn.pl\/index.php?rest_route=%2Fwp%2Fv2%2Fcomments&post=1228"}],"version-history":[{"count":8,"href":"https:\/\/www.milosnicylasu.olsztyn.pl\/index.php?rest_route=\/wp\/v2\/posts\/1228\/revisions"}],"predecessor-version":[{"id":1242,"href":"https:\/\/www.milosnicylasu.olsztyn.pl\/index.php?rest_route=\/wp\/v2\/posts\/1228\/revisions\/1242"}],"wp:attachment":[{"href":"https:\/\/www.milosnicylasu.olsztyn.pl\/index.php?rest_route=%2Fwp%2Fv2%2Fmedia&parent=1228"}],"wp:term":[{"taxonomy":"category","embeddable":true,"href":"https:\/\/www.milosnicylasu.olsztyn.pl\/index.php?rest_route=%2Fwp%2Fv2%2Fcategories&post=1228"},{"taxonomy":"post_tag","embeddable":true,"href":"https:\/\/www.milosnicylasu.olsztyn.pl\/index.php?rest_route=%2Fwp%2Fv2%2Ftags&post=1228"}],"curies":[{"name":"wp","href":"https:\/\/api.w.org\/{rel}","templated":true}]}}