{"id":1244,"date":"2014-07-03T20:07:34","date_gmt":"2014-07-03T18:07:34","guid":{"rendered":"http:\/\/www.milosnicylasu.olsztyn.pl\/?p=1244"},"modified":"2014-07-03T20:24:40","modified_gmt":"2014-07-03T18:24:40","slug":"podsumowanie-konkursu-moj-las","status":"publish","type":"post","link":"https:\/\/www.milosnicylasu.olsztyn.pl\/?p=1244","title":{"rendered":"Podsumowanie konkursu &#8222;M\u00f3j Las&#8221;"},"content":{"rendered":"<p><a href=\"http:\/\/www.milosnicylasu.olsztyn.pl\/wp-content\/uploads\/2014\/07\/P6170079-www.jpg\" data-rel=\"lightbox-image-0\" data-magnific_type=\"image\" data-rl_title=\"\" data-rl_caption=\"\" title=\"\"><img loading=\"lazy\" decoding=\"async\" class=\"alignleft size-medium wp-image-1250\" alt=\"P6170079-www\" src=\"http:\/\/www.milosnicylasu.olsztyn.pl\/wp-content\/uploads\/2014\/07\/P6170079-www-300x225.jpg\" width=\"300\" height=\"225\" srcset=\"https:\/\/www.milosnicylasu.olsztyn.pl\/wp-content\/uploads\/2014\/07\/P6170079-www-300x225.jpg 300w, https:\/\/www.milosnicylasu.olsztyn.pl\/wp-content\/uploads\/2014\/07\/P6170079-www-400x300.jpg 400w, https:\/\/www.milosnicylasu.olsztyn.pl\/wp-content\/uploads\/2014\/07\/P6170079-www.jpg 1024w\" sizes=\"auto, (max-width: 300px) 100vw, 300px\" \/><\/a>17 czerwca 2014 r, na\u00a0 zaproszenie RDLP w Olsztynie, Krystyna i Anatol Leszczy\u0144scy uczestniczyli w podsumowaniu le\u015bnego konkursu.<\/p>\n<p>W tym dniu, zako\u0144czy\u0142a si\u0119 \u00a0regionalna XXVII edycja Konkursu \u201eM\u00f3j las&#8221;, organizowanego przez Zarz\u0105d G\u0142\u00f3wny Stowarzyszenia In\u017cynier\u00f3w Technik\u00f3w Le\u015bnictwa i Drzewnictwa i Zarz\u0105d G\u0142\u00f3wny Ligi Ochrony Przyrody.<\/p>\n<p>W bie\u017c\u0105cym roku bior\u0105ce udzia\u0142 w konkursie dzieci i m\u0142odzie\u017c przygotowywa\u0142y prace konkursowe w czterech kategoriach wiekowych i zr\u00f3\u017cnicowanej tematyce :<\/p>\n<p><span style=\"text-decoration: underline;\">I kategoria wiekowa<\/span>\u2013 dzieci szk\u00f3\u0142 podstawowych klas I \u2013 III, temat :<\/p>\n<p>\u201eWYJA\u015aNIJ JAK ZMIENIA SI\u0118 LAS W PORACH ROKU&#8221;,<\/p>\n<p><span style=\"text-decoration: underline;\">II kategoria wiekowa<\/span>\u2013 dzieci szk\u00f3\u0142 podstawowych klas IV-VI, temat : \u201eMOJE OBSERWACJE PRZYRODY POCZYNIONE W CZASIE WYCIECZKI DO LASU&#8221;,<\/p>\n<p><span style=\"text-decoration: underline;\">III kategoria wiekowa<\/span>\u2013 m\u0142odzie\u017c gimnazjum, temat : \u201eWYJA\u015aNIJ POJ\u0118CIE \u201eLASY WIELOFUNKCYJNE&#8221;,<\/p>\n<p><span style=\"text-decoration: underline;\">IV kategoria wiekowa<\/span>\u2013 m\u0142odzie\u017c lice\u00f3w og\u00f3lnokszta\u0142c\u0105cych i pogimnazjalnych szk\u00f3\u0142 zawodowych, temat : \u201ePRZEDSTAW SWOJ\u0104 WIZJ\u0118 LASU, KT\u00d3RY CH\u0118TNIE BY\u015a ODWIEDZA\u0141&#8221;<strong>.<\/strong><\/p>\n<p>Na konkurs przes\u0142ano 105 prac, kt\u00f3re oceni\u0142a Regionalna Komisja Konkursowa, w kt\u00f3rej uczestniczy\u0142a Krystyna Leszczy\u0144ska z naszego Ko\u0142a.<\/p>\n<p><a href=\"http:\/\/www.milosnicylasu.olsztyn.pl\/wp-content\/uploads\/2014\/07\/P6170038-www.jpg\" data-rel=\"lightbox-image-1\" data-magnific_type=\"image\" data-rl_title=\"\" data-rl_caption=\"\" title=\"\"><img loading=\"lazy\" decoding=\"async\" class=\"alignleft size-medium wp-image-1248\" alt=\"P6170038-www\" src=\"http:\/\/www.milosnicylasu.olsztyn.pl\/wp-content\/uploads\/2014\/07\/P6170038-www-300x225.jpg\" width=\"300\" height=\"225\" srcset=\"https:\/\/www.milosnicylasu.olsztyn.pl\/wp-content\/uploads\/2014\/07\/P6170038-www-300x225.jpg 300w, https:\/\/www.milosnicylasu.olsztyn.pl\/wp-content\/uploads\/2014\/07\/P6170038-www-400x300.jpg 400w, https:\/\/www.milosnicylasu.olsztyn.pl\/wp-content\/uploads\/2014\/07\/P6170038-www.jpg 1024w\" sizes=\"auto, (max-width: 300px) 100vw, 300px\" \/><\/a>W ZIELONEJ KLASIE przy Nadle\u015bnictwie Dobrocin wr\u0119czono laureatom konkursu dyplomy i nagrody rzeczowe : za zaj\u0119cie I miejsca \u2013 cyfrowe aparaty fotograficzne i elektroniczne czytniki lektur, II miejsca &#8211; \u015bpiwory, III miejsca \u2013 plecaki oraz wyr\u00f3\u017cnienia \u2013 pi\u0142ki siatkowe i no\u017cne.<\/p>\n<p>Za szczeg\u00f3lne zaanga\u017cowanie w prac\u0119 z uczniami w trakcie XXVII edycji konkursu \u201eM\u00f3j Las&#8221;, nauczycielom \u2013 opiekunom dzieci, wr\u0119czono pi\u0119kne albumowe wydawnictwo upami\u0119tniaj\u0105ce 90-lecie Las\u00f3w Pa\u0144stwowych.<\/p>\n<p><a href=\"http:\/\/www.milosnicylasu.olsztyn.pl\/wp-content\/uploads\/2014\/07\/P6170062-www.jpg\" data-rel=\"lightbox-image-2\" data-magnific_type=\"image\" data-rl_title=\"\" data-rl_caption=\"\" title=\"\"><img loading=\"lazy\" decoding=\"async\" class=\"size-medium wp-image-1249 alignright\" alt=\"P6170062-www\" src=\"http:\/\/www.milosnicylasu.olsztyn.pl\/wp-content\/uploads\/2014\/07\/P6170062-www-300x225.jpg\" width=\"300\" height=\"225\" srcset=\"https:\/\/www.milosnicylasu.olsztyn.pl\/wp-content\/uploads\/2014\/07\/P6170062-www-300x225.jpg 300w, https:\/\/www.milosnicylasu.olsztyn.pl\/wp-content\/uploads\/2014\/07\/P6170062-www-400x300.jpg 400w, https:\/\/www.milosnicylasu.olsztyn.pl\/wp-content\/uploads\/2014\/07\/P6170062-www.jpg 1024w\" sizes=\"auto, (max-width: 300px) 100vw, 300px\" \/><\/a><\/p>\n<p>&nbsp;<\/p>\n<p>&nbsp;<\/p>\n<p>Uroczysto\u015b\u0107 zako\u0144czy\u0142 wyst\u0119p taneczny dzieci z Samorz\u0105dowego Przedszkola w Dobrocinie oraz<\/p>\n<p>&nbsp;<\/p>\n<p>&nbsp;<\/p>\n<p>koncert Zespo\u0142u Sygnalist\u00f3w My\u015bliwskich z Nadle\u015bnictwa Lidzbark.<a href=\"http:\/\/www.milosnicylasu.olsztyn.pl\/wp-content\/uploads\/2014\/07\/P6170008-www.jpg\" data-rel=\"lightbox-image-3\" data-magnific_type=\"image\" data-rl_title=\"\" data-rl_caption=\"\" title=\"\"><img loading=\"lazy\" decoding=\"async\" class=\"alignleft size-medium wp-image-1246\" alt=\"P6170008-www\" src=\"http:\/\/www.milosnicylasu.olsztyn.pl\/wp-content\/uploads\/2014\/07\/P6170008-www-300x225.jpg\" width=\"300\" height=\"225\" srcset=\"https:\/\/www.milosnicylasu.olsztyn.pl\/wp-content\/uploads\/2014\/07\/P6170008-www-300x225.jpg 300w, https:\/\/www.milosnicylasu.olsztyn.pl\/wp-content\/uploads\/2014\/07\/P6170008-www-400x300.jpg 400w, https:\/\/www.milosnicylasu.olsztyn.pl\/wp-content\/uploads\/2014\/07\/P6170008-www.jpg 1024w\" sizes=\"auto, (max-width: 300px) 100vw, 300px\" \/><\/a><\/p>\n","protected":false},"excerpt":{"rendered":"<p>17 czerwca 2014 r, na\u00a0 zaproszenie RDLP w Olsztynie, Krystyna i Anatol Leszczy\u0144scy uczestniczyli w podsumowaniu le\u015bnego konkursu. W tym dniu, zako\u0144czy\u0142a si\u0119 \u00a0regionalna XXVII edycja Konkursu \u201eM\u00f3j las&#8221;, organizowanego przez Zarz\u0105d G\u0142\u00f3wny Stowarzyszenia In\u017cynier\u00f3w Technik\u00f3w Le\u015bnictwa i Drzewnictwa i Zarz\u0105d G\u0142\u00f3wny Ligi Ochrony Przyrody. W bie\u017c\u0105cym roku bior\u0105ce udzia\u0142 w konkursie dzieci i m\u0142odzie\u017c [&hellip;]<\/p>\n","protected":false},"author":1,"featured_media":0,"comment_status":"open","ping_status":"open","sticky":false,"template":"","format":"standard","meta":{"footnotes":""},"categories":[1,9],"tags":[],"class_list":["post-1244","post","type-post","status-publish","format-standard","hentry","category-bez-kategorii","category-ciekawostki"],"_links":{"self":[{"href":"https:\/\/www.milosnicylasu.olsztyn.pl\/index.php?rest_route=\/wp\/v2\/posts\/1244","targetHints":{"allow":["GET"]}}],"collection":[{"href":"https:\/\/www.milosnicylasu.olsztyn.pl\/index.php?rest_route=\/wp\/v2\/posts"}],"about":[{"href":"https:\/\/www.milosnicylasu.olsztyn.pl\/index.php?rest_route=\/wp\/v2\/types\/post"}],"author":[{"embeddable":true,"href":"https:\/\/www.milosnicylasu.olsztyn.pl\/index.php?rest_route=\/wp\/v2\/users\/1"}],"replies":[{"embeddable":true,"href":"https:\/\/www.milosnicylasu.olsztyn.pl\/index.php?rest_route=%2Fwp%2Fv2%2Fcomments&post=1244"}],"version-history":[{"count":3,"href":"https:\/\/www.milosnicylasu.olsztyn.pl\/index.php?rest_route=\/wp\/v2\/posts\/1244\/revisions"}],"predecessor-version":[{"id":1251,"href":"https:\/\/www.milosnicylasu.olsztyn.pl\/index.php?rest_route=\/wp\/v2\/posts\/1244\/revisions\/1251"}],"wp:attachment":[{"href":"https:\/\/www.milosnicylasu.olsztyn.pl\/index.php?rest_route=%2Fwp%2Fv2%2Fmedia&parent=1244"}],"wp:term":[{"taxonomy":"category","embeddable":true,"href":"https:\/\/www.milosnicylasu.olsztyn.pl\/index.php?rest_route=%2Fwp%2Fv2%2Fcategories&post=1244"},{"taxonomy":"post_tag","embeddable":true,"href":"https:\/\/www.milosnicylasu.olsztyn.pl\/index.php?rest_route=%2Fwp%2Fv2%2Ftags&post=1244"}],"curies":[{"name":"wp","href":"https:\/\/api.w.org\/{rel}","templated":true}]}}