{"id":1268,"date":"2014-10-12T17:45:52","date_gmt":"2014-10-12T15:45:52","guid":{"rendered":"http:\/\/www.milosnicylasu.olsztyn.pl\/?p=1268"},"modified":"2014-10-12T17:45:52","modified_gmt":"2014-10-12T15:45:52","slug":"pazdziernikowe-spotkanie","status":"publish","type":"post","link":"https:\/\/www.milosnicylasu.olsztyn.pl\/?p=1268","title":{"rendered":"Pa\u017adziernikowe spotkanie"},"content":{"rendered":"<p>2 pa\u017adziernika odby\u0142o si\u0119 pierwsze, po wakacyjnej przerwie, spotkanie w Regionalnej Dyrekcji Las\u00f3w Pa\u0144stwowych w Olsztynie. Licznie przybyli cz\u0142onkowie Ko\u0142a wys\u0142uchali bardzo ciekawego wyk\u0142adu Pana Patryka Kaczy\u0144skiego na temat \u0142owiectwa.<\/p>\n<p>Zebranie poprowadzi\u0142 wiceprezes Ko\u0142a Micha\u0142 K\u0142\u0119bukowski, a Basia Bruzgo zebra\u0142a pieni\u0105\u017cki na wycieczk\u0119 &#8211; edukacj\u0119 przyrodniczo-le\u015bn\u0105 w Nadle\u015bnictwie Mi\u0142om\u0142yn, kt\u00f3ra odb\u0119dzie si\u0119 24 pa\u017adziernika. B\u0119dzie to ju\u017c pi\u0105ta edukacja le\u015bna Ko\u0142a w tym Nadle\u015bnictwie.<\/p>\n<p>&nbsp;<\/p>\n","protected":false},"excerpt":{"rendered":"<p>2 pa\u017adziernika odby\u0142o si\u0119 pierwsze, po wakacyjnej przerwie, spotkanie w Regionalnej Dyrekcji Las\u00f3w Pa\u0144stwowych w Olsztynie. Licznie przybyli cz\u0142onkowie Ko\u0142a wys\u0142uchali bardzo ciekawego wyk\u0142adu Pana Patryka Kaczy\u0144skiego na temat \u0142owiectwa. Zebranie poprowadzi\u0142 wiceprezes Ko\u0142a Micha\u0142 K\u0142\u0119bukowski, a Basia Bruzgo zebra\u0142a pieni\u0105\u017cki na wycieczk\u0119 &#8211; edukacj\u0119 przyrodniczo-le\u015bn\u0105 w Nadle\u015bnictwie Mi\u0142om\u0142yn, kt\u00f3ra odb\u0119dzie si\u0119 24 pa\u017adziernika. B\u0119dzie [&hellip;]<\/p>\n","protected":false},"author":1,"featured_media":0,"comment_status":"open","ping_status":"open","sticky":false,"template":"","format":"standard","meta":{"footnotes":""},"categories":[1,5,3],"tags":[],"class_list":["post-1268","post","type-post","status-publish","format-standard","hentry","category-bez-kategorii","category-wycieczki","category-zebrania"],"_links":{"self":[{"href":"https:\/\/www.milosnicylasu.olsztyn.pl\/index.php?rest_route=\/wp\/v2\/posts\/1268","targetHints":{"allow":["GET"]}}],"collection":[{"href":"https:\/\/www.milosnicylasu.olsztyn.pl\/index.php?rest_route=\/wp\/v2\/posts"}],"about":[{"href":"https:\/\/www.milosnicylasu.olsztyn.pl\/index.php?rest_route=\/wp\/v2\/types\/post"}],"author":[{"embeddable":true,"href":"https:\/\/www.milosnicylasu.olsztyn.pl\/index.php?rest_route=\/wp\/v2\/users\/1"}],"replies":[{"embeddable":true,"href":"https:\/\/www.milosnicylasu.olsztyn.pl\/index.php?rest_route=%2Fwp%2Fv2%2Fcomments&post=1268"}],"version-history":[{"count":1,"href":"https:\/\/www.milosnicylasu.olsztyn.pl\/index.php?rest_route=\/wp\/v2\/posts\/1268\/revisions"}],"predecessor-version":[{"id":1269,"href":"https:\/\/www.milosnicylasu.olsztyn.pl\/index.php?rest_route=\/wp\/v2\/posts\/1268\/revisions\/1269"}],"wp:attachment":[{"href":"https:\/\/www.milosnicylasu.olsztyn.pl\/index.php?rest_route=%2Fwp%2Fv2%2Fmedia&parent=1268"}],"wp:term":[{"taxonomy":"category","embeddable":true,"href":"https:\/\/www.milosnicylasu.olsztyn.pl\/index.php?rest_route=%2Fwp%2Fv2%2Fcategories&post=1268"},{"taxonomy":"post_tag","embeddable":true,"href":"https:\/\/www.milosnicylasu.olsztyn.pl\/index.php?rest_route=%2Fwp%2Fv2%2Ftags&post=1268"}],"curies":[{"name":"wp","href":"https:\/\/api.w.org\/{rel}","templated":true}]}}