{"id":1272,"date":"2014-10-12T17:58:51","date_gmt":"2014-10-12T15:58:51","guid":{"rendered":"http:\/\/www.milosnicylasu.olsztyn.pl\/?p=1272"},"modified":"2014-10-12T17:58:51","modified_gmt":"2014-10-12T15:58:51","slug":"sobotnie-rajdy","status":"publish","type":"post","link":"https:\/\/www.milosnicylasu.olsztyn.pl\/?p=1272","title":{"rendered":"sobotnie rajdy"},"content":{"rendered":"<p><img loading=\"lazy\" decoding=\"async\" class=\"alignleft size-medium wp-image-676\" alt=\"cropped-PA190120-www1.jpg\" src=\"http:\/\/www.milosnicylasu.olsztyn.pl\/wp-content\/uploads\/2013\/11\/cropped-PA190120-www1-300x116.jpg\" width=\"300\" height=\"116\" srcset=\"https:\/\/www.milosnicylasu.olsztyn.pl\/wp-content\/uploads\/2013\/11\/cropped-PA190120-www1-300x116.jpg 300w, https:\/\/www.milosnicylasu.olsztyn.pl\/wp-content\/uploads\/2013\/11\/cropped-PA190120-www1-500x194.jpg 500w, https:\/\/www.milosnicylasu.olsztyn.pl\/wp-content\/uploads\/2013\/11\/cropped-PA190120-www1.jpg 1000w\" sizes=\"auto, (max-width: 300px) 100vw, 300px\" \/><\/p>\n<p>W pierwszej po\u0142owie pa\u017adziernika odby\u0142y si\u0119 dwa rajdy 4 i 11 , po Le\u015bnictwie Stary Dw\u00f3r. Pi\u0119kna, ciep\u0142a, s\u0142oneczna pogoda sprawi\u0142a, \u017ce ch\u0119tnych na spacerowanie w jesiennej scenerii by\u0142o wielu.<\/p>\n<p>Oba rajdy poprowadzi\u0142 wiceprezes Ko\u0142a Micha\u0142 K\u0142\u0119bukowski.<\/p>\n","protected":false},"excerpt":{"rendered":"<p>W pierwszej po\u0142owie pa\u017adziernika odby\u0142y si\u0119 dwa rajdy 4 i 11 , po Le\u015bnictwie Stary Dw\u00f3r. Pi\u0119kna, ciep\u0142a, s\u0142oneczna pogoda sprawi\u0142a, \u017ce ch\u0119tnych na spacerowanie w jesiennej scenerii by\u0142o wielu. Oba rajdy poprowadzi\u0142 wiceprezes Ko\u0142a Micha\u0142 K\u0142\u0119bukowski.<\/p>\n","protected":false},"author":1,"featured_media":0,"comment_status":"open","ping_status":"open","sticky":false,"template":"","format":"standard","meta":{"footnotes":""},"categories":[1,2],"tags":[],"class_list":["post-1272","post","type-post","status-publish","format-standard","hentry","category-bez-kategorii","category-rajdy"],"_links":{"self":[{"href":"https:\/\/www.milosnicylasu.olsztyn.pl\/index.php?rest_route=\/wp\/v2\/posts\/1272","targetHints":{"allow":["GET"]}}],"collection":[{"href":"https:\/\/www.milosnicylasu.olsztyn.pl\/index.php?rest_route=\/wp\/v2\/posts"}],"about":[{"href":"https:\/\/www.milosnicylasu.olsztyn.pl\/index.php?rest_route=\/wp\/v2\/types\/post"}],"author":[{"embeddable":true,"href":"https:\/\/www.milosnicylasu.olsztyn.pl\/index.php?rest_route=\/wp\/v2\/users\/1"}],"replies":[{"embeddable":true,"href":"https:\/\/www.milosnicylasu.olsztyn.pl\/index.php?rest_route=%2Fwp%2Fv2%2Fcomments&post=1272"}],"version-history":[{"count":1,"href":"https:\/\/www.milosnicylasu.olsztyn.pl\/index.php?rest_route=\/wp\/v2\/posts\/1272\/revisions"}],"predecessor-version":[{"id":1273,"href":"https:\/\/www.milosnicylasu.olsztyn.pl\/index.php?rest_route=\/wp\/v2\/posts\/1272\/revisions\/1273"}],"wp:attachment":[{"href":"https:\/\/www.milosnicylasu.olsztyn.pl\/index.php?rest_route=%2Fwp%2Fv2%2Fmedia&parent=1272"}],"wp:term":[{"taxonomy":"category","embeddable":true,"href":"https:\/\/www.milosnicylasu.olsztyn.pl\/index.php?rest_route=%2Fwp%2Fv2%2Fcategories&post=1272"},{"taxonomy":"post_tag","embeddable":true,"href":"https:\/\/www.milosnicylasu.olsztyn.pl\/index.php?rest_route=%2Fwp%2Fv2%2Ftags&post=1272"}],"curies":[{"name":"wp","href":"https:\/\/api.w.org\/{rel}","templated":true}]}}