{"id":1274,"date":"2014-10-13T15:57:00","date_gmt":"2014-10-13T13:57:00","guid":{"rendered":"http:\/\/www.milosnicylasu.olsztyn.pl\/?p=1274"},"modified":"2014-10-13T16:15:15","modified_gmt":"2014-10-13T14:15:15","slug":"nowa-sciezka-biegowa-w-kudypach","status":"publish","type":"post","link":"https:\/\/www.milosnicylasu.olsztyn.pl\/?p=1274","title":{"rendered":"Nowa \u015bcie\u017cka biegowa w Kudypach"},"content":{"rendered":"<div><\/div>\n<div>\n<p><a href=\"http:\/\/www.milosnicylasu.olsztyn.pl\/wp-content\/uploads\/2014\/10\/PA100064-www.jpg\" data-rel=\"lightbox-image-0\" data-magnific_type=\"image\" data-rl_title=\"\" data-rl_caption=\"\" title=\"\"><img loading=\"lazy\" decoding=\"async\" class=\"alignleft size-medium wp-image-1278\" alt=\"PA100064-www\" src=\"http:\/\/www.milosnicylasu.olsztyn.pl\/wp-content\/uploads\/2014\/10\/PA100064-www-300x225.jpg\" width=\"300\" height=\"225\" srcset=\"https:\/\/www.milosnicylasu.olsztyn.pl\/wp-content\/uploads\/2014\/10\/PA100064-www-300x225.jpg 300w, https:\/\/www.milosnicylasu.olsztyn.pl\/wp-content\/uploads\/2014\/10\/PA100064-www-400x300.jpg 400w, https:\/\/www.milosnicylasu.olsztyn.pl\/wp-content\/uploads\/2014\/10\/PA100064-www.jpg 1024w\" sizes=\"auto, (max-width: 300px) 100vw, 300px\" \/><\/a>Wolno\u015b\u0107 jest w naturze &#8211; pod takim has\u0142em w ca\u0142ej Polsce\u00a0 Lasy Pa\u0144stwowe wyznaczy\u0142y 25 tras biegowych,\u00a0 jedna z takich \u015bcie\u017cek powsta\u0142a w\u0142a\u015bnie w Kudypach.<\/p>\n<p>W sobot\u0119 11 pa\u017adziernika uroczystego otwarcia \u015bcie\u017cki dokona\u0142a Dyrektor Regionalnej Dyrekcji Las\u00f3w Pa\u0144stwowych w Olsztynie &#8211; Ma\u0142gorzata B\u0142yskun. \u00a0Nasze Ko\u0142o, na zaproszenie Nadle\u015bnictwa Kudypy, reprezentowa\u0142 prezes Ko\u0142a Anatol Leszczy\u0144ski.<a href=\"http:\/\/www.milosnicylasu.olsztyn.pl\/wp-content\/uploads\/2014\/10\/PA100062-www.jpg\" data-rel=\"lightbox-image-1\" data-magnific_type=\"image\" data-rl_title=\"\" data-rl_caption=\"\" title=\"\"><img loading=\"lazy\" decoding=\"async\" class=\"size-medium wp-image-1282 alignright\" alt=\"PA100062-www\" src=\"http:\/\/www.milosnicylasu.olsztyn.pl\/wp-content\/uploads\/2014\/10\/PA100062-www-300x225.jpg\" width=\"300\" height=\"225\" srcset=\"https:\/\/www.milosnicylasu.olsztyn.pl\/wp-content\/uploads\/2014\/10\/PA100062-www-300x225.jpg 300w, https:\/\/www.milosnicylasu.olsztyn.pl\/wp-content\/uploads\/2014\/10\/PA100062-www-400x300.jpg 400w, https:\/\/www.milosnicylasu.olsztyn.pl\/wp-content\/uploads\/2014\/10\/PA100062-www.jpg 1024w\" sizes=\"auto, (max-width: 300px) 100vw, 300px\" \/><\/a><\/p>\n<p>&nbsp;<\/p>\n<p>Ch\u0119tnych do udzia\u0142u w biegu inauguracyjnym nie brakowa\u0142o.\u00a0 W biegach dzieci\u0119cych wystartowa\u0142o ponad 20 os\u00f3b, kt\u00f3re \u00a0mia\u0142y do pokonania dystans 500 m, liceali\u015bci biegali na 1000 m.<\/p>\n<p><img loading=\"lazy\" decoding=\"async\" class=\"size-medium wp-image-1280 alignleft\" alt=\"PA100039-www\" src=\"http:\/\/www.milosnicylasu.olsztyn.pl\/wp-content\/uploads\/2014\/10\/PA100039-www-300x225.jpg\" width=\"300\" height=\"225\" srcset=\"https:\/\/www.milosnicylasu.olsztyn.pl\/wp-content\/uploads\/2014\/10\/PA100039-www-300x225.jpg 300w, https:\/\/www.milosnicylasu.olsztyn.pl\/wp-content\/uploads\/2014\/10\/PA100039-www-400x300.jpg 400w, https:\/\/www.milosnicylasu.olsztyn.pl\/wp-content\/uploads\/2014\/10\/PA100039-www.jpg 1024w\" sizes=\"auto, (max-width: 300px) 100vw, 300px\" \/><\/p>\n<p>W biegu g\u0142\u00f3wnym\u00a0 ( 6 km) wystartowa\u0142o 50 os\u00f3b.<\/p>\n<p>Najszybszy okaza\u0142 si\u0119 pan Dariusz Malich, w\u015br\u00f3d pa\u0144 pierwsza do mety dobieg\u0142a Aleksandra Lisowska.<\/p>\n<p>&nbsp;<\/p>\n<p>&nbsp;<\/p>\n<\/div>\n","protected":false},"excerpt":{"rendered":"<p>Wolno\u015b\u0107 jest w naturze &#8211; pod takim has\u0142em w ca\u0142ej Polsce\u00a0 Lasy Pa\u0144stwowe wyznaczy\u0142y 25 tras biegowych,\u00a0 jedna z takich \u015bcie\u017cek powsta\u0142a w\u0142a\u015bnie w Kudypach. W sobot\u0119 11 pa\u017adziernika uroczystego otwarcia \u015bcie\u017cki dokona\u0142a Dyrektor Regionalnej Dyrekcji Las\u00f3w Pa\u0144stwowych w Olsztynie &#8211; Ma\u0142gorzata B\u0142yskun. \u00a0Nasze Ko\u0142o, na zaproszenie Nadle\u015bnictwa Kudypy, reprezentowa\u0142 prezes Ko\u0142a Anatol Leszczy\u0144ski. &nbsp; [&hellip;]<\/p>\n","protected":false},"author":1,"featured_media":0,"comment_status":"open","ping_status":"open","sticky":false,"template":"","format":"standard","meta":{"footnotes":""},"categories":[1,9],"tags":[],"class_list":["post-1274","post","type-post","status-publish","format-standard","hentry","category-bez-kategorii","category-ciekawostki"],"_links":{"self":[{"href":"https:\/\/www.milosnicylasu.olsztyn.pl\/index.php?rest_route=\/wp\/v2\/posts\/1274","targetHints":{"allow":["GET"]}}],"collection":[{"href":"https:\/\/www.milosnicylasu.olsztyn.pl\/index.php?rest_route=\/wp\/v2\/posts"}],"about":[{"href":"https:\/\/www.milosnicylasu.olsztyn.pl\/index.php?rest_route=\/wp\/v2\/types\/post"}],"author":[{"embeddable":true,"href":"https:\/\/www.milosnicylasu.olsztyn.pl\/index.php?rest_route=\/wp\/v2\/users\/1"}],"replies":[{"embeddable":true,"href":"https:\/\/www.milosnicylasu.olsztyn.pl\/index.php?rest_route=%2Fwp%2Fv2%2Fcomments&post=1274"}],"version-history":[{"count":6,"href":"https:\/\/www.milosnicylasu.olsztyn.pl\/index.php?rest_route=\/wp\/v2\/posts\/1274\/revisions"}],"predecessor-version":[{"id":1284,"href":"https:\/\/www.milosnicylasu.olsztyn.pl\/index.php?rest_route=\/wp\/v2\/posts\/1274\/revisions\/1284"}],"wp:attachment":[{"href":"https:\/\/www.milosnicylasu.olsztyn.pl\/index.php?rest_route=%2Fwp%2Fv2%2Fmedia&parent=1274"}],"wp:term":[{"taxonomy":"category","embeddable":true,"href":"https:\/\/www.milosnicylasu.olsztyn.pl\/index.php?rest_route=%2Fwp%2Fv2%2Fcategories&post=1274"},{"taxonomy":"post_tag","embeddable":true,"href":"https:\/\/www.milosnicylasu.olsztyn.pl\/index.php?rest_route=%2Fwp%2Fv2%2Ftags&post=1274"}],"curies":[{"name":"wp","href":"https:\/\/api.w.org\/{rel}","templated":true}]}}