{"id":1286,"date":"2014-10-22T10:48:01","date_gmt":"2014-10-22T08:48:01","guid":{"rendered":"http:\/\/www.milosnicylasu.olsztyn.pl\/?p=1286"},"modified":"2014-10-22T10:48:01","modified_gmt":"2014-10-22T08:48:01","slug":"obchody-jubileuszu-70-lecia-lok","status":"publish","type":"post","link":"https:\/\/www.milosnicylasu.olsztyn.pl\/?p=1286","title":{"rendered":"Obchody Jubileuszu 70-lecia LOK"},"content":{"rendered":"<p><a href=\"http:\/\/www.milosnicylasu.olsztyn.pl\/wp-content\/uploads\/2014\/10\/PA160001-www.jpg\" data-rel=\"lightbox-image-0\" data-magnific_type=\"image\" data-rl_title=\"\" data-rl_caption=\"\" title=\"\"><img loading=\"lazy\" decoding=\"async\" class=\"alignleft size-medium wp-image-1287\" alt=\"PA160001-www\" src=\"http:\/\/www.milosnicylasu.olsztyn.pl\/wp-content\/uploads\/2014\/10\/PA160001-www-300x225.jpg\" width=\"300\" height=\"225\" srcset=\"https:\/\/www.milosnicylasu.olsztyn.pl\/wp-content\/uploads\/2014\/10\/PA160001-www-300x225.jpg 300w, https:\/\/www.milosnicylasu.olsztyn.pl\/wp-content\/uploads\/2014\/10\/PA160001-www-400x300.jpg 400w, https:\/\/www.milosnicylasu.olsztyn.pl\/wp-content\/uploads\/2014\/10\/PA160001-www.jpg 1024w\" sizes=\"auto, (max-width: 300px) 100vw, 300px\" \/><\/a>17 pa\u017adziernika 2014 r. w o\u015brodku Ligi Obrony Kraju w Warszawie odby\u0142a si\u0119 uroczysto\u015b\u0107 obchod\u00f3w Jubileuszu 70-lecia Stowarzyszenia, nad kt\u00f3r\u0105 honorowy patronat obj\u0105\u0142 szef Biura Bezpiecze\u0144stwa Narodowego Minister Stanis\u0142aw Koziej.<\/p>\n<p>&nbsp;<\/p>\n<p>Zaproszenie na uroczysto\u015b\u0107 otrzymali cz\u0142onkowie naszego Ko\u0142a Krystyna i Anatol Leszczy\u0144scy, kt\u00f3rzy za prac\u0119 na rzecz LOK, zostali uhonorowani medalami Za Zas\u0142ugi Dla Obronno\u015bci Kraju.<\/p>\n<p style=\"text-align: center;\"><a href=\"http:\/\/www.milosnicylasu.olsztyn.pl\/wp-content\/uploads\/2014\/10\/PA160017-www.jpg\" data-rel=\"lightbox-image-1\" data-magnific_type=\"image\" data-rl_title=\"\" data-rl_caption=\"\" title=\"\"><img loading=\"lazy\" decoding=\"async\" class=\"size-medium wp-image-1289 aligncenter\" alt=\"PA160017-www\" src=\"http:\/\/www.milosnicylasu.olsztyn.pl\/wp-content\/uploads\/2014\/10\/PA160017-www-300x225.jpg\" width=\"300\" height=\"225\" srcset=\"https:\/\/www.milosnicylasu.olsztyn.pl\/wp-content\/uploads\/2014\/10\/PA160017-www-300x225.jpg 300w, https:\/\/www.milosnicylasu.olsztyn.pl\/wp-content\/uploads\/2014\/10\/PA160017-www-400x300.jpg 400w, https:\/\/www.milosnicylasu.olsztyn.pl\/wp-content\/uploads\/2014\/10\/PA160017-www.jpg 1024w\" sizes=\"auto, (max-width: 300px) 100vw, 300px\" \/><\/a><\/p>\n","protected":false},"excerpt":{"rendered":"<p>17 pa\u017adziernika 2014 r. w o\u015brodku Ligi Obrony Kraju w Warszawie odby\u0142a si\u0119 uroczysto\u015b\u0107 obchod\u00f3w Jubileuszu 70-lecia Stowarzyszenia, nad kt\u00f3r\u0105 honorowy patronat obj\u0105\u0142 szef Biura Bezpiecze\u0144stwa Narodowego Minister Stanis\u0142aw Koziej. &nbsp; Zaproszenie na uroczysto\u015b\u0107 otrzymali cz\u0142onkowie naszego Ko\u0142a Krystyna i Anatol Leszczy\u0144scy, kt\u00f3rzy za prac\u0119 na rzecz LOK, zostali uhonorowani medalami Za Zas\u0142ugi Dla Obronno\u015bci [&hellip;]<\/p>\n","protected":false},"author":1,"featured_media":0,"comment_status":"open","ping_status":"open","sticky":false,"template":"","format":"standard","meta":{"footnotes":""},"categories":[1,6],"tags":[],"class_list":["post-1286","post","type-post","status-publish","format-standard","hentry","category-bez-kategorii","category-odznaczenia"],"_links":{"self":[{"href":"https:\/\/www.milosnicylasu.olsztyn.pl\/index.php?rest_route=\/wp\/v2\/posts\/1286","targetHints":{"allow":["GET"]}}],"collection":[{"href":"https:\/\/www.milosnicylasu.olsztyn.pl\/index.php?rest_route=\/wp\/v2\/posts"}],"about":[{"href":"https:\/\/www.milosnicylasu.olsztyn.pl\/index.php?rest_route=\/wp\/v2\/types\/post"}],"author":[{"embeddable":true,"href":"https:\/\/www.milosnicylasu.olsztyn.pl\/index.php?rest_route=\/wp\/v2\/users\/1"}],"replies":[{"embeddable":true,"href":"https:\/\/www.milosnicylasu.olsztyn.pl\/index.php?rest_route=%2Fwp%2Fv2%2Fcomments&post=1286"}],"version-history":[{"count":1,"href":"https:\/\/www.milosnicylasu.olsztyn.pl\/index.php?rest_route=\/wp\/v2\/posts\/1286\/revisions"}],"predecessor-version":[{"id":1290,"href":"https:\/\/www.milosnicylasu.olsztyn.pl\/index.php?rest_route=\/wp\/v2\/posts\/1286\/revisions\/1290"}],"wp:attachment":[{"href":"https:\/\/www.milosnicylasu.olsztyn.pl\/index.php?rest_route=%2Fwp%2Fv2%2Fmedia&parent=1286"}],"wp:term":[{"taxonomy":"category","embeddable":true,"href":"https:\/\/www.milosnicylasu.olsztyn.pl\/index.php?rest_route=%2Fwp%2Fv2%2Fcategories&post=1286"},{"taxonomy":"post_tag","embeddable":true,"href":"https:\/\/www.milosnicylasu.olsztyn.pl\/index.php?rest_route=%2Fwp%2Fv2%2Ftags&post=1286"}],"curies":[{"name":"wp","href":"https:\/\/api.w.org\/{rel}","templated":true}]}}