{"id":1296,"date":"2014-10-22T11:47:23","date_gmt":"2014-10-22T09:47:23","guid":{"rendered":"http:\/\/www.milosnicylasu.olsztyn.pl\/?p=1296"},"modified":"2014-10-22T11:48:05","modified_gmt":"2014-10-22T09:48:05","slug":"nasi-w-barcelonie","status":"publish","type":"post","link":"https:\/\/www.milosnicylasu.olsztyn.pl\/?p=1296","title":{"rendered":"Nasi w Barcelonie"},"content":{"rendered":"<p><b>\u00a0<\/b><\/p>\n<p><a style=\"font-style: normal; line-height: 24.375px; text-decoration: underline;\" href=\"http:\/\/www.milosnicylasu.olsztyn.pl\/wp-content\/uploads\/2014\/10\/P9301755-www.jpg\" data-rel=\"lightbox-image-0\" data-magnific_type=\"image\" data-rl_title=\"\" data-rl_caption=\"\" title=\"\"><img loading=\"lazy\" decoding=\"async\" class=\"alignleft size-medium wp-image-1298\" style=\"border-color: #bbbbbb; background: #eeeeee;\" alt=\"P9301755-www\" src=\"http:\/\/www.milosnicylasu.olsztyn.pl\/wp-content\/uploads\/2014\/10\/P9301755-www-300x225.jpg\" width=\"300\" height=\"225\" srcset=\"https:\/\/www.milosnicylasu.olsztyn.pl\/wp-content\/uploads\/2014\/10\/P9301755-www-300x225.jpg 300w, https:\/\/www.milosnicylasu.olsztyn.pl\/wp-content\/uploads\/2014\/10\/P9301755-www-400x300.jpg 400w, https:\/\/www.milosnicylasu.olsztyn.pl\/wp-content\/uploads\/2014\/10\/P9301755-www.jpg 1024w\" sizes=\"auto, (max-width: 300px) 100vw, 300px\" \/><\/a><a href=\"http:\/\/www.milosnicylasu.olsztyn.pl\/wp-content\/uploads\/2014\/10\/P9301729-www.jpg\" data-rel=\"lightbox-image-1\" data-magnific_type=\"image\" data-rl_title=\"\" data-rl_caption=\"\" title=\"\"><img loading=\"lazy\" decoding=\"async\" class=\"size-medium wp-image-1297 alignright\" alt=\"P9301729-www\" src=\"http:\/\/www.milosnicylasu.olsztyn.pl\/wp-content\/uploads\/2014\/10\/P9301729-www-300x225.jpg\" width=\"300\" height=\"225\" srcset=\"https:\/\/www.milosnicylasu.olsztyn.pl\/wp-content\/uploads\/2014\/10\/P9301729-www-300x225.jpg 300w, https:\/\/www.milosnicylasu.olsztyn.pl\/wp-content\/uploads\/2014\/10\/P9301729-www-400x300.jpg 400w, https:\/\/www.milosnicylasu.olsztyn.pl\/wp-content\/uploads\/2014\/10\/P9301729-www.jpg 1024w\" sizes=\"auto, (max-width: 300px) 100vw, 300px\" \/><\/a>Zdj\u0119cie zrobili\u015bmy w Parku Guell w Barcelonie. Park Guell to najbardziej znany park Barcelony, mie\u015bci si\u0119 w p\u00f3\u0142nocno-centralnej cz\u0119\u015bci miasta, w dzielnicy El Carmel. Jego budowa rozpocze\u0142a si\u0119 w 1900r., a zako\u0144czy\u0142a w 1914 r. Park zaprojektowa\u0142 s\u0142ynny architekt Antoni Gaud\u00ed.<\/p>\n<p>&nbsp;<\/p>\n<p>&nbsp;<\/p>\n<p>Nie jest to zwyk\u0142y park, ju\u017c od wej\u015bcia mo\u017cna zobaczy\u0107 dziwaczne budowle, rze\u017aby i mozaiki.<\/p>\n<p>&nbsp;<\/p>\n<p>&nbsp;<\/p>\n<p>Park ma od 1984 roku zaszczyt znajdowa\u0107 si\u0119 na Li\u015bcie \u015bwiatowego dziedzictwa kulturowego UNESCO.<a href=\"http:\/\/www.milosnicylasu.olsztyn.pl\/wp-content\/uploads\/2014\/10\/P9301778-www.jpg\" data-rel=\"lightbox-image-2\" data-magnific_type=\"image\" data-rl_title=\"\" data-rl_caption=\"\" title=\"\"><img loading=\"lazy\" decoding=\"async\" class=\"alignleft size-medium wp-image-1299\" alt=\"P9301778-www\" src=\"http:\/\/www.milosnicylasu.olsztyn.pl\/wp-content\/uploads\/2014\/10\/P9301778-www-300x225.jpg\" width=\"300\" height=\"225\" srcset=\"https:\/\/www.milosnicylasu.olsztyn.pl\/wp-content\/uploads\/2014\/10\/P9301778-www-300x225.jpg 300w, https:\/\/www.milosnicylasu.olsztyn.pl\/wp-content\/uploads\/2014\/10\/P9301778-www-400x300.jpg 400w, https:\/\/www.milosnicylasu.olsztyn.pl\/wp-content\/uploads\/2014\/10\/P9301778-www.jpg 1024w\" sizes=\"auto, (max-width: 300px) 100vw, 300px\" \/><\/a><\/p>\n<p>&nbsp;<\/p>\n","protected":false},"excerpt":{"rendered":"<p>\u00a0 Zdj\u0119cie zrobili\u015bmy w Parku Guell w Barcelonie. Park Guell to najbardziej znany park Barcelony, mie\u015bci si\u0119 w p\u00f3\u0142nocno-centralnej cz\u0119\u015bci miasta, w dzielnicy El Carmel. Jego budowa rozpocze\u0142a si\u0119 w 1900r., a zako\u0144czy\u0142a w 1914 r. Park zaprojektowa\u0142 s\u0142ynny architekt Antoni Gaud\u00ed. &nbsp; &nbsp; Nie jest to zwyk\u0142y park, ju\u017c od wej\u015bcia mo\u017cna zobaczy\u0107 dziwaczne [&hellip;]<\/p>\n","protected":false},"author":1,"featured_media":0,"comment_status":"open","ping_status":"open","sticky":false,"template":"","format":"standard","meta":{"footnotes":""},"categories":[1,9,5],"tags":[],"class_list":["post-1296","post","type-post","status-publish","format-standard","hentry","category-bez-kategorii","category-ciekawostki","category-wycieczki"],"_links":{"self":[{"href":"https:\/\/www.milosnicylasu.olsztyn.pl\/index.php?rest_route=\/wp\/v2\/posts\/1296","targetHints":{"allow":["GET"]}}],"collection":[{"href":"https:\/\/www.milosnicylasu.olsztyn.pl\/index.php?rest_route=\/wp\/v2\/posts"}],"about":[{"href":"https:\/\/www.milosnicylasu.olsztyn.pl\/index.php?rest_route=\/wp\/v2\/types\/post"}],"author":[{"embeddable":true,"href":"https:\/\/www.milosnicylasu.olsztyn.pl\/index.php?rest_route=\/wp\/v2\/users\/1"}],"replies":[{"embeddable":true,"href":"https:\/\/www.milosnicylasu.olsztyn.pl\/index.php?rest_route=%2Fwp%2Fv2%2Fcomments&post=1296"}],"version-history":[{"count":2,"href":"https:\/\/www.milosnicylasu.olsztyn.pl\/index.php?rest_route=\/wp\/v2\/posts\/1296\/revisions"}],"predecessor-version":[{"id":1302,"href":"https:\/\/www.milosnicylasu.olsztyn.pl\/index.php?rest_route=\/wp\/v2\/posts\/1296\/revisions\/1302"}],"wp:attachment":[{"href":"https:\/\/www.milosnicylasu.olsztyn.pl\/index.php?rest_route=%2Fwp%2Fv2%2Fmedia&parent=1296"}],"wp:term":[{"taxonomy":"category","embeddable":true,"href":"https:\/\/www.milosnicylasu.olsztyn.pl\/index.php?rest_route=%2Fwp%2Fv2%2Fcategories&post=1296"},{"taxonomy":"post_tag","embeddable":true,"href":"https:\/\/www.milosnicylasu.olsztyn.pl\/index.php?rest_route=%2Fwp%2Fv2%2Ftags&post=1296"}],"curies":[{"name":"wp","href":"https:\/\/api.w.org\/{rel}","templated":true}]}}