{"id":1307,"date":"2014-11-01T12:22:31","date_gmt":"2014-11-01T11:22:31","guid":{"rendered":"http:\/\/www.milosnicylasu.olsztyn.pl\/?p=1307"},"modified":"2014-11-01T12:47:51","modified_gmt":"2014-11-01T11:47:51","slug":"wyjazdowa-edukacja-lesna-w-nadlesnictwie-milomlyn","status":"publish","type":"post","link":"https:\/\/www.milosnicylasu.olsztyn.pl\/?p=1307","title":{"rendered":"Wyjazdowa edukacja le\u015bna w Nadle\u015bnictwie Mi\u0142om\u0142yn"},"content":{"rendered":"<p><a href=\"http:\/\/www.milosnicylasu.olsztyn.pl\/wp-content\/uploads\/2014\/10\/PA230069-www.jpg\" data-rel=\"lightbox-image-0\" data-magnific_type=\"image\" data-rl_title=\"\" data-rl_caption=\"\" title=\"\"><img loading=\"lazy\" decoding=\"async\" class=\"alignleft size-medium wp-image-1308\" alt=\"PA230069-www\" src=\"http:\/\/www.milosnicylasu.olsztyn.pl\/wp-content\/uploads\/2014\/10\/PA230069-www-300x225.jpg\" width=\"300\" height=\"225\" srcset=\"https:\/\/www.milosnicylasu.olsztyn.pl\/wp-content\/uploads\/2014\/10\/PA230069-www-300x225.jpg 300w, https:\/\/www.milosnicylasu.olsztyn.pl\/wp-content\/uploads\/2014\/10\/PA230069-www-400x300.jpg 400w, https:\/\/www.milosnicylasu.olsztyn.pl\/wp-content\/uploads\/2014\/10\/PA230069-www.jpg 1024w\" sizes=\"auto, (max-width: 300px) 100vw, 300px\" \/><\/a><\/p>\n<p>24 pa\u017adziernika wyjechali\u015bmy do go\u015bcinnego Nadle\u015bnictwa Mi\u0142om\u0142yn. By\u0142a to nasza \u00a0pi\u0105ta le\u015bna lekcja w tym Nadle\u015bnictwie. \u00a0Zawsze byli\u015bmy tam bardzo serdecznie przyjmowani przez Nadle\u015bniczego Pana Wies\u0142awa Stachowicza i jego wsp\u00f3\u0142pracownik\u00f3w. Tym razem \u00a0by\u0142o podobnie.<\/p>\n<p>&nbsp;<\/p>\n<p><img loading=\"lazy\" decoding=\"async\" class=\"size-medium wp-image-1313 alignright\" alt=\"PA230105-www\" src=\"http:\/\/www.milosnicylasu.olsztyn.pl\/wp-content\/uploads\/2014\/10\/PA230105-www-300x225.jpg\" width=\"300\" height=\"225\" srcset=\"https:\/\/www.milosnicylasu.olsztyn.pl\/wp-content\/uploads\/2014\/10\/PA230105-www-300x225.jpg 300w, https:\/\/www.milosnicylasu.olsztyn.pl\/wp-content\/uploads\/2014\/10\/PA230105-www-400x300.jpg 400w, https:\/\/www.milosnicylasu.olsztyn.pl\/wp-content\/uploads\/2014\/10\/PA230105-www.jpg 1024w\" sizes=\"auto, (max-width: 300px) 100vw, 300px\" \/><\/p>\n<p>&nbsp;<\/p>\n<p>Przy pi\u0119knej s\u0142onecznej pogodzie w\u0119drowali\u015bmy le\u015bnymi duktami s\u0142uchaj\u0105c wielu ciekawostek le\u015bnych i historycznych.<\/p>\n<p>&nbsp;<\/p>\n<p style=\"color: #333333; font-style: normal; line-height: 24.375px;\"><a style=\"font-style: normal; line-height: 24.375px; text-decoration: underline;\" href=\"http:\/\/www.milosnicylasu.olsztyn.pl\/wp-content\/uploads\/2014\/11\/PA230053-www.jpg\" data-rel=\"lightbox-image-1\" data-magnific_type=\"image\" data-rl_title=\"\" data-rl_caption=\"\" title=\"\"><img loading=\"lazy\" decoding=\"async\" class=\"alignleft size-medium wp-image-1315\" style=\"border-color: #bbbbbb; background: #eeeeee;\" alt=\"PA230053-www\" src=\"http:\/\/www.milosnicylasu.olsztyn.pl\/wp-content\/uploads\/2014\/11\/PA230053-www-300x225.jpg\" width=\"300\" height=\"225\" srcset=\"https:\/\/www.milosnicylasu.olsztyn.pl\/wp-content\/uploads\/2014\/11\/PA230053-www-300x225.jpg 300w, https:\/\/www.milosnicylasu.olsztyn.pl\/wp-content\/uploads\/2014\/11\/PA230053-www-400x300.jpg 400w, https:\/\/www.milosnicylasu.olsztyn.pl\/wp-content\/uploads\/2014\/11\/PA230053-www.jpg 1024w\" sizes=\"auto, (max-width: 300px) 100vw, 300px\" \/><\/a><\/p>\n<p>&nbsp;<\/p>\n<p><a href=\"http:\/\/www.milosnicylasu.olsztyn.pl\/wp-content\/uploads\/2014\/11\/PA230080-www.jpg\" data-rel=\"lightbox-image-2\" data-magnific_type=\"image\" data-rl_title=\"\" data-rl_caption=\"\" title=\"\"><img loading=\"lazy\" decoding=\"async\" class=\"alignleft size-medium wp-image-1314\" alt=\"PA230080-www\" src=\"http:\/\/www.milosnicylasu.olsztyn.pl\/wp-content\/uploads\/2014\/11\/PA230080-www-300x225.jpg\" width=\"300\" height=\"225\" srcset=\"https:\/\/www.milosnicylasu.olsztyn.pl\/wp-content\/uploads\/2014\/11\/PA230080-www-300x225.jpg 300w, https:\/\/www.milosnicylasu.olsztyn.pl\/wp-content\/uploads\/2014\/11\/PA230080-www-400x300.jpg 400w, https:\/\/www.milosnicylasu.olsztyn.pl\/wp-content\/uploads\/2014\/11\/PA230080-www.jpg 1024w\" sizes=\"auto, (max-width: 300px) 100vw, 300px\" \/><\/a><\/p>\n<p>Zwiedzili\u015bmy szk\u00f3\u0142k\u0119 le\u015bn\u0105, gdzie zapoznali\u015bmy si\u0119 z d\u0142ugim procesem wyhodowania pi\u0119knych sosen taborskich, od posiania nasion, piel\u0119gnacj\u0119. A nasiona pozyskiwane s\u0105 z najdorodniejszych sosen, rosn\u0105cych zar\u00f3wno w rezerwacie jak i drzewostanach nasiennych.<\/p>\n<p>&nbsp;<\/p>\n<p>W\u015br\u00f3d pi\u0119knych las\u00f3w taborskich s\u0105 \u00a0i takie &#8222;pere\u0142ki&#8221; &#8211; jeziora polodowcowe.<\/p>\n<p>&nbsp;<\/p>\n<p>&nbsp;<\/p>\n<p><img loading=\"lazy\" decoding=\"async\" class=\"size-medium wp-image-1317 alignright\" alt=\"PA230065-www\" src=\"http:\/\/www.milosnicylasu.olsztyn.pl\/wp-content\/uploads\/2014\/11\/PA230065-www-300x225.jpg\" width=\"300\" height=\"225\" srcset=\"https:\/\/www.milosnicylasu.olsztyn.pl\/wp-content\/uploads\/2014\/11\/PA230065-www-300x225.jpg 300w, https:\/\/www.milosnicylasu.olsztyn.pl\/wp-content\/uploads\/2014\/11\/PA230065-www-400x300.jpg 400w, https:\/\/www.milosnicylasu.olsztyn.pl\/wp-content\/uploads\/2014\/11\/PA230065-www.jpg 1024w\" sizes=\"auto, (max-width: 300px) 100vw, 300px\" \/><\/p>\n<p>&nbsp;<\/p>\n<p>&nbsp;<\/p>\n<p>W czasie naszego spaceru zobaczyli\u015bmy kurhany i stare grodziska.<\/p>\n<p><img loading=\"lazy\" decoding=\"async\" class=\"size-medium wp-image-1316 alignright\" alt=\"PA230119-www\" src=\"http:\/\/www.milosnicylasu.olsztyn.pl\/wp-content\/uploads\/2014\/11\/PA230119-www-300x225.jpg\" width=\"300\" height=\"225\" srcset=\"https:\/\/www.milosnicylasu.olsztyn.pl\/wp-content\/uploads\/2014\/11\/PA230119-www-300x225.jpg 300w, https:\/\/www.milosnicylasu.olsztyn.pl\/wp-content\/uploads\/2014\/11\/PA230119-www-400x300.jpg 400w, https:\/\/www.milosnicylasu.olsztyn.pl\/wp-content\/uploads\/2014\/11\/PA230119-www.jpg 1024w\" sizes=\"auto, (max-width: 300px) 100vw, 300px\" \/><\/p>\n<p>&nbsp;<\/p>\n<p>&nbsp;<\/p>\n<p>&nbsp;<\/p>\n<p>W\u0119druj\u0105c, mogli\u015bmy zobaczy\u0107 \u00a0nowo\u015bci &#8211; mostek nad rzek\u0105, now\u0105 drog\u0119 asfaltow\u0105 i kapliczk\u0119 \u015bw. Huberta, kt\u00f3rej uroczyste po\u015bwi\u0119cenie odb\u0119dzie si\u0119 w listopadzie &#8211; na rozpocz\u0119cie sezonu polowa\u0144.<\/p>\n<p><img loading=\"lazy\" decoding=\"async\" class=\"alignleft size-medium wp-image-1318\" alt=\"PA230123-www\" src=\"http:\/\/www.milosnicylasu.olsztyn.pl\/wp-content\/uploads\/2014\/11\/PA230123-www-300x225.jpg\" width=\"300\" height=\"225\" srcset=\"https:\/\/www.milosnicylasu.olsztyn.pl\/wp-content\/uploads\/2014\/11\/PA230123-www-300x225.jpg 300w, https:\/\/www.milosnicylasu.olsztyn.pl\/wp-content\/uploads\/2014\/11\/PA230123-www-400x300.jpg 400w, https:\/\/www.milosnicylasu.olsztyn.pl\/wp-content\/uploads\/2014\/11\/PA230123-www.jpg 1024w\" sizes=\"auto, (max-width: 300px) 100vw, 300px\" \/><\/p>\n<p>&nbsp;<\/p>\n<p>Nasza w\u0119dr\u00f3wka przez pi\u0119kne lasy sosnowe i bukowe Nadle\u015bnictwa Mi\u0142om\u0142yn zako\u0144czy\u0142a si\u0119 przy ognisku i kie\u0142baskach.<\/p>\n<p>&nbsp;<\/p>\n<p>&nbsp;<\/p>\n<p><span style=\"color: #333333; font-style: normal; line-height: 24.375px;\">Wracali\u015bmy do domu p<\/span>e\u0142ni wra\u017ce\u0144 i nowych wiadomo\u015bci. A \u017ce wiadomo\u015bci le\u015bne s\u0105 dobrze przez nas przyswajane, mogli\u015bmy si\u0119 przekona\u0107 podczas konkursu le\u015bnego, kt\u00f3ry przygotowa\u0142 nasz kolega Rysiu Chudziakiewicz. Dla os\u00f3b o najwi\u0119kszej wiedzy \u00a0by\u0142y przygotowane drobne upominki. Dzi\u0119kujemy serdecznie Panu Wies\u0142awowi \u00a0i jego wsp\u00f3\u0142pracownikom &#8211; le\u015bnikom za go\u015bcin\u0119, za serdeczno\u015b\u0107, za po\u015bwi\u0119cony czas, za wiedz\u0119, za nowy folder pt.:&#8221;Sosna Taborska &#8211; podr\u00f3\u017c przez stulecia&#8221;, kt\u00f3ry otrzymali wszyscy uczestnicy wyprawy.<\/p>\n<p>Pozdrawiamy serdecznie i nie\u015bmia\u0142o m\u00f3wimy <strong>do zobaczenia.<\/strong><\/p>\n<p>Wycieczk\u0119 zorganizowa\u0142 Tolek Leszczy\u0144ski a stron\u0105 finansow\u0105 zaj\u0119\u0142a si\u0119 Basia Bruzgo.<\/p>\n<p>&nbsp;<\/p>\n<p>&nbsp;<\/p>\n","protected":false},"excerpt":{"rendered":"<p>24 pa\u017adziernika wyjechali\u015bmy do go\u015bcinnego Nadle\u015bnictwa Mi\u0142om\u0142yn. By\u0142a to nasza \u00a0pi\u0105ta le\u015bna lekcja w tym Nadle\u015bnictwie. \u00a0Zawsze byli\u015bmy tam bardzo serdecznie przyjmowani przez Nadle\u015bniczego Pana Wies\u0142awa Stachowicza i jego wsp\u00f3\u0142pracownik\u00f3w. Tym razem \u00a0by\u0142o podobnie. &nbsp; &nbsp; Przy pi\u0119knej s\u0142onecznej pogodzie w\u0119drowali\u015bmy le\u015bnymi duktami s\u0142uchaj\u0105c wielu ciekawostek le\u015bnych i historycznych. &nbsp; &nbsp; Zwiedzili\u015bmy szk\u00f3\u0142k\u0119 le\u015bn\u0105, gdzie [&hellip;]<\/p>\n","protected":false},"author":1,"featured_media":0,"comment_status":"open","ping_status":"open","sticky":false,"template":"","format":"standard","meta":{"footnotes":""},"categories":[1,9,2,5],"tags":[],"class_list":["post-1307","post","type-post","status-publish","format-standard","hentry","category-bez-kategorii","category-ciekawostki","category-rajdy","category-wycieczki"],"_links":{"self":[{"href":"https:\/\/www.milosnicylasu.olsztyn.pl\/index.php?rest_route=\/wp\/v2\/posts\/1307","targetHints":{"allow":["GET"]}}],"collection":[{"href":"https:\/\/www.milosnicylasu.olsztyn.pl\/index.php?rest_route=\/wp\/v2\/posts"}],"about":[{"href":"https:\/\/www.milosnicylasu.olsztyn.pl\/index.php?rest_route=\/wp\/v2\/types\/post"}],"author":[{"embeddable":true,"href":"https:\/\/www.milosnicylasu.olsztyn.pl\/index.php?rest_route=\/wp\/v2\/users\/1"}],"replies":[{"embeddable":true,"href":"https:\/\/www.milosnicylasu.olsztyn.pl\/index.php?rest_route=%2Fwp%2Fv2%2Fcomments&post=1307"}],"version-history":[{"count":4,"href":"https:\/\/www.milosnicylasu.olsztyn.pl\/index.php?rest_route=\/wp\/v2\/posts\/1307\/revisions"}],"predecessor-version":[{"id":1323,"href":"https:\/\/www.milosnicylasu.olsztyn.pl\/index.php?rest_route=\/wp\/v2\/posts\/1307\/revisions\/1323"}],"wp:attachment":[{"href":"https:\/\/www.milosnicylasu.olsztyn.pl\/index.php?rest_route=%2Fwp%2Fv2%2Fmedia&parent=1307"}],"wp:term":[{"taxonomy":"category","embeddable":true,"href":"https:\/\/www.milosnicylasu.olsztyn.pl\/index.php?rest_route=%2Fwp%2Fv2%2Fcategories&post=1307"},{"taxonomy":"post_tag","embeddable":true,"href":"https:\/\/www.milosnicylasu.olsztyn.pl\/index.php?rest_route=%2Fwp%2Fv2%2Ftags&post=1307"}],"curies":[{"name":"wp","href":"https:\/\/api.w.org\/{rel}","templated":true}]}}