{"id":1327,"date":"2014-11-15T07:04:57","date_gmt":"2014-11-15T06:04:57","guid":{"rendered":"http:\/\/www.milosnicylasu.olsztyn.pl\/?p=1327"},"modified":"2014-11-17T17:35:06","modified_gmt":"2014-11-17T16:35:06","slug":"ceramiczne-maki-wokol-tower-of-london","status":"publish","type":"post","link":"https:\/\/www.milosnicylasu.olsztyn.pl\/?p=1327","title":{"rendered":"Ceramiczne maki wok\u00f3\u0142 Tower of London"},"content":{"rendered":"<p><b><a href=\"http:\/\/www.milosnicylasu.olsztyn.pl\/wp-content\/uploads\/2014\/11\/PB081235-www.jpg\" data-rel=\"lightbox-image-0\" data-magnific_type=\"image\" data-rl_title=\"\" data-rl_caption=\"\" title=\"\"><img loading=\"lazy\" decoding=\"async\" class=\"alignleft size-medium wp-image-1328\" alt=\"PB081235-www\" src=\"http:\/\/www.milosnicylasu.olsztyn.pl\/wp-content\/uploads\/2014\/11\/PB081235-www-300x225.jpg\" width=\"300\" height=\"225\" srcset=\"https:\/\/www.milosnicylasu.olsztyn.pl\/wp-content\/uploads\/2014\/11\/PB081235-www-300x225.jpg 300w, https:\/\/www.milosnicylasu.olsztyn.pl\/wp-content\/uploads\/2014\/11\/PB081235-www-400x300.jpg 400w, https:\/\/www.milosnicylasu.olsztyn.pl\/wp-content\/uploads\/2014\/11\/PB081235-www.jpg 1024w\" sizes=\"auto, (max-width: 300px) 100vw, 300px\" \/><\/a><\/b><b>Ponad 800 tys. ceramicznych mak\u00f3w pojawi\u0142o si\u0119 wok\u00f3\u0142 Tower of London w zwi\u0105zku z obchodami Dnia Pami\u0119ci. Instalacj\u0119 mo\u017cna by\u0142o podziwia\u0107 do 11 listopada. P\u00f3\u017aniej kwiaty zostan\u0105 przes\u0142ane do os\u00f3b, kt\u00f3re kupi\u0142y je podczas licytacji. Zebrane pieni\u0105dze zostan\u0105 przekazane na pomoc weteranom wojennym.<\/b><\/p>\n<p>11 listopada w rocznic\u0119 zako\u0144czenia dzia\u0142a\u0144 wojennych na froncie zachodnim podczas I wojny \u015bwiatowej w Wielkiej Brytanii \u015bwi\u0119towany jest Dzie\u0144 Zawieszenia Broni.\u00a0<a href=\"http:\/\/www.milosnicylasu.olsztyn.pl\/wp-content\/uploads\/2014\/11\/PB081228-www.jpg\" data-rel=\"lightbox-image-1\" data-magnific_type=\"image\" data-rl_title=\"\" data-rl_caption=\"\" title=\"\"><img loading=\"lazy\" decoding=\"async\" class=\"size-medium wp-image-1329 alignright\" alt=\"PB081228-www\" src=\"http:\/\/www.milosnicylasu.olsztyn.pl\/wp-content\/uploads\/2014\/11\/PB081228-www-300x225.jpg\" width=\"300\" height=\"225\" srcset=\"https:\/\/www.milosnicylasu.olsztyn.pl\/wp-content\/uploads\/2014\/11\/PB081228-www-300x225.jpg 300w, https:\/\/www.milosnicylasu.olsztyn.pl\/wp-content\/uploads\/2014\/11\/PB081228-www-400x300.jpg 400w, https:\/\/www.milosnicylasu.olsztyn.pl\/wp-content\/uploads\/2014\/11\/PB081228-www.jpg 1024w\" sizes=\"auto, (max-width: 300px) 100vw, 300px\" \/><\/a><\/p>\n<p>W niedziel\u0119, najbli\u017csz\u0105 tej dacie, obchodzony jest natomiast Dzie\u0144 Pami\u0119ci na cze\u015b\u0107 \u017co\u0142nierzy poleg\u0142ych w obu wojnach.<\/p>\n<p>Tegoroczne \u015bwi\u0119to postanowiono uczci\u0107 w wyj\u0105tkowy spos\u00f3b. Wok\u00f3\u0142 Tower of London powsta\u0142a instalacja &#8222;<i>Blood Swept Lands and Seas of Red&#8221;<\/i>, zaprojektowana przez Paula Cumminsa oraz Toma Pipera. Sk\u0142ada si\u0119 ona z 888 246 r\u0119cznie wykonanych ceramicznych mak\u00f3w. Ka\u017cdy kwiat upami\u0119tnia jedn\u0105 brytyjsk\u0105 ofiar\u0119 zmaga\u0144 wojennych.<\/p>\n<p><a href=\"http:\/\/www.milosnicylasu.olsztyn.pl\/wp-content\/uploads\/2014\/11\/PB081274-www.jpg\" data-rel=\"lightbox-image-2\" data-magnific_type=\"image\" data-rl_title=\"\" data-rl_caption=\"\" title=\"\"><img loading=\"lazy\" decoding=\"async\" class=\"alignleft size-medium wp-image-1330\" alt=\"PB081274-www\" src=\"http:\/\/www.milosnicylasu.olsztyn.pl\/wp-content\/uploads\/2014\/11\/PB081274-www-300x225.jpg\" width=\"300\" height=\"225\" srcset=\"https:\/\/www.milosnicylasu.olsztyn.pl\/wp-content\/uploads\/2014\/11\/PB081274-www-300x225.jpg 300w, https:\/\/www.milosnicylasu.olsztyn.pl\/wp-content\/uploads\/2014\/11\/PB081274-www-400x300.jpg 400w, https:\/\/www.milosnicylasu.olsztyn.pl\/wp-content\/uploads\/2014\/11\/PB081274-www.jpg 1024w\" sizes=\"auto, (max-width: 300px) 100vw, 300px\" \/><\/a>&#8222;Makow\u0105&#8221; instalacj\u0119 otwarto 5 sierpnia, czyli dok\u0142adnie 100 lat po przyst\u0105pieniu Wielkiej Brytanii do I wojny \u015bwiatowej. Ostatnie kwiaty zosta\u0142y &#8222;posadzone&#8221; w dniu \u015bwi\u0119ta, 11 listopada. Tego dnia w 1918 roku og\u0142oszono koniec wojny<\/p>\n<p>Szacuje si\u0119, \u017ce instalacj\u0119 zobaczy\u0142y ponad 4 miliony os\u00f3b. W\u015br\u00f3d nich by\u0142a m.in. kr\u00f3lowa El\u017cbieta II z m\u0119\u017cem no i &#8230;&#8230;. Krystyna i Anatol Leszczy\u0144scy. \u00a0 .<\/p>\n","protected":false},"excerpt":{"rendered":"<p>Ponad 800 tys. ceramicznych mak\u00f3w pojawi\u0142o si\u0119 wok\u00f3\u0142 Tower of London w zwi\u0105zku z obchodami Dnia Pami\u0119ci. Instalacj\u0119 mo\u017cna by\u0142o podziwia\u0107 do 11 listopada. P\u00f3\u017aniej kwiaty zostan\u0105 przes\u0142ane do os\u00f3b, kt\u00f3re kupi\u0142y je podczas licytacji. Zebrane pieni\u0105dze zostan\u0105 przekazane na pomoc weteranom wojennym. 11 listopada w rocznic\u0119 zako\u0144czenia dzia\u0142a\u0144 wojennych na froncie zachodnim podczas I [&hellip;]<\/p>\n","protected":false},"author":1,"featured_media":0,"comment_status":"open","ping_status":"open","sticky":false,"template":"","format":"standard","meta":{"footnotes":""},"categories":[1,9,5],"tags":[],"class_list":["post-1327","post","type-post","status-publish","format-standard","hentry","category-bez-kategorii","category-ciekawostki","category-wycieczki"],"_links":{"self":[{"href":"https:\/\/www.milosnicylasu.olsztyn.pl\/index.php?rest_route=\/wp\/v2\/posts\/1327","targetHints":{"allow":["GET"]}}],"collection":[{"href":"https:\/\/www.milosnicylasu.olsztyn.pl\/index.php?rest_route=\/wp\/v2\/posts"}],"about":[{"href":"https:\/\/www.milosnicylasu.olsztyn.pl\/index.php?rest_route=\/wp\/v2\/types\/post"}],"author":[{"embeddable":true,"href":"https:\/\/www.milosnicylasu.olsztyn.pl\/index.php?rest_route=\/wp\/v2\/users\/1"}],"replies":[{"embeddable":true,"href":"https:\/\/www.milosnicylasu.olsztyn.pl\/index.php?rest_route=%2Fwp%2Fv2%2Fcomments&post=1327"}],"version-history":[{"count":2,"href":"https:\/\/www.milosnicylasu.olsztyn.pl\/index.php?rest_route=\/wp\/v2\/posts\/1327\/revisions"}],"predecessor-version":[{"id":1348,"href":"https:\/\/www.milosnicylasu.olsztyn.pl\/index.php?rest_route=\/wp\/v2\/posts\/1327\/revisions\/1348"}],"wp:attachment":[{"href":"https:\/\/www.milosnicylasu.olsztyn.pl\/index.php?rest_route=%2Fwp%2Fv2%2Fmedia&parent=1327"}],"wp:term":[{"taxonomy":"category","embeddable":true,"href":"https:\/\/www.milosnicylasu.olsztyn.pl\/index.php?rest_route=%2Fwp%2Fv2%2Fcategories&post=1327"},{"taxonomy":"post_tag","embeddable":true,"href":"https:\/\/www.milosnicylasu.olsztyn.pl\/index.php?rest_route=%2Fwp%2Fv2%2Ftags&post=1327"}],"curies":[{"name":"wp","href":"https:\/\/api.w.org\/{rel}","templated":true}]}}