{"id":133,"date":"2013-03-31T20:42:09","date_gmt":"2013-03-31T18:42:09","guid":{"rendered":"http:\/\/www.milosnicylasu.olsztyn.pl\/?p=133"},"modified":"2013-04-24T06:34:18","modified_gmt":"2013-04-24T04:34:18","slug":"zaproszenie-na-zebranie","status":"publish","type":"post","link":"https:\/\/www.milosnicylasu.olsztyn.pl\/?p=133","title":{"rendered":"Zaproszenie na zebranie"},"content":{"rendered":"<p>Zapraszamy na zebranie, kt\u00f3re odb\u0119dzie si\u0119 jak zwykle w pierwszy czwartek miesi\u0105ca &#8211; 4 kwietnia w Regionalnej Dyrekcji Las\u00f3w Pa\u0144stwowych w Olsztynie o godzinie 15.00.<!--more--><\/p>\n<p>W ramach &#8222;czwartk\u00f3w ekologicznych&#8221;, planowany jest wyk\u0142ad przedstawiciela RDLP w Olsztynie Pana Tadeusza Pampucha\u00a0 na temat las\u00f3w w Szwecji.<\/p>\n<p>Na zebraniu b\u0119d\u0105 m.in. om\u00f3wione sprawy zwi\u0105zane z obchodami czwartej rocznicy powstania Ko\u0142a oraz\u00a0 przyjmowane wp\u0142aty na wycieczk\u0119 &#8222;Szlakiem dwork\u00f3w, pa\u0142acyk\u00f3w Warmii i Mazur&#8221; &#8211; cz\u0119\u015b\u0107 II. Wycieczka odb\u0119dzie si\u0119 20 kwietnia br. &#8211; w sobot\u0119, a odp\u0142atno\u015b\u0107 wynosi 35 z\u0142.<\/p>\n","protected":false},"excerpt":{"rendered":"<p>Zapraszamy na zebranie, kt\u00f3re odb\u0119dzie si\u0119 jak zwykle w pierwszy czwartek miesi\u0105ca &#8211; 4 kwietnia w Regionalnej Dyrekcji Las\u00f3w Pa\u0144stwowych w Olsztynie o godzinie 15.00.<\/p>\n","protected":false},"author":1,"featured_media":0,"comment_status":"open","ping_status":"open","sticky":false,"template":"","format":"standard","meta":{"footnotes":""},"categories":[3],"tags":[],"class_list":["post-133","post","type-post","status-publish","format-standard","hentry","category-zebrania"],"_links":{"self":[{"href":"https:\/\/www.milosnicylasu.olsztyn.pl\/index.php?rest_route=\/wp\/v2\/posts\/133","targetHints":{"allow":["GET"]}}],"collection":[{"href":"https:\/\/www.milosnicylasu.olsztyn.pl\/index.php?rest_route=\/wp\/v2\/posts"}],"about":[{"href":"https:\/\/www.milosnicylasu.olsztyn.pl\/index.php?rest_route=\/wp\/v2\/types\/post"}],"author":[{"embeddable":true,"href":"https:\/\/www.milosnicylasu.olsztyn.pl\/index.php?rest_route=\/wp\/v2\/users\/1"}],"replies":[{"embeddable":true,"href":"https:\/\/www.milosnicylasu.olsztyn.pl\/index.php?rest_route=%2Fwp%2Fv2%2Fcomments&post=133"}],"version-history":[{"count":3,"href":"https:\/\/www.milosnicylasu.olsztyn.pl\/index.php?rest_route=\/wp\/v2\/posts\/133\/revisions"}],"predecessor-version":[{"id":144,"href":"https:\/\/www.milosnicylasu.olsztyn.pl\/index.php?rest_route=\/wp\/v2\/posts\/133\/revisions\/144"}],"wp:attachment":[{"href":"https:\/\/www.milosnicylasu.olsztyn.pl\/index.php?rest_route=%2Fwp%2Fv2%2Fmedia&parent=133"}],"wp:term":[{"taxonomy":"category","embeddable":true,"href":"https:\/\/www.milosnicylasu.olsztyn.pl\/index.php?rest_route=%2Fwp%2Fv2%2Fcategories&post=133"},{"taxonomy":"post_tag","embeddable":true,"href":"https:\/\/www.milosnicylasu.olsztyn.pl\/index.php?rest_route=%2Fwp%2Fv2%2Ftags&post=133"}],"curies":[{"name":"wp","href":"https:\/\/api.w.org\/{rel}","templated":true}]}}