{"id":1332,"date":"2014-11-17T15:52:49","date_gmt":"2014-11-17T14:52:49","guid":{"rendered":"http:\/\/www.milosnicylasu.olsztyn.pl\/?p=1332"},"modified":"2014-11-17T17:02:06","modified_gmt":"2014-11-17T16:02:06","slug":"posiedzenie-rady-naukowo-spolecznej-lesnego-kompleksu-promocyjnego-lasy-olsztynskie-2","status":"publish","type":"post","link":"https:\/\/www.milosnicylasu.olsztyn.pl\/?p=1332","title":{"rendered":"Posiedzenie Rady Naukowo-Spo\u0142ecznej  Le\u015bnego Kompleksu Promocyjnego &#8222;Lasy Olszty\u0144skie&#8221;."},"content":{"rendered":"<p><a href=\"http:\/\/www.milosnicylasu.olsztyn.pl\/wp-content\/uploads\/2014\/11\/PB110097-www.jpg\" data-rel=\"lightbox-image-0\" data-magnific_type=\"image\" data-rl_title=\"\" data-rl_caption=\"\" title=\"\"><img loading=\"lazy\" decoding=\"async\" class=\"alignleft size-medium wp-image-1334\" alt=\"PB110097-www\" src=\"http:\/\/www.milosnicylasu.olsztyn.pl\/wp-content\/uploads\/2014\/11\/PB110097-www-300x225.jpg\" width=\"300\" height=\"225\" srcset=\"https:\/\/www.milosnicylasu.olsztyn.pl\/wp-content\/uploads\/2014\/11\/PB110097-www-300x225.jpg 300w, https:\/\/www.milosnicylasu.olsztyn.pl\/wp-content\/uploads\/2014\/11\/PB110097-www-400x300.jpg 400w, https:\/\/www.milosnicylasu.olsztyn.pl\/wp-content\/uploads\/2014\/11\/PB110097-www.jpg 1024w\" sizes=\"auto, (max-width: 300px) 100vw, 300px\" \/><\/a>12 listopada 2014 r. w Nadle\u015bnictwie Kudypy odby\u0142o si\u0119 ostatnie w tej kadencji spotkanie Rady Naukowo- Spo\u0142ecznej Le\u015bnego Kompleksu Promocyjnego \u201eLasy Olszty\u0144skie\u201d.<\/p>\n<p>W trakcie obrad uczestnicy spotkania wys\u0142uchali dotychczasowego przewodnicz\u0105cego prof. dr hab. J\u00f3zefa Tworkowskiego, kt\u00f3ry podsumowa\u0142 dwuletni\u0105 dzia\u0142alno\u015b\u0107 Rady, zapoznali si\u0119 z przebiegiem prac w Lesie Miejskim, dotycz\u0105cych wybudowania wiat, parking\u00f3w, zadasze\u0144, \u015bcie\u017cek pieszych i rowerowych.<\/p>\n<p>Nast\u0119pnie \u00a0przedyskutowano i zaopiniowano projekty Ministra \u015arodowiska : \u201eWolno\u015b\u0107 jest w naturze\u201d i \u201eAktywne udost\u0119pnianie lasu\u201d.<\/p>\n<p>Na zako\u0144czenie posiedzenia, wszyscy dotychczasowi cz\u0142onkowie Rady, \u00a0otrzymali podzi\u0119kowania za wsp\u00f3\u0142prac\u0119 i okazan\u0105 pomoc w trosce o zachowanie trwa\u0142o\u015bci las\u00f3w w naszym regionie.<\/p>\n<p><img loading=\"lazy\" decoding=\"async\" class=\"alignleft size-medium wp-image-1336\" alt=\"PB110105-www\" src=\"http:\/\/www.milosnicylasu.olsztyn.pl\/wp-content\/uploads\/2014\/11\/PB110105-www-225x300.jpg\" width=\"225\" height=\"300\" srcset=\"https:\/\/www.milosnicylasu.olsztyn.pl\/wp-content\/uploads\/2014\/11\/PB110105-www-225x300.jpg 225w, https:\/\/www.milosnicylasu.olsztyn.pl\/wp-content\/uploads\/2014\/11\/PB110105-www-768x1024.jpg 768w, https:\/\/www.milosnicylasu.olsztyn.pl\/wp-content\/uploads\/2014\/11\/PB110105-www.jpg 960w\" sizes=\"auto, (max-width: 225px) 100vw, 225px\" \/><\/p>\n<p>&nbsp;<\/p>\n<p>&nbsp;<\/p>\n<p>Takie podzi\u0119kowanie otrzyma\u0142 prezes naszego Ko\u0142a, cz\u0142onek Rady Naukowo- Spo\u0142ecznej Le\u015bnego Kompleksu Promocyjnego \u201eLasy Olszty\u0144skie\u201d.<\/p>\n","protected":false},"excerpt":{"rendered":"<p>12 listopada 2014 r. w Nadle\u015bnictwie Kudypy odby\u0142o si\u0119 ostatnie w tej kadencji spotkanie Rady Naukowo- Spo\u0142ecznej Le\u015bnego Kompleksu Promocyjnego \u201eLasy Olszty\u0144skie\u201d. W trakcie obrad uczestnicy spotkania wys\u0142uchali dotychczasowego przewodnicz\u0105cego prof. dr hab. J\u00f3zefa Tworkowskiego, kt\u00f3ry podsumowa\u0142 dwuletni\u0105 dzia\u0142alno\u015b\u0107 Rady, zapoznali si\u0119 z przebiegiem prac w Lesie Miejskim, dotycz\u0105cych wybudowania wiat, parking\u00f3w, zadasze\u0144, \u015bcie\u017cek pieszych [&hellip;]<\/p>\n","protected":false},"author":1,"featured_media":0,"comment_status":"open","ping_status":"open","sticky":false,"template":"","format":"standard","meta":{"footnotes":""},"categories":[1,10],"tags":[],"class_list":["post-1332","post","type-post","status-publish","format-standard","hentry","category-bez-kategorii","category-llesny-kompleks-promocyjny-lasy-olsztynskie"],"_links":{"self":[{"href":"https:\/\/www.milosnicylasu.olsztyn.pl\/index.php?rest_route=\/wp\/v2\/posts\/1332","targetHints":{"allow":["GET"]}}],"collection":[{"href":"https:\/\/www.milosnicylasu.olsztyn.pl\/index.php?rest_route=\/wp\/v2\/posts"}],"about":[{"href":"https:\/\/www.milosnicylasu.olsztyn.pl\/index.php?rest_route=\/wp\/v2\/types\/post"}],"author":[{"embeddable":true,"href":"https:\/\/www.milosnicylasu.olsztyn.pl\/index.php?rest_route=\/wp\/v2\/users\/1"}],"replies":[{"embeddable":true,"href":"https:\/\/www.milosnicylasu.olsztyn.pl\/index.php?rest_route=%2Fwp%2Fv2%2Fcomments&post=1332"}],"version-history":[{"count":4,"href":"https:\/\/www.milosnicylasu.olsztyn.pl\/index.php?rest_route=\/wp\/v2\/posts\/1332\/revisions"}],"predecessor-version":[{"id":1335,"href":"https:\/\/www.milosnicylasu.olsztyn.pl\/index.php?rest_route=\/wp\/v2\/posts\/1332\/revisions\/1335"}],"wp:attachment":[{"href":"https:\/\/www.milosnicylasu.olsztyn.pl\/index.php?rest_route=%2Fwp%2Fv2%2Fmedia&parent=1332"}],"wp:term":[{"taxonomy":"category","embeddable":true,"href":"https:\/\/www.milosnicylasu.olsztyn.pl\/index.php?rest_route=%2Fwp%2Fv2%2Fcategories&post=1332"},{"taxonomy":"post_tag","embeddable":true,"href":"https:\/\/www.milosnicylasu.olsztyn.pl\/index.php?rest_route=%2Fwp%2Fv2%2Ftags&post=1332"}],"curies":[{"name":"wp","href":"https:\/\/api.w.org\/{rel}","templated":true}]}}