{"id":1341,"date":"2014-11-17T17:14:13","date_gmt":"2014-11-17T16:14:13","guid":{"rendered":"http:\/\/www.milosnicylasu.olsztyn.pl\/?p=1341"},"modified":"2014-11-17T17:19:48","modified_gmt":"2014-11-17T16:19:48","slug":"1341","status":"publish","type":"post","link":"https:\/\/www.milosnicylasu.olsztyn.pl\/?p=1341","title":{"rendered":"Odznaczenia z okazji 11 listopada"},"content":{"rendered":"<p><strong><i>Dziewi\u0119\u0107dziesi\u0105t sze\u015b\u0107 lat temu los da\u0142 nam szans\u0119. Korzystajmy z\u00a0niej m\u0105drze i\u00a0wsp\u00f3lnie (\u2026) rozgl\u0105dajmy si\u0119 wok\u00f3\u0142 przyja\u017anie, bo\u00a0wsp\u00f3lnie \u0142atwiej co\u015b zbudowa\u0107, wsp\u00f3lnie \u0142atwiej do\u00a0czego\u015b doj\u015b\u0107. Postarajmy si\u0119 cieszy\u0107 tym, co\u00a0mamy \u2013 woln\u0105 Ojczyzn\u0105, pokojem, tym, \u017ce mo\u017cemy powiedzie\u0107 \u201ejestem u\u00a0siebie\u201d<\/i> <\/strong><b>&#8211; m\u00f3wi\u0142 wojewoda Marian Podziewski podczas obchod\u00f3w 96\u00a0rocznicy odzyskania przez Polsk\u0119 niepodleg\u0142o\u015bci.<\/b><\/p>\n<p><a href=\"http:\/\/www.milosnicylasu.olsztyn.pl\/wp-content\/uploads\/2014\/11\/PB100003-www.jpg\" data-rel=\"lightbox-image-0\" data-magnific_type=\"image\" data-rl_title=\"\" data-rl_caption=\"\" title=\"\"><img loading=\"lazy\" decoding=\"async\" class=\"alignleft size-medium wp-image-1344\" alt=\"PB100003-www\" src=\"http:\/\/www.milosnicylasu.olsztyn.pl\/wp-content\/uploads\/2014\/11\/PB100003-www-300x225.jpg\" width=\"300\" height=\"225\" srcset=\"https:\/\/www.milosnicylasu.olsztyn.pl\/wp-content\/uploads\/2014\/11\/PB100003-www-300x225.jpg 300w, https:\/\/www.milosnicylasu.olsztyn.pl\/wp-content\/uploads\/2014\/11\/PB100003-www-400x300.jpg 400w, https:\/\/www.milosnicylasu.olsztyn.pl\/wp-content\/uploads\/2014\/11\/PB100003-www.jpg 1024w\" sizes=\"auto, (max-width: 300px) 100vw, 300px\" \/><\/a>W tym roku w\u00a0uroczysto\u015bciach patriotycznych mieszka\u0144cy uczestniczyli bardzo licznie. W\u015br\u00f3d zebranych byli i\u00a0ci najm\u0142odsi, kt\u00f3rzy dopiero poznaj\u0105 s\u0142owo patriotyzm i\u00a0ci, kt\u00f3rzy o\u00a0woln\u0105 Polsk\u0119 walczyli. W tym gronie znale\u017ali si\u0119 cz\u0142onkowie naszego Ko\u0142a <strong>Teresa Tabor, Bogus\u0142aw Szut, \u00a0Anatol Leszczy\u0144ski i Tomasz Kicowski<\/strong>, kt\u00f3rzy podczas uroczysto\u015bci w Urz\u0119dzie Wojew\u00f3dzkim zostali odznaczeni br\u0105zowymi krzy\u017cami \u201e Za Zas\u0142ugi Dla Klub\u00f3w \u017bo\u0142nierzy Rezerwy\u201d.<\/p>\n<p>&nbsp;<\/p>\n","protected":false},"excerpt":{"rendered":"<p>Dziewi\u0119\u0107dziesi\u0105t sze\u015b\u0107 lat temu los da\u0142 nam szans\u0119. Korzystajmy z\u00a0niej m\u0105drze i\u00a0wsp\u00f3lnie (\u2026) rozgl\u0105dajmy si\u0119 wok\u00f3\u0142 przyja\u017anie, bo\u00a0wsp\u00f3lnie \u0142atwiej co\u015b zbudowa\u0107, wsp\u00f3lnie \u0142atwiej do\u00a0czego\u015b doj\u015b\u0107. Postarajmy si\u0119 cieszy\u0107 tym, co\u00a0mamy \u2013 woln\u0105 Ojczyzn\u0105, pokojem, tym, \u017ce mo\u017cemy powiedzie\u0107 \u201ejestem u\u00a0siebie\u201d &#8211; m\u00f3wi\u0142 wojewoda Marian Podziewski podczas obchod\u00f3w 96\u00a0rocznicy odzyskania przez Polsk\u0119 niepodleg\u0142o\u015bci. W tym roku [&hellip;]<\/p>\n","protected":false},"author":1,"featured_media":0,"comment_status":"open","ping_status":"open","sticky":false,"template":"","format":"standard","meta":{"footnotes":""},"categories":[1,6],"tags":[],"class_list":["post-1341","post","type-post","status-publish","format-standard","hentry","category-bez-kategorii","category-odznaczenia"],"_links":{"self":[{"href":"https:\/\/www.milosnicylasu.olsztyn.pl\/index.php?rest_route=\/wp\/v2\/posts\/1341","targetHints":{"allow":["GET"]}}],"collection":[{"href":"https:\/\/www.milosnicylasu.olsztyn.pl\/index.php?rest_route=\/wp\/v2\/posts"}],"about":[{"href":"https:\/\/www.milosnicylasu.olsztyn.pl\/index.php?rest_route=\/wp\/v2\/types\/post"}],"author":[{"embeddable":true,"href":"https:\/\/www.milosnicylasu.olsztyn.pl\/index.php?rest_route=\/wp\/v2\/users\/1"}],"replies":[{"embeddable":true,"href":"https:\/\/www.milosnicylasu.olsztyn.pl\/index.php?rest_route=%2Fwp%2Fv2%2Fcomments&post=1341"}],"version-history":[{"count":3,"href":"https:\/\/www.milosnicylasu.olsztyn.pl\/index.php?rest_route=\/wp\/v2\/posts\/1341\/revisions"}],"predecessor-version":[{"id":1345,"href":"https:\/\/www.milosnicylasu.olsztyn.pl\/index.php?rest_route=\/wp\/v2\/posts\/1341\/revisions\/1345"}],"wp:attachment":[{"href":"https:\/\/www.milosnicylasu.olsztyn.pl\/index.php?rest_route=%2Fwp%2Fv2%2Fmedia&parent=1341"}],"wp:term":[{"taxonomy":"category","embeddable":true,"href":"https:\/\/www.milosnicylasu.olsztyn.pl\/index.php?rest_route=%2Fwp%2Fv2%2Fcategories&post=1341"},{"taxonomy":"post_tag","embeddable":true,"href":"https:\/\/www.milosnicylasu.olsztyn.pl\/index.php?rest_route=%2Fwp%2Fv2%2Ftags&post=1341"}],"curies":[{"name":"wp","href":"https:\/\/api.w.org\/{rel}","templated":true}]}}