{"id":1350,"date":"2014-11-26T06:42:23","date_gmt":"2014-11-26T05:42:23","guid":{"rendered":"http:\/\/www.milosnicylasu.olsztyn.pl\/?p=1350"},"modified":"2014-11-26T06:43:13","modified_gmt":"2014-11-26T05:43:13","slug":"listopadowe-zawody-strzeleckie-2","status":"publish","type":"post","link":"https:\/\/www.milosnicylasu.olsztyn.pl\/?p=1350","title":{"rendered":"Listopadowe zawody Strzeleckie"},"content":{"rendered":"<p><a href=\"http:\/\/www.milosnicylasu.olsztyn.pl\/wp-content\/uploads\/2014\/11\/PB230001-www.jpg\" data-rel=\"lightbox-image-0\" data-magnific_type=\"image\" data-rl_title=\"\" data-rl_caption=\"\" title=\"\"><img loading=\"lazy\" decoding=\"async\" class=\"alignleft size-medium wp-image-1351\" alt=\"PB230001-www\" src=\"http:\/\/www.milosnicylasu.olsztyn.pl\/wp-content\/uploads\/2014\/11\/PB230001-www-300x225.jpg\" width=\"300\" height=\"225\" srcset=\"https:\/\/www.milosnicylasu.olsztyn.pl\/wp-content\/uploads\/2014\/11\/PB230001-www-300x225.jpg 300w, https:\/\/www.milosnicylasu.olsztyn.pl\/wp-content\/uploads\/2014\/11\/PB230001-www-400x300.jpg 400w, https:\/\/www.milosnicylasu.olsztyn.pl\/wp-content\/uploads\/2014\/11\/PB230001-www.jpg 1024w\" sizes=\"auto, (max-width: 300px) 100vw, 300px\" \/><\/a><\/p>\n<p>&nbsp;<\/p>\n<p>24 listopada 2014 r. w siedzibie LOK w Olsztynie, odby\u0142y si\u0119 &#8222;listopadowe zawody strzeleckie&#8221;, w czasie kt\u00f3rych najwi\u0119cej punkt\u00f3w &#8211; 63 &#8222;wystrzela\u0142&#8221; i zdoby\u0142 I miejsce W\u0142odek Siemianowski.<\/p>\n<p>&nbsp;<\/p>\n<p>&nbsp;<\/p>\n<p>Nast\u0119pne miejsca:<\/p>\n<p>Ryszard Chudziakiewicz \u00a0&#8211; 56 pkt<\/p>\n<p>Anatol Leszczy\u0144ski &#8211; 55 pkt<\/p>\n<p>Elwira Paszkiewicz &#8211; 48 pkt<\/p>\n<p>Anna Kukli\u0144ska &#8211; 44 pkt<\/p>\n<p>Waldemar Chrzanowski &#8211; 43 pkt<\/p>\n<p>Pawe\u0142 Tabor &#8211; 25 pkt<\/p>\n<p><strong>Gratulujemy !<\/strong><\/p>\n","protected":false},"excerpt":{"rendered":"<p>&nbsp; 24 listopada 2014 r. w siedzibie LOK w Olsztynie, odby\u0142y si\u0119 &#8222;listopadowe zawody strzeleckie&#8221;, w czasie kt\u00f3rych najwi\u0119cej punkt\u00f3w &#8211; 63 &#8222;wystrzela\u0142&#8221; i zdoby\u0142 I miejsce W\u0142odek Siemianowski. &nbsp; &nbsp; Nast\u0119pne miejsca: Ryszard Chudziakiewicz \u00a0&#8211; 56 pkt Anatol Leszczy\u0144ski &#8211; 55 pkt Elwira Paszkiewicz &#8211; 48 pkt Anna Kukli\u0144ska &#8211; 44 pkt Waldemar Chrzanowski [&hellip;]<\/p>\n","protected":false},"author":1,"featured_media":0,"comment_status":"open","ping_status":"open","sticky":false,"template":"","format":"standard","meta":{"footnotes":""},"categories":[1,8],"tags":[],"class_list":["post-1350","post","type-post","status-publish","format-standard","hentry","category-bez-kategorii","category-zawody-strzeleckie"],"_links":{"self":[{"href":"https:\/\/www.milosnicylasu.olsztyn.pl\/index.php?rest_route=\/wp\/v2\/posts\/1350","targetHints":{"allow":["GET"]}}],"collection":[{"href":"https:\/\/www.milosnicylasu.olsztyn.pl\/index.php?rest_route=\/wp\/v2\/posts"}],"about":[{"href":"https:\/\/www.milosnicylasu.olsztyn.pl\/index.php?rest_route=\/wp\/v2\/types\/post"}],"author":[{"embeddable":true,"href":"https:\/\/www.milosnicylasu.olsztyn.pl\/index.php?rest_route=\/wp\/v2\/users\/1"}],"replies":[{"embeddable":true,"href":"https:\/\/www.milosnicylasu.olsztyn.pl\/index.php?rest_route=%2Fwp%2Fv2%2Fcomments&post=1350"}],"version-history":[{"count":2,"href":"https:\/\/www.milosnicylasu.olsztyn.pl\/index.php?rest_route=\/wp\/v2\/posts\/1350\/revisions"}],"predecessor-version":[{"id":1354,"href":"https:\/\/www.milosnicylasu.olsztyn.pl\/index.php?rest_route=\/wp\/v2\/posts\/1350\/revisions\/1354"}],"wp:attachment":[{"href":"https:\/\/www.milosnicylasu.olsztyn.pl\/index.php?rest_route=%2Fwp%2Fv2%2Fmedia&parent=1350"}],"wp:term":[{"taxonomy":"category","embeddable":true,"href":"https:\/\/www.milosnicylasu.olsztyn.pl\/index.php?rest_route=%2Fwp%2Fv2%2Fcategories&post=1350"},{"taxonomy":"post_tag","embeddable":true,"href":"https:\/\/www.milosnicylasu.olsztyn.pl\/index.php?rest_route=%2Fwp%2Fv2%2Ftags&post=1350"}],"curies":[{"name":"wp","href":"https:\/\/api.w.org\/{rel}","templated":true}]}}