{"id":1363,"date":"2014-11-29T18:13:50","date_gmt":"2014-11-29T17:13:50","guid":{"rendered":"http:\/\/www.milosnicylasu.olsztyn.pl\/?p=1363"},"modified":"2014-11-29T18:28:08","modified_gmt":"2014-11-29T17:28:08","slug":"konferencja-lasy-dorobek-stan-obecny","status":"publish","type":"post","link":"https:\/\/www.milosnicylasu.olsztyn.pl\/?p=1363","title":{"rendered":"Konferencja &#8222;Lasy &#8211; dorobek, stan obecny&#8221;"},"content":{"rendered":"<p><a href=\"http:\/\/www.milosnicylasu.olsztyn.pl\/wp-content\/uploads\/2014\/11\/PB280003-www.jpg\" data-rel=\"lightbox-image-0\" data-magnific_type=\"image\" data-rl_title=\"\" data-rl_caption=\"\" title=\"\"><img loading=\"lazy\" decoding=\"async\" class=\"alignleft size-medium wp-image-1365\" alt=\"PB280003-www\" src=\"http:\/\/www.milosnicylasu.olsztyn.pl\/wp-content\/uploads\/2014\/11\/PB280003-www-300x281.jpg\" width=\"300\" height=\"281\" srcset=\"https:\/\/www.milosnicylasu.olsztyn.pl\/wp-content\/uploads\/2014\/11\/PB280003-www-300x281.jpg 300w, https:\/\/www.milosnicylasu.olsztyn.pl\/wp-content\/uploads\/2014\/11\/PB280003-www-320x300.jpg 320w, https:\/\/www.milosnicylasu.olsztyn.pl\/wp-content\/uploads\/2014\/11\/PB280003-www.jpg 1024w\" sizes=\"auto, (max-width: 300px) 100vw, 300px\" \/><\/a>27 listopada w Centrum Konferencyjnym Uniwersytetu Warmi\u0144sko-Mazurskiego w Olsztynie odby\u0142a si\u0119 konferencja \u00a0naukowa \u201eLasy \u2013 dorobek, stan obecny&#8221;, kt\u00f3r\u0105 zorganizowa\u0142a Regionalna Dyrekcja Las\u00f3w Pa\u0144stwowych w Olsztynie z okazji 90 lecia Las\u00f3w Pa\u0144stwowych. Konferencja by\u0142a podzielona na trzy tematyczne bloki: historia, tera\u017aniejszo\u015b\u0107 i przysz\u0142o\u015b\u0107 le\u015bnictwa. W\u015br\u00f3d prelegent\u00f3w znale\u017ali si\u0119 m.in. profesorowie Miros\u0142aw Gornowicz, Albert Dudek, Kazimierz Rykowski, Zbigniew Sierota, Jakub Borkowski, Andrzej Grzywacz oraz nasz dobry znajomy <strong>Marian Szymkiewicz<\/strong> &#8211; dyrektor Muzeum Przyrody w Olsztynie.<br \/>\nPo konferencji odby\u0142a si\u0119 uroczysta narada.<\/p>\n<p>\u2013<strong> <em>To dzisiejsze spotkanie to okazja, aby podzi\u0119kowa\u0107 tym wszystkim z kt\u00f3rymi na co dzie\u0144 wsp\u00f3\u0142pracujemy<\/em> \u2013 powiedzia\u0142a Ma\u0142gorzata B\u0142yskun, dyrektor Regionalnej Dyrekcji Las\u00f3w Pa\u0144stwowych w Olsztynie.<\/strong> Na zaproszenie olszty\u0144skich le\u015bnik\u00f3w do Centrum Konferencyjnego UWM w Olsztynie przybyli wi\u0119c samorz\u0105dowcy, przedstawiciele przemys\u0142u drzewnego, w\u0142a\u015bciciele zak\u0142ad\u00f3w us\u0142ug le\u015bnych, reprezentanci organizacji pozarz\u0105dowych, szefowie s\u0142u\u017cb mundurowych z wojew\u00f3dztwa warmi\u0144sko-mazurskiego i wielu innych.<\/p>\n<p><img loading=\"lazy\" decoding=\"async\" class=\"size-medium wp-image-1366 alignright\" alt=\"PB280001-www\" src=\"http:\/\/www.milosnicylasu.olsztyn.pl\/wp-content\/uploads\/2014\/11\/PB280001-www-300x225.jpg\" width=\"300\" height=\"225\" srcset=\"https:\/\/www.milosnicylasu.olsztyn.pl\/wp-content\/uploads\/2014\/11\/PB280001-www-300x225.jpg 300w, https:\/\/www.milosnicylasu.olsztyn.pl\/wp-content\/uploads\/2014\/11\/PB280001-www-400x300.jpg 400w, https:\/\/www.milosnicylasu.olsztyn.pl\/wp-content\/uploads\/2014\/11\/PB280001-www.jpg 1024w\" sizes=\"auto, (max-width: 300px) 100vw, 300px\" \/><\/p>\n<p>&nbsp;<\/p>\n<p>Nasze Ko\u0142o reprezentowa\u0142 prezes Anatol Leszczy\u0144ski.<\/p>\n","protected":false},"excerpt":{"rendered":"<p>27 listopada w Centrum Konferencyjnym Uniwersytetu Warmi\u0144sko-Mazurskiego w Olsztynie odby\u0142a si\u0119 konferencja \u00a0naukowa \u201eLasy \u2013 dorobek, stan obecny&#8221;, kt\u00f3r\u0105 zorganizowa\u0142a Regionalna Dyrekcja Las\u00f3w Pa\u0144stwowych w Olsztynie z okazji 90 lecia Las\u00f3w Pa\u0144stwowych. Konferencja by\u0142a podzielona na trzy tematyczne bloki: historia, tera\u017aniejszo\u015b\u0107 i przysz\u0142o\u015b\u0107 le\u015bnictwa. W\u015br\u00f3d prelegent\u00f3w znale\u017ali si\u0119 m.in. profesorowie Miros\u0142aw Gornowicz, Albert Dudek, Kazimierz [&hellip;]<\/p>\n","protected":false},"author":1,"featured_media":0,"comment_status":"open","ping_status":"open","sticky":false,"template":"","format":"standard","meta":{"footnotes":""},"categories":[1,9,3],"tags":[],"class_list":["post-1363","post","type-post","status-publish","format-standard","hentry","category-bez-kategorii","category-ciekawostki","category-zebrania"],"_links":{"self":[{"href":"https:\/\/www.milosnicylasu.olsztyn.pl\/index.php?rest_route=\/wp\/v2\/posts\/1363","targetHints":{"allow":["GET"]}}],"collection":[{"href":"https:\/\/www.milosnicylasu.olsztyn.pl\/index.php?rest_route=\/wp\/v2\/posts"}],"about":[{"href":"https:\/\/www.milosnicylasu.olsztyn.pl\/index.php?rest_route=\/wp\/v2\/types\/post"}],"author":[{"embeddable":true,"href":"https:\/\/www.milosnicylasu.olsztyn.pl\/index.php?rest_route=\/wp\/v2\/users\/1"}],"replies":[{"embeddable":true,"href":"https:\/\/www.milosnicylasu.olsztyn.pl\/index.php?rest_route=%2Fwp%2Fv2%2Fcomments&post=1363"}],"version-history":[{"count":3,"href":"https:\/\/www.milosnicylasu.olsztyn.pl\/index.php?rest_route=\/wp\/v2\/posts\/1363\/revisions"}],"predecessor-version":[{"id":1368,"href":"https:\/\/www.milosnicylasu.olsztyn.pl\/index.php?rest_route=\/wp\/v2\/posts\/1363\/revisions\/1368"}],"wp:attachment":[{"href":"https:\/\/www.milosnicylasu.olsztyn.pl\/index.php?rest_route=%2Fwp%2Fv2%2Fmedia&parent=1363"}],"wp:term":[{"taxonomy":"category","embeddable":true,"href":"https:\/\/www.milosnicylasu.olsztyn.pl\/index.php?rest_route=%2Fwp%2Fv2%2Fcategories&post=1363"},{"taxonomy":"post_tag","embeddable":true,"href":"https:\/\/www.milosnicylasu.olsztyn.pl\/index.php?rest_route=%2Fwp%2Fv2%2Ftags&post=1363"}],"curies":[{"name":"wp","href":"https:\/\/api.w.org\/{rel}","templated":true}]}}