{"id":1369,"date":"2014-11-29T18:45:32","date_gmt":"2014-11-29T17:45:32","guid":{"rendered":"http:\/\/www.milosnicylasu.olsztyn.pl\/?p=1369"},"modified":"2014-11-30T07:49:09","modified_gmt":"2014-11-30T06:49:09","slug":"zwiedzilismy-muzeum-nowoczesnosci","status":"publish","type":"post","link":"https:\/\/www.milosnicylasu.olsztyn.pl\/?p=1369","title":{"rendered":"Zwiedzili\u015bmy Muzeum Nowoczesno\u015bci w Olsztynie"},"content":{"rendered":"<p><a href=\"http:\/\/www.milosnicylasu.olsztyn.pl\/wp-content\/uploads\/2014\/11\/PB280001-www1.jpg\" data-rel=\"lightbox-image-0\" data-magnific_type=\"image\" data-rl_title=\"\" data-rl_caption=\"\" title=\"\"><img loading=\"lazy\" decoding=\"async\" class=\"alignleft size-medium wp-image-1372\" alt=\"PB280001-www\" src=\"http:\/\/www.milosnicylasu.olsztyn.pl\/wp-content\/uploads\/2014\/11\/PB280001-www1-300x225.jpg\" width=\"300\" height=\"225\" srcset=\"https:\/\/www.milosnicylasu.olsztyn.pl\/wp-content\/uploads\/2014\/11\/PB280001-www1-300x225.jpg 300w, https:\/\/www.milosnicylasu.olsztyn.pl\/wp-content\/uploads\/2014\/11\/PB280001-www1-400x300.jpg 400w, https:\/\/www.milosnicylasu.olsztyn.pl\/wp-content\/uploads\/2014\/11\/PB280001-www1.jpg 1024w\" sizes=\"auto, (max-width: 300px) 100vw, 300px\" \/><\/a><\/p>\n<p>&nbsp;<\/p>\n<p>W sobot\u0119 29 listopada, przeszli\u015bmy star\u00f3wk\u0105 do zamku, zobaczyli\u015bmy jak post\u0119puj\u0105 prace remontowe wzd\u0142u\u017c rzeki \u0141yny i \u00a0odwiedzili\u015bmy \u00a0Muzeum Nowoczesno\u015bci w dawnym tartaku Raphaelsohn\u00f3w przy parku Centralnym.<\/p>\n<p>&nbsp;<\/p>\n<p><img loading=\"lazy\" decoding=\"async\" class=\"alignleft size-medium wp-image-1373\" alt=\"PB280005-www\" src=\"http:\/\/www.milosnicylasu.olsztyn.pl\/wp-content\/uploads\/2014\/11\/PB280005-www-300x225.jpg\" width=\"300\" height=\"225\" srcset=\"https:\/\/www.milosnicylasu.olsztyn.pl\/wp-content\/uploads\/2014\/11\/PB280005-www-300x225.jpg 300w, https:\/\/www.milosnicylasu.olsztyn.pl\/wp-content\/uploads\/2014\/11\/PB280005-www-400x300.jpg 400w, https:\/\/www.milosnicylasu.olsztyn.pl\/wp-content\/uploads\/2014\/11\/PB280005-www.jpg 1024w\" sizes=\"auto, (max-width: 300px) 100vw, 300px\" \/><\/p>\n<p>&nbsp;<\/p>\n<p>Kiedy\u015b znakiem n<span style=\"color: #333333; font-style: normal; line-height: 24.375px;\">owoczesno\u015bci by\u0142 patefon, maszyna do pisania, telefon na korbk\u0119, lokomobila czy po prostu poci\u0105g albo mechaniczny tartak.<\/span><\/p>\n<p>Nowoczesne by\u0142y wodoci\u0105gi i cegielnie, kino i automobil. Dowiedzieli\u015bmy si\u0119, \u017ce w Elbl\u0105gu produkowano statki, samochody i \u0142odzie podwodne a w Olsztynie w zakolu \u0141yny 100 lat temu znajdowa\u0142o si\u0119 centrum przemys\u0142owe Olsztyna.<\/p>\n<p>\u2014 Pracowa\u0142o tu m.in. pi\u0119\u0107 tartak\u00f3w, dwa browary, odlewnia i gazownia. Tartak Raphaelsohn\u00f3w pe\u0142ni\u0142 swoj\u0105 funkcj\u0119 do 1929 roku i zosta\u0142 zamieniony na magazyn i mieszkania.<a href=\"http:\/\/www.milosnicylasu.olsztyn.pl\/wp-content\/uploads\/2014\/11\/PB280012-www.jpg\" data-rel=\"lightbox-image-1\" data-magnific_type=\"image\" data-rl_title=\"\" data-rl_caption=\"\" title=\"\"><img loading=\"lazy\" decoding=\"async\" class=\"size-medium wp-image-1375 alignright\" alt=\"PB280012-www\" src=\"http:\/\/www.milosnicylasu.olsztyn.pl\/wp-content\/uploads\/2014\/11\/PB280012-www-300x225.jpg\" width=\"300\" height=\"225\" srcset=\"https:\/\/www.milosnicylasu.olsztyn.pl\/wp-content\/uploads\/2014\/11\/PB280012-www-300x225.jpg 300w, https:\/\/www.milosnicylasu.olsztyn.pl\/wp-content\/uploads\/2014\/11\/PB280012-www-400x300.jpg 400w, https:\/\/www.milosnicylasu.olsztyn.pl\/wp-content\/uploads\/2014\/11\/PB280012-www.jpg 1024w\" sizes=\"auto, (max-width: 300px) 100vw, 300px\" \/><\/a><\/p>\n<p>To tylko ma\u0142a cz\u0119\u015b\u0107 informacji, kt\u00f3r\u0105 przekaza\u0142 nam mi\u0142y przewodnik po Muzeum Nowoczesno\u015bci.<\/p>\n","protected":false},"excerpt":{"rendered":"<p>&nbsp; W sobot\u0119 29 listopada, przeszli\u015bmy star\u00f3wk\u0105 do zamku, zobaczyli\u015bmy jak post\u0119puj\u0105 prace remontowe wzd\u0142u\u017c rzeki \u0141yny i \u00a0odwiedzili\u015bmy \u00a0Muzeum Nowoczesno\u015bci w dawnym tartaku Raphaelsohn\u00f3w przy parku Centralnym. &nbsp; &nbsp; Kiedy\u015b znakiem nowoczesno\u015bci by\u0142 patefon, maszyna do pisania, telefon na korbk\u0119, lokomobila czy po prostu poci\u0105g albo mechaniczny tartak. Nowoczesne by\u0142y wodoci\u0105gi i cegielnie, kino [&hellip;]<\/p>\n","protected":false},"author":1,"featured_media":0,"comment_status":"open","ping_status":"open","sticky":false,"template":"","format":"standard","meta":{"footnotes":""},"categories":[1,9,5,4],"tags":[],"class_list":["post-1369","post","type-post","status-publish","format-standard","hentry","category-bez-kategorii","category-ciekawostki","category-wycieczki","category-wystawy"],"_links":{"self":[{"href":"https:\/\/www.milosnicylasu.olsztyn.pl\/index.php?rest_route=\/wp\/v2\/posts\/1369","targetHints":{"allow":["GET"]}}],"collection":[{"href":"https:\/\/www.milosnicylasu.olsztyn.pl\/index.php?rest_route=\/wp\/v2\/posts"}],"about":[{"href":"https:\/\/www.milosnicylasu.olsztyn.pl\/index.php?rest_route=\/wp\/v2\/types\/post"}],"author":[{"embeddable":true,"href":"https:\/\/www.milosnicylasu.olsztyn.pl\/index.php?rest_route=\/wp\/v2\/users\/1"}],"replies":[{"embeddable":true,"href":"https:\/\/www.milosnicylasu.olsztyn.pl\/index.php?rest_route=%2Fwp%2Fv2%2Fcomments&post=1369"}],"version-history":[{"count":5,"href":"https:\/\/www.milosnicylasu.olsztyn.pl\/index.php?rest_route=\/wp\/v2\/posts\/1369\/revisions"}],"predecessor-version":[{"id":1377,"href":"https:\/\/www.milosnicylasu.olsztyn.pl\/index.php?rest_route=\/wp\/v2\/posts\/1369\/revisions\/1377"}],"wp:attachment":[{"href":"https:\/\/www.milosnicylasu.olsztyn.pl\/index.php?rest_route=%2Fwp%2Fv2%2Fmedia&parent=1369"}],"wp:term":[{"taxonomy":"category","embeddable":true,"href":"https:\/\/www.milosnicylasu.olsztyn.pl\/index.php?rest_route=%2Fwp%2Fv2%2Fcategories&post=1369"},{"taxonomy":"post_tag","embeddable":true,"href":"https:\/\/www.milosnicylasu.olsztyn.pl\/index.php?rest_route=%2Fwp%2Fv2%2Ftags&post=1369"}],"curies":[{"name":"wp","href":"https:\/\/api.w.org\/{rel}","templated":true}]}}