{"id":1379,"date":"2014-12-01T08:52:52","date_gmt":"2014-12-01T07:52:52","guid":{"rendered":"http:\/\/www.milosnicylasu.olsztyn.pl\/?p=1379"},"modified":"2014-12-01T08:52:52","modified_gmt":"2014-12-01T07:52:52","slug":"nasi-czlonkowie-w-zarzadzie-atw","status":"publish","type":"post","link":"https:\/\/www.milosnicylasu.olsztyn.pl\/?p=1379","title":{"rendered":"Nasi cz\u0142onkowie w zarz\u0105dzie ATW"},"content":{"rendered":"<p>27 listopada 2014 r. wybrano nowe w\u0142adze Akademii Trzeciego Wieku w Olsztynie.\u00a0<span style=\"color: #333333; font-style: normal; line-height: 24.375px;\">Na now\u0105 kadencj\u0119, w<\/span>\u00a0sk\u0142ad Zarz\u0105du \u00a0zostali powo\u0142ani nasi koledzy z Ko\u0142a:<\/p>\n<div><\/div>\n<p>Micha\u0142 K\u0142\u0119bukowski &#8211; Wiceprezes d\/s dydaktycznych<\/p>\n<p>Jan Duch &#8211; cz\u0142onek Zarz\u0105du<\/p>\n<p><strong>GRATULUJEMY!<\/strong><\/p>\n","protected":false},"excerpt":{"rendered":"<p>27 listopada 2014 r. wybrano nowe w\u0142adze Akademii Trzeciego Wieku w Olsztynie.\u00a0Na now\u0105 kadencj\u0119, w\u00a0sk\u0142ad Zarz\u0105du \u00a0zostali powo\u0142ani nasi koledzy z Ko\u0142a: Micha\u0142 K\u0142\u0119bukowski &#8211; Wiceprezes d\/s dydaktycznych Jan Duch &#8211; cz\u0142onek Zarz\u0105du GRATULUJEMY!<\/p>\n","protected":false},"author":1,"featured_media":0,"comment_status":"open","ping_status":"open","sticky":false,"template":"","format":"standard","meta":{"footnotes":""},"categories":[1,9],"tags":[],"class_list":["post-1379","post","type-post","status-publish","format-standard","hentry","category-bez-kategorii","category-ciekawostki"],"_links":{"self":[{"href":"https:\/\/www.milosnicylasu.olsztyn.pl\/index.php?rest_route=\/wp\/v2\/posts\/1379","targetHints":{"allow":["GET"]}}],"collection":[{"href":"https:\/\/www.milosnicylasu.olsztyn.pl\/index.php?rest_route=\/wp\/v2\/posts"}],"about":[{"href":"https:\/\/www.milosnicylasu.olsztyn.pl\/index.php?rest_route=\/wp\/v2\/types\/post"}],"author":[{"embeddable":true,"href":"https:\/\/www.milosnicylasu.olsztyn.pl\/index.php?rest_route=\/wp\/v2\/users\/1"}],"replies":[{"embeddable":true,"href":"https:\/\/www.milosnicylasu.olsztyn.pl\/index.php?rest_route=%2Fwp%2Fv2%2Fcomments&post=1379"}],"version-history":[{"count":1,"href":"https:\/\/www.milosnicylasu.olsztyn.pl\/index.php?rest_route=\/wp\/v2\/posts\/1379\/revisions"}],"predecessor-version":[{"id":1380,"href":"https:\/\/www.milosnicylasu.olsztyn.pl\/index.php?rest_route=\/wp\/v2\/posts\/1379\/revisions\/1380"}],"wp:attachment":[{"href":"https:\/\/www.milosnicylasu.olsztyn.pl\/index.php?rest_route=%2Fwp%2Fv2%2Fmedia&parent=1379"}],"wp:term":[{"taxonomy":"category","embeddable":true,"href":"https:\/\/www.milosnicylasu.olsztyn.pl\/index.php?rest_route=%2Fwp%2Fv2%2Fcategories&post=1379"},{"taxonomy":"post_tag","embeddable":true,"href":"https:\/\/www.milosnicylasu.olsztyn.pl\/index.php?rest_route=%2Fwp%2Fv2%2Ftags&post=1379"}],"curies":[{"name":"wp","href":"https:\/\/api.w.org\/{rel}","templated":true}]}}