{"id":1381,"date":"2014-12-03T18:42:06","date_gmt":"2014-12-03T17:42:06","guid":{"rendered":"http:\/\/www.milosnicylasu.olsztyn.pl\/?p=1381"},"modified":"2014-12-03T18:52:54","modified_gmt":"2014-12-03T17:52:54","slug":"1381","status":"publish","type":"post","link":"https:\/\/www.milosnicylasu.olsztyn.pl\/?p=1381","title":{"rendered":"Zaproszenie na zebranie"},"content":{"rendered":"<p>Przypominamy i zapraszamy \u00a0na edukacj\u0119 le\u015bn\u0105 w RDLP w Olsztynie &#8211; 4 grudnia 2014r.\u00a0<span style=\"color: #333333; font-style: normal; line-height: 24.375px;\">godz.15.00.\u00a0<\/span><\/p>\n<p>A \u017ce blisko Miko\u0142ajki, to przytocz\u0119 wyczytany w internecie list do \u015bwi\u0119tego Miko\u0142aja.<img decoding=\"async\" style=\"color: #333333; font-style: normal; line-height: 24.375px;\" alt=\"\" src=\"http:\/\/coloriage-imprimer-gratuit.com\/coloriage\/noel-nouvel-an\/santa-s.jpg\" \/><\/p>\n<p><em><strong>Kochany Miko\u0142aju,<\/strong><\/em><\/p>\n<p><em>w tym roku na \u015awi\u0119ta<\/em><\/p>\n<p><em>poprosz\u0119 o grub\u0105 kas\u0119<\/em><\/p>\n<p><em>i chude cia\u0142o.<\/em><\/p>\n<p><em>Tylko si\u0119 nie pomyl,<\/em><\/p>\n<p><em>Tak jak w zesz\u0142ym roku\u2026.<\/em><\/p>\n<p><em>\u00a0<\/em><\/p>\n","protected":false},"excerpt":{"rendered":"<p>Przypominamy i zapraszamy \u00a0na edukacj\u0119 le\u015bn\u0105 w RDLP w Olsztynie &#8211; 4 grudnia 2014r.\u00a0godz.15.00.\u00a0 A \u017ce blisko Miko\u0142ajki, to przytocz\u0119 wyczytany w internecie list do \u015bwi\u0119tego Miko\u0142aja. Kochany Miko\u0142aju, w tym roku na \u015awi\u0119ta poprosz\u0119 o grub\u0105 kas\u0119 i chude cia\u0142o. Tylko si\u0119 nie pomyl, Tak jak w zesz\u0142ym roku\u2026. \u00a0<\/p>\n","protected":false},"author":1,"featured_media":0,"comment_status":"open","ping_status":"open","sticky":false,"template":"","format":"standard","meta":{"footnotes":""},"categories":[1,9,11,3],"tags":[],"class_list":["post-1381","post","type-post","status-publish","format-standard","hentry","category-bez-kategorii","category-ciekawostki","category-spotkania-artystyczne","category-zebrania"],"_links":{"self":[{"href":"https:\/\/www.milosnicylasu.olsztyn.pl\/index.php?rest_route=\/wp\/v2\/posts\/1381","targetHints":{"allow":["GET"]}}],"collection":[{"href":"https:\/\/www.milosnicylasu.olsztyn.pl\/index.php?rest_route=\/wp\/v2\/posts"}],"about":[{"href":"https:\/\/www.milosnicylasu.olsztyn.pl\/index.php?rest_route=\/wp\/v2\/types\/post"}],"author":[{"embeddable":true,"href":"https:\/\/www.milosnicylasu.olsztyn.pl\/index.php?rest_route=\/wp\/v2\/users\/1"}],"replies":[{"embeddable":true,"href":"https:\/\/www.milosnicylasu.olsztyn.pl\/index.php?rest_route=%2Fwp%2Fv2%2Fcomments&post=1381"}],"version-history":[{"count":4,"href":"https:\/\/www.milosnicylasu.olsztyn.pl\/index.php?rest_route=\/wp\/v2\/posts\/1381\/revisions"}],"predecessor-version":[{"id":1385,"href":"https:\/\/www.milosnicylasu.olsztyn.pl\/index.php?rest_route=\/wp\/v2\/posts\/1381\/revisions\/1385"}],"wp:attachment":[{"href":"https:\/\/www.milosnicylasu.olsztyn.pl\/index.php?rest_route=%2Fwp%2Fv2%2Fmedia&parent=1381"}],"wp:term":[{"taxonomy":"category","embeddable":true,"href":"https:\/\/www.milosnicylasu.olsztyn.pl\/index.php?rest_route=%2Fwp%2Fv2%2Fcategories&post=1381"},{"taxonomy":"post_tag","embeddable":true,"href":"https:\/\/www.milosnicylasu.olsztyn.pl\/index.php?rest_route=%2Fwp%2Fv2%2Ftags&post=1381"}],"curies":[{"name":"wp","href":"https:\/\/api.w.org\/{rel}","templated":true}]}}