{"id":1389,"date":"2014-12-10T18:19:10","date_gmt":"2014-12-10T17:19:10","guid":{"rendered":"http:\/\/www.milosnicylasu.olsztyn.pl\/?p=1389"},"modified":"2014-12-10T18:22:29","modified_gmt":"2014-12-10T17:22:29","slug":"wystawa-i-zebranie-4-grudnia-2014","status":"publish","type":"post","link":"https:\/\/www.milosnicylasu.olsztyn.pl\/?p=1389","title":{"rendered":"Wystawa i zebranie 4 grudnia 2014"},"content":{"rendered":"<p><a href=\"http:\/\/www.milosnicylasu.olsztyn.pl\/wp-content\/uploads\/2014\/12\/PC030004-www.jpg\" data-rel=\"lightbox-image-0\" data-magnific_type=\"image\" data-rl_title=\"\" data-rl_caption=\"\" title=\"\"><img loading=\"lazy\" decoding=\"async\" class=\"alignleft size-medium wp-image-1390\" alt=\"PC030004-www\" src=\"http:\/\/www.milosnicylasu.olsztyn.pl\/wp-content\/uploads\/2014\/12\/PC030004-www-300x225.jpg\" width=\"300\" height=\"225\" srcset=\"https:\/\/www.milosnicylasu.olsztyn.pl\/wp-content\/uploads\/2014\/12\/PC030004-www-300x225.jpg 300w, https:\/\/www.milosnicylasu.olsztyn.pl\/wp-content\/uploads\/2014\/12\/PC030004-www-400x300.jpg 400w, https:\/\/www.milosnicylasu.olsztyn.pl\/wp-content\/uploads\/2014\/12\/PC030004-www.jpg 1024w\" sizes=\"auto, (max-width: 300px) 100vw, 300px\" \/><\/a><\/p>\n<p>&nbsp;<\/p>\n<p>Z okazji zbli\u017caj\u0105cych si\u0119 \u015awi\u0105t Bo\u017cego Narodzenia, 4 grudnia w holu RDLP w Olsztynie odby\u0142a si\u0119 wystawa prac wykonanych przez kole\u017canki z naszego Ko\u0142a. Jak zwykle by\u0142o bardzo kolorowo.<\/p>\n<p>&nbsp;<\/p>\n<p>Zebranie mia\u0142o r\u00f3wnie\u017c uroczysty charakter. Wr\u0119czone zosta\u0142y nagrody i medale za zawody strzeleckie i rozgrywki szachowe. Wszyscy zostali pocz\u0119stowani czekoladkami od \u015awi\u0119tego Miko\u0142aja.<\/p>\n<p>By\u0142 te\u017c prezent od Nadle\u015bniczego Wies\u0142awa Stachowicza z Mi\u0142om\u0142yna &#8211; film pt. &#8221; W DECH\u0118 FILM O DREWNIE&#8221;. Film ten przypomnia\u0142 nam, \u017ce las to jedyna w swoim rodzaju fabryka, w kt\u00f3rej stale wytwarzane jest drewno, ale r\u00f3wnie\u017c owoce le\u015bne, grzyby i zio\u0142a. To te\u017c fabryka, kt\u00f3ra produkuje tlen, z kt\u00f3rego korzysta wiele form \u017cycia, w tym cz\u0142owiek. To r\u00f3wnie\u017c miejsce \u017cycia ponad po\u0142owy wszystkich gatunk\u00f3w ro\u015blin i zwierz\u0105t w Polsce. Wiedz\u0105c to, le\u015bnicy dbaj\u0105 nie tylko o ilo\u015b\u0107 i jako\u015b\u0107 drewna, ale r\u00f3wnie\u017c o ca\u0142o\u015b\u0107 ekosystem\u00f3w le\u015bnych.<\/p>\n<p>W cz\u0119\u015bci organizacyjnej Anatol Leszczy\u0144ski podsumowa\u0142 dzia\u0142alno\u015b\u0107 Ko\u0142a w listopadzie, poinformowa\u0142 o zamierzeniach w grudniu, zaprosi\u0142 na rajdy i na \u00a0sylwestrowe zawody strzeleckie. Zapisy i op\u0142aty \/w wys.30 z\u0142.\/ przyjmuje Teresa Go\u0142\u0119biewska, przed wyk\u0142adami w ATW.<\/p>\n","protected":false},"excerpt":{"rendered":"<p>&nbsp; Z okazji zbli\u017caj\u0105cych si\u0119 \u015awi\u0105t Bo\u017cego Narodzenia, 4 grudnia w holu RDLP w Olsztynie odby\u0142a si\u0119 wystawa prac wykonanych przez kole\u017canki z naszego Ko\u0142a. Jak zwykle by\u0142o bardzo kolorowo. &nbsp; Zebranie mia\u0142o r\u00f3wnie\u017c uroczysty charakter. Wr\u0119czone zosta\u0142y nagrody i medale za zawody strzeleckie i rozgrywki szachowe. Wszyscy zostali pocz\u0119stowani czekoladkami od \u015awi\u0119tego Miko\u0142aja. By\u0142 [&hellip;]<\/p>\n","protected":false},"author":1,"featured_media":0,"comment_status":"open","ping_status":"open","sticky":false,"template":"","format":"standard","meta":{"footnotes":""},"categories":[1,2,4,8,3],"tags":[],"class_list":["post-1389","post","type-post","status-publish","format-standard","hentry","category-bez-kategorii","category-rajdy","category-wystawy","category-zawody-strzeleckie","category-zebrania"],"_links":{"self":[{"href":"https:\/\/www.milosnicylasu.olsztyn.pl\/index.php?rest_route=\/wp\/v2\/posts\/1389","targetHints":{"allow":["GET"]}}],"collection":[{"href":"https:\/\/www.milosnicylasu.olsztyn.pl\/index.php?rest_route=\/wp\/v2\/posts"}],"about":[{"href":"https:\/\/www.milosnicylasu.olsztyn.pl\/index.php?rest_route=\/wp\/v2\/types\/post"}],"author":[{"embeddable":true,"href":"https:\/\/www.milosnicylasu.olsztyn.pl\/index.php?rest_route=\/wp\/v2\/users\/1"}],"replies":[{"embeddable":true,"href":"https:\/\/www.milosnicylasu.olsztyn.pl\/index.php?rest_route=%2Fwp%2Fv2%2Fcomments&post=1389"}],"version-history":[{"count":2,"href":"https:\/\/www.milosnicylasu.olsztyn.pl\/index.php?rest_route=\/wp\/v2\/posts\/1389\/revisions"}],"predecessor-version":[{"id":1392,"href":"https:\/\/www.milosnicylasu.olsztyn.pl\/index.php?rest_route=\/wp\/v2\/posts\/1389\/revisions\/1392"}],"wp:attachment":[{"href":"https:\/\/www.milosnicylasu.olsztyn.pl\/index.php?rest_route=%2Fwp%2Fv2%2Fmedia&parent=1389"}],"wp:term":[{"taxonomy":"category","embeddable":true,"href":"https:\/\/www.milosnicylasu.olsztyn.pl\/index.php?rest_route=%2Fwp%2Fv2%2Fcategories&post=1389"},{"taxonomy":"post_tag","embeddable":true,"href":"https:\/\/www.milosnicylasu.olsztyn.pl\/index.php?rest_route=%2Fwp%2Fv2%2Ftags&post=1389"}],"curies":[{"name":"wp","href":"https:\/\/api.w.org\/{rel}","templated":true}]}}