{"id":1393,"date":"2014-12-12T17:59:24","date_gmt":"2014-12-12T16:59:24","guid":{"rendered":"http:\/\/www.milosnicylasu.olsztyn.pl\/?p=1393"},"modified":"2014-12-12T18:00:26","modified_gmt":"2014-12-12T17:00:26","slug":"ubieranie-lesnej-choinki-2","status":"publish","type":"post","link":"https:\/\/www.milosnicylasu.olsztyn.pl\/?p=1393","title":{"rendered":"Ubieranie le\u015bnej choinki"},"content":{"rendered":"<p>Zapraszamy w sobot\u0119 &#8211; 13 grudnia, na ubieranie le\u015bnej choinki. Zbi\u00f3rka na p\u0119tli w Kortowie o godzinie 10.00. Jak ka\u017cdego roku, b\u0119dziemy ubiera\u0107 choink\u0119 jab\u0142uszkami, marchewkami i innymi ozdobami, z kt\u00f3rych b\u0119d\u0105 mog\u0142y skorzysta\u0107 le\u015bne zwierz\u0105tka.<\/p>\n<p>Zapraszamy cz\u0142onk\u00f3w Ko\u0142a i sympatyk\u00f3w, cz\u0142onk\u00f3w rodzin. Dla najm\u0142odszych ale i tych starszych b\u0119dzie <strong>niespodzianka.<\/strong><\/p>\n","protected":false},"excerpt":{"rendered":"<p>Zapraszamy w sobot\u0119 &#8211; 13 grudnia, na ubieranie le\u015bnej choinki. Zbi\u00f3rka na p\u0119tli w Kortowie o godzinie 10.00. Jak ka\u017cdego roku, b\u0119dziemy ubiera\u0107 choink\u0119 jab\u0142uszkami, marchewkami i innymi ozdobami, z kt\u00f3rych b\u0119d\u0105 mog\u0142y skorzysta\u0107 le\u015bne zwierz\u0105tka. Zapraszamy cz\u0142onk\u00f3w Ko\u0142a i sympatyk\u00f3w, cz\u0142onk\u00f3w rodzin. Dla najm\u0142odszych ale i tych starszych b\u0119dzie niespodzianka.<\/p>\n","protected":false},"author":1,"featured_media":0,"comment_status":"open","ping_status":"open","sticky":false,"template":"","format":"standard","meta":{"footnotes":""},"categories":[1,9,2],"tags":[],"class_list":["post-1393","post","type-post","status-publish","format-standard","hentry","category-bez-kategorii","category-ciekawostki","category-rajdy"],"_links":{"self":[{"href":"https:\/\/www.milosnicylasu.olsztyn.pl\/index.php?rest_route=\/wp\/v2\/posts\/1393","targetHints":{"allow":["GET"]}}],"collection":[{"href":"https:\/\/www.milosnicylasu.olsztyn.pl\/index.php?rest_route=\/wp\/v2\/posts"}],"about":[{"href":"https:\/\/www.milosnicylasu.olsztyn.pl\/index.php?rest_route=\/wp\/v2\/types\/post"}],"author":[{"embeddable":true,"href":"https:\/\/www.milosnicylasu.olsztyn.pl\/index.php?rest_route=\/wp\/v2\/users\/1"}],"replies":[{"embeddable":true,"href":"https:\/\/www.milosnicylasu.olsztyn.pl\/index.php?rest_route=%2Fwp%2Fv2%2Fcomments&post=1393"}],"version-history":[{"count":2,"href":"https:\/\/www.milosnicylasu.olsztyn.pl\/index.php?rest_route=\/wp\/v2\/posts\/1393\/revisions"}],"predecessor-version":[{"id":1395,"href":"https:\/\/www.milosnicylasu.olsztyn.pl\/index.php?rest_route=\/wp\/v2\/posts\/1393\/revisions\/1395"}],"wp:attachment":[{"href":"https:\/\/www.milosnicylasu.olsztyn.pl\/index.php?rest_route=%2Fwp%2Fv2%2Fmedia&parent=1393"}],"wp:term":[{"taxonomy":"category","embeddable":true,"href":"https:\/\/www.milosnicylasu.olsztyn.pl\/index.php?rest_route=%2Fwp%2Fv2%2Fcategories&post=1393"},{"taxonomy":"post_tag","embeddable":true,"href":"https:\/\/www.milosnicylasu.olsztyn.pl\/index.php?rest_route=%2Fwp%2Fv2%2Ftags&post=1393"}],"curies":[{"name":"wp","href":"https:\/\/api.w.org\/{rel}","templated":true}]}}