{"id":1396,"date":"2014-12-15T08:03:02","date_gmt":"2014-12-15T07:03:02","guid":{"rendered":"http:\/\/www.milosnicylasu.olsztyn.pl\/?p=1396"},"modified":"2014-12-15T08:06:25","modified_gmt":"2014-12-15T07:06:25","slug":"przedswiateczny-rajd-13-grudnia-2014r","status":"publish","type":"post","link":"https:\/\/www.milosnicylasu.olsztyn.pl\/?p=1396","title":{"rendered":"Przed\u015bwi\u0105teczny rajd 13 grudnia 2014r"},"content":{"rendered":"<p>Rajd przed\u015bwi\u0105teczny, ubieranie le\u015bnej choinki, miko\u0142ajkowe upominki &#8211; tylko \u015bniegu zabrak\u0142o.<\/p>\n<p><img loading=\"lazy\" decoding=\"async\" class=\"alignleft size-medium wp-image-1398\" style=\"color: #333333; font-style: normal; line-height: 24.375px;\" alt=\"PC120003-www\" src=\"http:\/\/www.milosnicylasu.olsztyn.pl\/wp-content\/uploads\/2014\/12\/PC120003-www-300x225.jpg\" width=\"300\" height=\"225\" srcset=\"https:\/\/www.milosnicylasu.olsztyn.pl\/wp-content\/uploads\/2014\/12\/PC120003-www-300x225.jpg 300w, https:\/\/www.milosnicylasu.olsztyn.pl\/wp-content\/uploads\/2014\/12\/PC120003-www-400x300.jpg 400w, https:\/\/www.milosnicylasu.olsztyn.pl\/wp-content\/uploads\/2014\/12\/PC120003-www.jpg 1024w\" sizes=\"auto, (max-width: 300px) 100vw, 300px\" \/><\/p>\n<p>&nbsp;<\/p>\n<p>Plusowa temperatura i pi\u0119kne s\u0142oneczko przyci\u0105gn\u0119\u0142o na rajd wielu mi\u0142o\u015bnik\u00f3w lasu.<\/p>\n<p>&nbsp;<\/p>\n<p>&nbsp;<\/p>\n<p><img loading=\"lazy\" decoding=\"async\" class=\"size-medium wp-image-1397 alignright\" alt=\"PC120001-www\" src=\"http:\/\/www.milosnicylasu.olsztyn.pl\/wp-content\/uploads\/2014\/12\/PC120001-www-300x225.jpg\" width=\"300\" height=\"225\" srcset=\"https:\/\/www.milosnicylasu.olsztyn.pl\/wp-content\/uploads\/2014\/12\/PC120001-www-300x225.jpg 300w, https:\/\/www.milosnicylasu.olsztyn.pl\/wp-content\/uploads\/2014\/12\/PC120001-www-400x300.jpg 400w, https:\/\/www.milosnicylasu.olsztyn.pl\/wp-content\/uploads\/2014\/12\/PC120001-www.jpg 1024w\" sizes=\"auto, (max-width: 300px) 100vw, 300px\" \/><\/p>\n<p>&nbsp;<\/p>\n<p>&nbsp;<\/p>\n<p><span style=\"color: #333333; font-style: normal; line-height: 24.375px;\">Niespodziank\u0105 by\u0142y spotykane \u00a0na trasie grzyby.<\/span><\/p>\n<p>&nbsp;<\/p>\n<p>&nbsp;<\/p>\n<p>&nbsp;<\/p>\n<p><img loading=\"lazy\" decoding=\"async\" class=\"alignleft size-medium wp-image-1399\" alt=\"PC120014-www\" src=\"http:\/\/www.milosnicylasu.olsztyn.pl\/wp-content\/uploads\/2014\/12\/PC120014-www-300x225.jpg\" width=\"300\" height=\"225\" srcset=\"https:\/\/www.milosnicylasu.olsztyn.pl\/wp-content\/uploads\/2014\/12\/PC120014-www-300x225.jpg 300w, https:\/\/www.milosnicylasu.olsztyn.pl\/wp-content\/uploads\/2014\/12\/PC120014-www-400x300.jpg 400w, https:\/\/www.milosnicylasu.olsztyn.pl\/wp-content\/uploads\/2014\/12\/PC120014-www.jpg 1024w\" sizes=\"auto, (max-width: 300px) 100vw, 300px\" \/><\/p>\n<p>&nbsp;<\/p>\n<p>Ka\u017cdego roku ubieramy choink\u0119, stroj\u0105c j\u0105 jab\u0142uszkami, marchewkami, li\u015b\u0107mi kapusty &#8211; to taki ma\u0142y prezent dla le\u015bnych braci.<\/p>\n<p>&nbsp;<\/p>\n<p>&nbsp;<\/p>\n<p><img loading=\"lazy\" decoding=\"async\" class=\"size-medium wp-image-1400 alignright\" alt=\"PC120021-www\" src=\"http:\/\/www.milosnicylasu.olsztyn.pl\/wp-content\/uploads\/2014\/12\/PC120021-www-300x225.jpg\" width=\"300\" height=\"225\" srcset=\"https:\/\/www.milosnicylasu.olsztyn.pl\/wp-content\/uploads\/2014\/12\/PC120021-www-300x225.jpg 300w, https:\/\/www.milosnicylasu.olsztyn.pl\/wp-content\/uploads\/2014\/12\/PC120021-www-400x300.jpg 400w, https:\/\/www.milosnicylasu.olsztyn.pl\/wp-content\/uploads\/2014\/12\/PC120021-www.jpg 1024w\" sizes=\"auto, (max-width: 300px) 100vw, 300px\" \/><\/p>\n<p>I jak zawsze przed Bo\u017cym Narodzeniem, przy ognisku, sk\u0142adamy sobie \u017cyczenia\u00a0\u015bwi\u0105teczne, \u015bpiewamy kol\u0119dy.<\/p>\n<p>&nbsp;<\/p>\n<p>&nbsp;<\/p>\n<p>&nbsp;<\/p>\n<p><img loading=\"lazy\" decoding=\"async\" class=\"alignleft size-medium wp-image-1401\" alt=\"PC120025-www\" src=\"http:\/\/www.milosnicylasu.olsztyn.pl\/wp-content\/uploads\/2014\/12\/PC120025-www-300x225.jpg\" width=\"300\" height=\"225\" srcset=\"https:\/\/www.milosnicylasu.olsztyn.pl\/wp-content\/uploads\/2014\/12\/PC120025-www-300x225.jpg 300w, https:\/\/www.milosnicylasu.olsztyn.pl\/wp-content\/uploads\/2014\/12\/PC120025-www-400x300.jpg 400w, https:\/\/www.milosnicylasu.olsztyn.pl\/wp-content\/uploads\/2014\/12\/PC120025-www.jpg 1024w\" sizes=\"auto, (max-width: 300px) 100vw, 300px\" \/><\/p>\n<p>&nbsp;<\/p>\n<p>By\u0142a te\u017c niespodzianka &#8211; Basia Bruzgo \u00a0cz\u0119stowa\u0142a s\u0142odko\u015bciami &#8211; czekoladkami, kt\u00f3re przygotowa\u0142 zarz\u0105d Ko\u0142a.<\/p>\n","protected":false},"excerpt":{"rendered":"<p>Rajd przed\u015bwi\u0105teczny, ubieranie le\u015bnej choinki, miko\u0142ajkowe upominki &#8211; tylko \u015bniegu zabrak\u0142o. &nbsp; Plusowa temperatura i pi\u0119kne s\u0142oneczko przyci\u0105gn\u0119\u0142o na rajd wielu mi\u0142o\u015bnik\u00f3w lasu. &nbsp; &nbsp; &nbsp; &nbsp; Niespodziank\u0105 by\u0142y spotykane \u00a0na trasie grzyby. &nbsp; &nbsp; &nbsp; &nbsp; Ka\u017cdego roku ubieramy choink\u0119, stroj\u0105c j\u0105 jab\u0142uszkami, marchewkami, li\u015b\u0107mi kapusty &#8211; to taki ma\u0142y prezent dla le\u015bnych braci. [&hellip;]<\/p>\n","protected":false},"author":1,"featured_media":0,"comment_status":"open","ping_status":"open","sticky":false,"template":"","format":"standard","meta":{"footnotes":""},"categories":[1,9,2],"tags":[],"class_list":["post-1396","post","type-post","status-publish","format-standard","hentry","category-bez-kategorii","category-ciekawostki","category-rajdy"],"_links":{"self":[{"href":"https:\/\/www.milosnicylasu.olsztyn.pl\/index.php?rest_route=\/wp\/v2\/posts\/1396","targetHints":{"allow":["GET"]}}],"collection":[{"href":"https:\/\/www.milosnicylasu.olsztyn.pl\/index.php?rest_route=\/wp\/v2\/posts"}],"about":[{"href":"https:\/\/www.milosnicylasu.olsztyn.pl\/index.php?rest_route=\/wp\/v2\/types\/post"}],"author":[{"embeddable":true,"href":"https:\/\/www.milosnicylasu.olsztyn.pl\/index.php?rest_route=\/wp\/v2\/users\/1"}],"replies":[{"embeddable":true,"href":"https:\/\/www.milosnicylasu.olsztyn.pl\/index.php?rest_route=%2Fwp%2Fv2%2Fcomments&post=1396"}],"version-history":[{"count":3,"href":"https:\/\/www.milosnicylasu.olsztyn.pl\/index.php?rest_route=\/wp\/v2\/posts\/1396\/revisions"}],"predecessor-version":[{"id":1404,"href":"https:\/\/www.milosnicylasu.olsztyn.pl\/index.php?rest_route=\/wp\/v2\/posts\/1396\/revisions\/1404"}],"wp:attachment":[{"href":"https:\/\/www.milosnicylasu.olsztyn.pl\/index.php?rest_route=%2Fwp%2Fv2%2Fmedia&parent=1396"}],"wp:term":[{"taxonomy":"category","embeddable":true,"href":"https:\/\/www.milosnicylasu.olsztyn.pl\/index.php?rest_route=%2Fwp%2Fv2%2Fcategories&post=1396"},{"taxonomy":"post_tag","embeddable":true,"href":"https:\/\/www.milosnicylasu.olsztyn.pl\/index.php?rest_route=%2Fwp%2Fv2%2Ftags&post=1396"}],"curies":[{"name":"wp","href":"https:\/\/api.w.org\/{rel}","templated":true}]}}