{"id":1412,"date":"2014-12-28T11:20:21","date_gmt":"2014-12-28T10:20:21","guid":{"rendered":"http:\/\/www.milosnicylasu.olsztyn.pl\/?p=1412"},"modified":"2015-01-05T09:04:45","modified_gmt":"2015-01-05T08:04:45","slug":"pozegnanie-2014-roku","status":"publish","type":"post","link":"https:\/\/www.milosnicylasu.olsztyn.pl\/?p=1412","title":{"rendered":"Po\u017cegnanie 2014 roku"},"content":{"rendered":"<p><a href=\"http:\/\/www.milosnicylasu.olsztyn.pl\/wp-content\/uploads\/2014\/12\/PC270001-www.jpg\" data-rel=\"lightbox-image-0\" data-magnific_type=\"image\" data-rl_title=\"\" data-rl_caption=\"\" title=\"\"><img loading=\"lazy\" decoding=\"async\" class=\"alignleft size-medium wp-image-1413\" alt=\"PC270001-www\" src=\"http:\/\/www.milosnicylasu.olsztyn.pl\/wp-content\/uploads\/2014\/12\/PC270001-www-300x225.jpg\" width=\"300\" height=\"225\" srcset=\"https:\/\/www.milosnicylasu.olsztyn.pl\/wp-content\/uploads\/2014\/12\/PC270001-www-300x225.jpg 300w, https:\/\/www.milosnicylasu.olsztyn.pl\/wp-content\/uploads\/2014\/12\/PC270001-www-400x300.jpg 400w, https:\/\/www.milosnicylasu.olsztyn.pl\/wp-content\/uploads\/2014\/12\/PC270001-www.jpg 1024w\" sizes=\"auto, (max-width: 300px) 100vw, 300px\" \/><\/a><\/p>\n<p>&nbsp;<\/p>\n<p>27 grudnia 18 cz\u0142onk\u00f3w Ko\u0142a spotka\u0142o si\u0119 \u00a0w Le\u015bnictwie Stary Dw\u00f3r aby po\u017cegna\u0107 stary rok. Troch\u0119 mro\u017ana, ale pi\u0119kna, leciutko \u015bnie\u017cna pogoda sprzyja\u0142a \u00a0spacerowi. Przy le\u015bnym ognisku z lampk\u0105 szampana sk\u0142adali\u015bmy sobie \u017cyczenia, \u00a0\u015bpiewali\u015bmy kol\u0119dy. \u00a0Po drodze do ogniska, mijali\u015bmy ubran\u0105 przez nas 13 grudnia le\u015bn\u0105 choink\u0119. Przekonali\u015bmy si\u0119, \u017ce w tym czasie le\u015bne bractwo odwiedza\u0142o \u00a0to miejsce. Uby\u0142o sporo &#8222;ozd\u00f3b&#8221; &#8211; ciasteczek, sk\u00f3rek ze s\u0142onink\u0105, jab\u0142ek. Zosta\u0142y marchewki i cz\u0119\u015b\u0107 jab\u0142ek.<\/p>\n<p>Przypominamy, \u017ce 8 stycznia o godzinie 15.00 odb\u0119dzie si\u0119 \u00a0zebranie w RDLP w Olsztynie. Zapraszamy wszystkich cz\u0142onk\u00f3w \u00a0i sympatyk\u00f3w Ko\u0142a. W trakcie zebrania cz\u0142onkowie Ko\u0142a otrzymaj\u0105 plan pracy Ko\u0142a na 2015 rok. Skarbnik Teresa Go\u0142\u0119biewska b\u0119dzie przyjmowa\u0142a sk\u0142adki cz\u0142onkowskie. Jednocze\u015bnie przypominamy o zabraniu legitymacji cz\u0142onkowskich, w kt\u00f3rych odnotowana b\u0119dzie wp\u0142acona sk\u0142adka \u00a0na 2015 rok.<\/p>\n","protected":false},"excerpt":{"rendered":"<p>&nbsp; 27 grudnia 18 cz\u0142onk\u00f3w Ko\u0142a spotka\u0142o si\u0119 \u00a0w Le\u015bnictwie Stary Dw\u00f3r aby po\u017cegna\u0107 stary rok. Troch\u0119 mro\u017ana, ale pi\u0119kna, leciutko \u015bnie\u017cna pogoda sprzyja\u0142a \u00a0spacerowi. Przy le\u015bnym ognisku z lampk\u0105 szampana sk\u0142adali\u015bmy sobie \u017cyczenia, \u00a0\u015bpiewali\u015bmy kol\u0119dy. \u00a0Po drodze do ogniska, mijali\u015bmy ubran\u0105 przez nas 13 grudnia le\u015bn\u0105 choink\u0119. Przekonali\u015bmy si\u0119, \u017ce w tym czasie le\u015bne [&hellip;]<\/p>\n","protected":false},"author":1,"featured_media":0,"comment_status":"open","ping_status":"open","sticky":false,"template":"","format":"standard","meta":{"footnotes":""},"categories":[1,3],"tags":[],"class_list":["post-1412","post","type-post","status-publish","format-standard","hentry","category-bez-kategorii","category-zebrania"],"_links":{"self":[{"href":"https:\/\/www.milosnicylasu.olsztyn.pl\/index.php?rest_route=\/wp\/v2\/posts\/1412","targetHints":{"allow":["GET"]}}],"collection":[{"href":"https:\/\/www.milosnicylasu.olsztyn.pl\/index.php?rest_route=\/wp\/v2\/posts"}],"about":[{"href":"https:\/\/www.milosnicylasu.olsztyn.pl\/index.php?rest_route=\/wp\/v2\/types\/post"}],"author":[{"embeddable":true,"href":"https:\/\/www.milosnicylasu.olsztyn.pl\/index.php?rest_route=\/wp\/v2\/users\/1"}],"replies":[{"embeddable":true,"href":"https:\/\/www.milosnicylasu.olsztyn.pl\/index.php?rest_route=%2Fwp%2Fv2%2Fcomments&post=1412"}],"version-history":[{"count":3,"href":"https:\/\/www.milosnicylasu.olsztyn.pl\/index.php?rest_route=\/wp\/v2\/posts\/1412\/revisions"}],"predecessor-version":[{"id":1435,"href":"https:\/\/www.milosnicylasu.olsztyn.pl\/index.php?rest_route=\/wp\/v2\/posts\/1412\/revisions\/1435"}],"wp:attachment":[{"href":"https:\/\/www.milosnicylasu.olsztyn.pl\/index.php?rest_route=%2Fwp%2Fv2%2Fmedia&parent=1412"}],"wp:term":[{"taxonomy":"category","embeddable":true,"href":"https:\/\/www.milosnicylasu.olsztyn.pl\/index.php?rest_route=%2Fwp%2Fv2%2Fcategories&post=1412"},{"taxonomy":"post_tag","embeddable":true,"href":"https:\/\/www.milosnicylasu.olsztyn.pl\/index.php?rest_route=%2Fwp%2Fv2%2Ftags&post=1412"}],"curies":[{"name":"wp","href":"https:\/\/api.w.org\/{rel}","templated":true}]}}