{"id":1419,"date":"2015-01-02T21:27:17","date_gmt":"2015-01-02T20:27:17","guid":{"rendered":"http:\/\/www.milosnicylasu.olsztyn.pl\/?p=1419"},"modified":"2015-01-02T21:32:16","modified_gmt":"2015-01-02T20:32:16","slug":"sylwestrowe-zawody-strzeleckie","status":"publish","type":"post","link":"https:\/\/www.milosnicylasu.olsztyn.pl\/?p=1419","title":{"rendered":"Sylwestrowe Zawody Strzeleckie"},"content":{"rendered":"<p><a href=\"http:\/\/www.milosnicylasu.olsztyn.pl\/wp-content\/uploads\/2015\/01\/PC300001-www.jpg\" data-rel=\"lightbox-image-0\" data-magnific_type=\"image\" data-rl_title=\"\" data-rl_caption=\"\" title=\"\"><img loading=\"lazy\" decoding=\"async\" class=\"alignleft size-medium wp-image-1421\" alt=\"PC300001-www\" src=\"http:\/\/www.milosnicylasu.olsztyn.pl\/wp-content\/uploads\/2015\/01\/PC300001-www-300x225.jpg\" width=\"300\" height=\"225\" srcset=\"https:\/\/www.milosnicylasu.olsztyn.pl\/wp-content\/uploads\/2015\/01\/PC300001-www-300x225.jpg 300w, https:\/\/www.milosnicylasu.olsztyn.pl\/wp-content\/uploads\/2015\/01\/PC300001-www-400x300.jpg 400w, https:\/\/www.milosnicylasu.olsztyn.pl\/wp-content\/uploads\/2015\/01\/PC300001-www.jpg 1024w\" sizes=\"auto, (max-width: 300px) 100vw, 300px\" \/><\/a><\/p>\n<p>&nbsp;<\/p>\n<p>&nbsp;<\/p>\n<p>31 grudnia 2014 r. odby\u0142y si\u0119 Sylwestrowe Zawody Strzeleckie, w kt\u00f3rych bra\u0142o udzia\u0142 18 cz\u0142onk\u00f3w naszego Ko\u0142a &#8211; 10 pa\u0144 i 8 pan\u00f3w.<\/p>\n<p>&nbsp;<\/p>\n<p><img loading=\"lazy\" decoding=\"async\" class=\"size-medium wp-image-1422 alignright\" alt=\"PC300007-www\" src=\"http:\/\/www.milosnicylasu.olsztyn.pl\/wp-content\/uploads\/2015\/01\/PC300007-www-300x225.jpg\" width=\"300\" height=\"225\" srcset=\"https:\/\/www.milosnicylasu.olsztyn.pl\/wp-content\/uploads\/2015\/01\/PC300007-www-300x225.jpg 300w, https:\/\/www.milosnicylasu.olsztyn.pl\/wp-content\/uploads\/2015\/01\/PC300007-www-400x300.jpg 400w, https:\/\/www.milosnicylasu.olsztyn.pl\/wp-content\/uploads\/2015\/01\/PC300007-www.jpg 1024w\" sizes=\"auto, (max-width: 300px) 100vw, 300px\" \/><\/p>\n<p>Panie tak rwa\u0142y si\u0119 do strzelania, \u017ce w pewnym momencie utworzy\u0142a si\u0119 kolejka do J\u00f3zka Gazdy, kt\u00f3ry prowadzi\u0142 zapisy.<\/p>\n<p>&nbsp;<\/p>\n<p>&nbsp;<\/p>\n<p>&nbsp;<\/p>\n<p>Wszyscy zawodnicy wykazali si\u0119 opanowaniem, odporno\u015bci\u0105 psychiczn\u0105 a przede wszystkim coraz wi\u0119kszymi umiej\u0119tno\u015bciami \u00a0strzeleckimi. Organizowane co dwa tygodnie treningi strzeleckie przynosz\u0105 rezultaty. Zawodnicy z ka\u017cdym rokiem osi\u0105gaj\u0105 coraz lepsze wyniki, ale tym razem szcz\u0119\u015bcie dopisa\u0142o:<\/p>\n<p><strong>panie:<\/strong><\/p>\n<p>1 miejsce &#8211; Ryszarda K\u0142\u0119bukowska<\/p>\n<p>2 miejsce &#8211; Renata Janicka<\/p>\n<p>3 miejsce &#8211; Ewa Szwejk<\/p>\n<p><strong>panowie:<\/strong><\/p>\n<p>1 miejsce &#8211; Anatol Leszczy\u0144ski<\/p>\n<p>2 miejsce &#8211; Grzegorz Kluczek<\/p>\n<p><span style=\"color: #333333; font-style: normal; line-height: 24.375px;\">3 miejsce &#8211; Ryszard Chudziakiewicz<\/span><\/p>\n<p style=\"color: #333333; font-style: normal; line-height: 24.375px;\"><a href=\"http:\/\/www.milosnicylasu.olsztyn.pl\/wp-content\/uploads\/2015\/01\/PC300032-www.jpg\" data-rel=\"lightbox-image-1\" data-magnific_type=\"image\" data-rl_title=\"\" data-rl_caption=\"\" title=\"\"><img loading=\"lazy\" decoding=\"async\" class=\"alignleft size-medium wp-image-1420\" alt=\"PC300032-www\" src=\"http:\/\/www.milosnicylasu.olsztyn.pl\/wp-content\/uploads\/2015\/01\/PC300032-www-300x225.jpg\" width=\"300\" height=\"225\" srcset=\"https:\/\/www.milosnicylasu.olsztyn.pl\/wp-content\/uploads\/2015\/01\/PC300032-www-300x225.jpg 300w, https:\/\/www.milosnicylasu.olsztyn.pl\/wp-content\/uploads\/2015\/01\/PC300032-www-400x300.jpg 400w, https:\/\/www.milosnicylasu.olsztyn.pl\/wp-content\/uploads\/2015\/01\/PC300032-www.jpg 1024w\" sizes=\"auto, (max-width: 300px) 100vw, 300px\" \/><\/a><\/p>\n<p>&nbsp;<\/p>\n<p><strong>Gratulujemy!!!!!.<\/strong>&#8230;&#8230;&#8230;&#8230;&#8230;. i troszeczk\u0119 zazdro\u015bcimy.<\/p>\n<p>Wszyscy uczestnicy obiecywali, \u017ce w Nowym Roku b\u0119d\u0105 systematyczniej ucz\u0119szcza\u0107 na treningi i za rok &#8230;&#8230;. zobaczymy&#8230;&#8230;&#8230;.<\/p>\n<p>Zawody mia\u0142y szczeg\u00f3ln\u0105 opraw\u0119, po pierwsze \u017cegnali\u015bmy 2014 rok i po drugie \u015bwi\u0119towali\u015bmy rozpocz\u0119cie 2015 roku.\u00a0By\u0142o pyszne jedzonko, szampan,\u00a0\u017cyczenia i wsp\u00f3lna zabawa.<\/p>\n<p>Do zobaczenia w sobot\u0119, na p\u0119tli autobus\u00f3w w Kortowie godzina 10.00<\/p>\n<p>&nbsp;<\/p>\n<p>&nbsp;<\/p>\n","protected":false},"excerpt":{"rendered":"<p>&nbsp; &nbsp; 31 grudnia 2014 r. odby\u0142y si\u0119 Sylwestrowe Zawody Strzeleckie, w kt\u00f3rych bra\u0142o udzia\u0142 18 cz\u0142onk\u00f3w naszego Ko\u0142a &#8211; 10 pa\u0144 i 8 pan\u00f3w. &nbsp; Panie tak rwa\u0142y si\u0119 do strzelania, \u017ce w pewnym momencie utworzy\u0142a si\u0119 kolejka do J\u00f3zka Gazdy, kt\u00f3ry prowadzi\u0142 zapisy. &nbsp; &nbsp; &nbsp; Wszyscy zawodnicy wykazali si\u0119 opanowaniem, odporno\u015bci\u0105 psychiczn\u0105 [&hellip;]<\/p>\n","protected":false},"author":1,"featured_media":0,"comment_status":"open","ping_status":"open","sticky":false,"template":"","format":"standard","meta":{"footnotes":""},"categories":[1,8],"tags":[],"class_list":["post-1419","post","type-post","status-publish","format-standard","hentry","category-bez-kategorii","category-zawody-strzeleckie"],"_links":{"self":[{"href":"https:\/\/www.milosnicylasu.olsztyn.pl\/index.php?rest_route=\/wp\/v2\/posts\/1419","targetHints":{"allow":["GET"]}}],"collection":[{"href":"https:\/\/www.milosnicylasu.olsztyn.pl\/index.php?rest_route=\/wp\/v2\/posts"}],"about":[{"href":"https:\/\/www.milosnicylasu.olsztyn.pl\/index.php?rest_route=\/wp\/v2\/types\/post"}],"author":[{"embeddable":true,"href":"https:\/\/www.milosnicylasu.olsztyn.pl\/index.php?rest_route=\/wp\/v2\/users\/1"}],"replies":[{"embeddable":true,"href":"https:\/\/www.milosnicylasu.olsztyn.pl\/index.php?rest_route=%2Fwp%2Fv2%2Fcomments&post=1419"}],"version-history":[{"count":5,"href":"https:\/\/www.milosnicylasu.olsztyn.pl\/index.php?rest_route=\/wp\/v2\/posts\/1419\/revisions"}],"predecessor-version":[{"id":1428,"href":"https:\/\/www.milosnicylasu.olsztyn.pl\/index.php?rest_route=\/wp\/v2\/posts\/1419\/revisions\/1428"}],"wp:attachment":[{"href":"https:\/\/www.milosnicylasu.olsztyn.pl\/index.php?rest_route=%2Fwp%2Fv2%2Fmedia&parent=1419"}],"wp:term":[{"taxonomy":"category","embeddable":true,"href":"https:\/\/www.milosnicylasu.olsztyn.pl\/index.php?rest_route=%2Fwp%2Fv2%2Fcategories&post=1419"},{"taxonomy":"post_tag","embeddable":true,"href":"https:\/\/www.milosnicylasu.olsztyn.pl\/index.php?rest_route=%2Fwp%2Fv2%2Ftags&post=1419"}],"curies":[{"name":"wp","href":"https:\/\/api.w.org\/{rel}","templated":true}]}}