{"id":1430,"date":"2015-01-04T12:55:41","date_gmt":"2015-01-04T11:55:41","guid":{"rendered":"http:\/\/www.milosnicylasu.olsztyn.pl\/?p=1430"},"modified":"2015-01-05T09:05:55","modified_gmt":"2015-01-05T08:05:55","slug":"sobotni-rajd-3-stycznia-2015r","status":"publish","type":"post","link":"https:\/\/www.milosnicylasu.olsztyn.pl\/?p=1430","title":{"rendered":"Sobotni rajd 3 stycznia 2015r."},"content":{"rendered":"<p><a href=\"http:\/\/www.milosnicylasu.olsztyn.pl\/wp-content\/uploads\/2015\/01\/PC220015-www.jpg\" data-rel=\"lightbox-image-0\" data-magnific_type=\"image\" data-rl_title=\"\" data-rl_caption=\"\" title=\"\"><img loading=\"lazy\" decoding=\"async\" class=\"alignleft size-medium wp-image-1432\" alt=\"PC220015-www\" src=\"http:\/\/www.milosnicylasu.olsztyn.pl\/wp-content\/uploads\/2015\/01\/PC220015-www-300x168.jpg\" width=\"300\" height=\"168\" srcset=\"https:\/\/www.milosnicylasu.olsztyn.pl\/wp-content\/uploads\/2015\/01\/PC220015-www-300x168.jpg 300w, https:\/\/www.milosnicylasu.olsztyn.pl\/wp-content\/uploads\/2015\/01\/PC220015-www-500x281.jpg 500w, https:\/\/www.milosnicylasu.olsztyn.pl\/wp-content\/uploads\/2015\/01\/PC220015-www.jpg 1024w\" sizes=\"auto, (max-width: 300px) 100vw, 300px\" \/><\/a>Pierwszy sobotni rajd w 2015 roku poprowadzi\u0142 Micha\u0142 K\u0142\u0119bukowski. Spotkali\u015bmy si\u0119 na p\u0119tli autobus\u00f3w w Kortowie i przeszli\u015bmy pod wiat\u0119 przy le\u015bnicz\u00f3wce Stary Dw\u00f3r. Niestety, pocz\u0105tkowo niez\u0142a, jak na pocz\u0105tki stycznia pogoda, przypomnia\u0142a nam, \u017ce to zima. Zacz\u0105\u0142 pada\u0107 deszcz ze \u015bniegiem \u00a0i po trzech godzinach &#8211; \u00a0d<span style=\"color: #333333; font-style: normal; line-height: 24.375px;\">otlenieni, wyciszeni i\u00a0<\/span><span style=\"color: #333333; font-style: normal; line-height: 24.375px;\">odstresowani\u00a0<\/span>wr\u00f3cili\u015bmy\u00a0<span style=\"color: #333333; font-style: normal; line-height: 24.375px;\">\u00a0do domu rado\u015bni, by z wi\u0119kszym optymizmem spojrze\u0107 na w\u0142asne \u017cycie.<\/span><\/p>\n","protected":false},"excerpt":{"rendered":"<p>Pierwszy sobotni rajd w 2015 roku poprowadzi\u0142 Micha\u0142 K\u0142\u0119bukowski. Spotkali\u015bmy si\u0119 na p\u0119tli autobus\u00f3w w Kortowie i przeszli\u015bmy pod wiat\u0119 przy le\u015bnicz\u00f3wce Stary Dw\u00f3r. Niestety, pocz\u0105tkowo niez\u0142a, jak na pocz\u0105tki stycznia pogoda, przypomnia\u0142a nam, \u017ce to zima. Zacz\u0105\u0142 pada\u0107 deszcz ze \u015bniegiem \u00a0i po trzech godzinach &#8211; \u00a0dotlenieni, wyciszeni i\u00a0odstresowani\u00a0wr\u00f3cili\u015bmy\u00a0\u00a0do domu rado\u015bni, by z wi\u0119kszym [&hellip;]<\/p>\n","protected":false},"author":1,"featured_media":0,"comment_status":"open","ping_status":"open","sticky":false,"template":"","format":"standard","meta":{"footnotes":""},"categories":[1,2],"tags":[],"class_list":["post-1430","post","type-post","status-publish","format-standard","hentry","category-bez-kategorii","category-rajdy"],"_links":{"self":[{"href":"https:\/\/www.milosnicylasu.olsztyn.pl\/index.php?rest_route=\/wp\/v2\/posts\/1430","targetHints":{"allow":["GET"]}}],"collection":[{"href":"https:\/\/www.milosnicylasu.olsztyn.pl\/index.php?rest_route=\/wp\/v2\/posts"}],"about":[{"href":"https:\/\/www.milosnicylasu.olsztyn.pl\/index.php?rest_route=\/wp\/v2\/types\/post"}],"author":[{"embeddable":true,"href":"https:\/\/www.milosnicylasu.olsztyn.pl\/index.php?rest_route=\/wp\/v2\/users\/1"}],"replies":[{"embeddable":true,"href":"https:\/\/www.milosnicylasu.olsztyn.pl\/index.php?rest_route=%2Fwp%2Fv2%2Fcomments&post=1430"}],"version-history":[{"count":3,"href":"https:\/\/www.milosnicylasu.olsztyn.pl\/index.php?rest_route=\/wp\/v2\/posts\/1430\/revisions"}],"predecessor-version":[{"id":1436,"href":"https:\/\/www.milosnicylasu.olsztyn.pl\/index.php?rest_route=\/wp\/v2\/posts\/1430\/revisions\/1436"}],"wp:attachment":[{"href":"https:\/\/www.milosnicylasu.olsztyn.pl\/index.php?rest_route=%2Fwp%2Fv2%2Fmedia&parent=1430"}],"wp:term":[{"taxonomy":"category","embeddable":true,"href":"https:\/\/www.milosnicylasu.olsztyn.pl\/index.php?rest_route=%2Fwp%2Fv2%2Fcategories&post=1430"},{"taxonomy":"post_tag","embeddable":true,"href":"https:\/\/www.milosnicylasu.olsztyn.pl\/index.php?rest_route=%2Fwp%2Fv2%2Ftags&post=1430"}],"curies":[{"name":"wp","href":"https:\/\/api.w.org\/{rel}","templated":true}]}}