{"id":1438,"date":"2015-01-11T12:40:02","date_gmt":"2015-01-11T11:40:02","guid":{"rendered":"http:\/\/www.milosnicylasu.olsztyn.pl\/?p=1438"},"modified":"2015-01-11T20:42:33","modified_gmt":"2015-01-11T19:42:33","slug":"rajd-10-stycznia-2015r","status":"publish","type":"post","link":"https:\/\/www.milosnicylasu.olsztyn.pl\/?p=1438","title":{"rendered":"Rajd 10 stycznia 2015r."},"content":{"rendered":"<p><a href=\"http:\/\/www.milosnicylasu.olsztyn.pl\/wp-content\/uploads\/2015\/01\/www.jpg\" data-rel=\"lightbox-image-0\" data-magnific_type=\"image\" data-rl_title=\"\" data-rl_caption=\"\" title=\"\"><img loading=\"lazy\" decoding=\"async\" class=\"alignleft size-medium wp-image-1440\" alt=\"-www\" src=\"http:\/\/www.milosnicylasu.olsztyn.pl\/wp-content\/uploads\/2015\/01\/www-225x300.jpg\" width=\"225\" height=\"300\" srcset=\"https:\/\/www.milosnicylasu.olsztyn.pl\/wp-content\/uploads\/2015\/01\/www-225x300.jpg 225w, https:\/\/www.milosnicylasu.olsztyn.pl\/wp-content\/uploads\/2015\/01\/www.jpg 768w\" sizes=\"auto, (max-width: 225px) 100vw, 225px\" \/><\/a><\/p>\n<p>&nbsp;<\/p>\n<p>W sobot\u0119 10 stycznia rajd poprowadzi\u0142 Micha\u0142 K\u0142\u0119bukowski.<\/p>\n<p>Spotkali\u015bmy si\u0119 w Starym Dworze, w nielicznym, lecz sympatycznym gronie najbardziej wytrwa\u0142ych rajdowicz\u00f3w.<\/p>\n<p>&nbsp;<\/p>\n<p>Pomimo nie najlepszej pogody przeszli\u015bmy<\/p>\n<p><img loading=\"lazy\" decoding=\"async\" class=\"size-medium wp-image-1442 alignright\" alt=\"20150110278-www\" src=\"http:\/\/www.milosnicylasu.olsztyn.pl\/wp-content\/uploads\/2015\/01\/20150110278-www-225x300.jpg\" width=\"225\" height=\"300\" srcset=\"https:\/\/www.milosnicylasu.olsztyn.pl\/wp-content\/uploads\/2015\/01\/20150110278-www-225x300.jpg 225w, https:\/\/www.milosnicylasu.olsztyn.pl\/wp-content\/uploads\/2015\/01\/20150110278-www.jpg 768w\" sizes=\"auto, (max-width: 225px) 100vw, 225px\" \/><\/p>\n<p>do le\u015bnicz\u00f3wki, rozpalili\u015bmy ognisko, upiekli\u015bmy kie\u0142baski.<a href=\"http:\/\/www.milosnicylasu.olsztyn.pl\/wp-content\/uploads\/2015\/01\/20150110280-www.jpg\" data-rel=\"lightbox-image-1\" data-magnific_type=\"image\" data-rl_title=\"\" data-rl_caption=\"\" title=\"\"><img loading=\"lazy\" decoding=\"async\" class=\"alignleft size-medium wp-image-1443\" alt=\"20150110280-www\" src=\"http:\/\/www.milosnicylasu.olsztyn.pl\/wp-content\/uploads\/2015\/01\/20150110280-www-225x300.jpg\" width=\"225\" height=\"300\" srcset=\"https:\/\/www.milosnicylasu.olsztyn.pl\/wp-content\/uploads\/2015\/01\/20150110280-www-225x300.jpg 225w, https:\/\/www.milosnicylasu.olsztyn.pl\/wp-content\/uploads\/2015\/01\/20150110280-www.jpg 768w\" sizes=\"auto, (max-width: 225px) 100vw, 225px\" \/><\/a><\/p>\n<p>&nbsp;<\/p>\n<p>&nbsp;<\/p>\n<p>&nbsp;<\/p>\n<p>&nbsp;<\/p>\n<p>&nbsp;<\/p>\n<p>&nbsp;<\/p>\n<p>&nbsp;<\/p>\n<p>W dobrych nastrojach, zadowoleni, dotlenieni po czterech godzinach wr\u00f3cili\u015bmy do domu. Las, niezale\u017cnie od pory i pogody, jest zawsze pi\u0119kny.<\/p>\n<p>&nbsp;<\/p>\n<p>&nbsp;<\/p>\n<p>&nbsp;<\/p>\n<p>&nbsp;<\/p>\n","protected":false},"excerpt":{"rendered":"<p>&nbsp; W sobot\u0119 10 stycznia rajd poprowadzi\u0142 Micha\u0142 K\u0142\u0119bukowski. Spotkali\u015bmy si\u0119 w Starym Dworze, w nielicznym, lecz sympatycznym gronie najbardziej wytrwa\u0142ych rajdowicz\u00f3w. &nbsp; Pomimo nie najlepszej pogody przeszli\u015bmy do le\u015bnicz\u00f3wki, rozpalili\u015bmy ognisko, upiekli\u015bmy kie\u0142baski. &nbsp; &nbsp; &nbsp; &nbsp; &nbsp; &nbsp; &nbsp; W dobrych nastrojach, zadowoleni, dotlenieni po czterech godzinach wr\u00f3cili\u015bmy do domu. Las, niezale\u017cnie od [&hellip;]<\/p>\n","protected":false},"author":1,"featured_media":0,"comment_status":"open","ping_status":"open","sticky":false,"template":"","format":"standard","meta":{"footnotes":""},"categories":[2],"tags":[],"class_list":["post-1438","post","type-post","status-publish","format-standard","hentry","category-rajdy"],"_links":{"self":[{"href":"https:\/\/www.milosnicylasu.olsztyn.pl\/index.php?rest_route=\/wp\/v2\/posts\/1438","targetHints":{"allow":["GET"]}}],"collection":[{"href":"https:\/\/www.milosnicylasu.olsztyn.pl\/index.php?rest_route=\/wp\/v2\/posts"}],"about":[{"href":"https:\/\/www.milosnicylasu.olsztyn.pl\/index.php?rest_route=\/wp\/v2\/types\/post"}],"author":[{"embeddable":true,"href":"https:\/\/www.milosnicylasu.olsztyn.pl\/index.php?rest_route=\/wp\/v2\/users\/1"}],"replies":[{"embeddable":true,"href":"https:\/\/www.milosnicylasu.olsztyn.pl\/index.php?rest_route=%2Fwp%2Fv2%2Fcomments&post=1438"}],"version-history":[{"count":3,"href":"https:\/\/www.milosnicylasu.olsztyn.pl\/index.php?rest_route=\/wp\/v2\/posts\/1438\/revisions"}],"predecessor-version":[{"id":1444,"href":"https:\/\/www.milosnicylasu.olsztyn.pl\/index.php?rest_route=\/wp\/v2\/posts\/1438\/revisions\/1444"}],"wp:attachment":[{"href":"https:\/\/www.milosnicylasu.olsztyn.pl\/index.php?rest_route=%2Fwp%2Fv2%2Fmedia&parent=1438"}],"wp:term":[{"taxonomy":"category","embeddable":true,"href":"https:\/\/www.milosnicylasu.olsztyn.pl\/index.php?rest_route=%2Fwp%2Fv2%2Fcategories&post=1438"},{"taxonomy":"post_tag","embeddable":true,"href":"https:\/\/www.milosnicylasu.olsztyn.pl\/index.php?rest_route=%2Fwp%2Fv2%2Ftags&post=1438"}],"curies":[{"name":"wp","href":"https:\/\/api.w.org\/{rel}","templated":true}]}}