{"id":1467,"date":"2015-01-20T17:29:07","date_gmt":"2015-01-20T16:29:07","guid":{"rendered":"http:\/\/www.milosnicylasu.olsztyn.pl\/?p=1467"},"modified":"2015-01-20T17:29:24","modified_gmt":"2015-01-20T16:29:24","slug":"pozdrowienia-od-benka","status":"publish","type":"post","link":"https:\/\/www.milosnicylasu.olsztyn.pl\/?p=1467","title":{"rendered":"Pozdrowienia od Benka"},"content":{"rendered":"<div><span style=\"font-family: Arial; font-size: small;\"><span style=\"font-size: large;\"> <span style=\"color: #ff0000; font-family: Elephant;\"><strong>POZDROWIENIA OD KUCKIEGO BENIA!!!<\/strong><\/span><\/span><\/span><\/div>\n<blockquote>\n<div>\n<p>&nbsp;<\/p>\n<blockquote>\n<div>\n<table width=\"97%\" border=\"0\" cellspacing=\"0\" cellpadding=\"0\">\n<tbody>\n<tr>\n<td width=\"100%\">\n<div>\n<div>\n<div>\n<p><strong><em>LEKCJA SAVOIR VIVRE&#8217;U<br \/>\n<\/em><\/strong>Dzisiaj b\u0119dzie, droga Aniu,<br \/>\nRzecz o dobrym wychowaniu.<br \/>\nPom\u00f3wimy o zasadach.<br \/>\nCo wypada &#8211; nie wypada.<\/p>\n<p>Kt\u00f3re z dzieci, na tym zna si\u0119?<br \/>\nMo\u017cna je\u015b\u0107 na lekcji w klasie?<br \/>\nWolno podczas zaj\u0119\u0107 w szkole<br \/>\nPi\u0107 z butelki Coca col\u0119?<br \/>\nJak si\u0119 trzeba, powiedz, Heniu,<br \/>\nZachowywa\u0107 przy jedzeniu?<\/p>\n<p>Macie racj\u0119! Nie wypada<\/p>\n<p>Podczas lekcji si\u0119 zajada\u0107.<br \/>\n\u017badnych frytek i sa\u0142atek.<br \/>\nZna to ka\u017cdy sze\u015bciolatek.<br \/>\nKiedy je\u015b\u0107 sa\u0142atk\u0119 greck\u0105,<br \/>\nTo rozumie nawet dziecko.<br \/>\nWie, gdy lat ma pi\u0119\u0107 czy sze\u015b\u0107,<br \/>\nGdzie si\u0119 nie powinno je\u015b\u0107.<\/p>\n<p>Czym skorupka. Drogie dzieci.<br \/>\nKto przyk\u0142adem mo\u017ce \u015bwieci\u0107?<br \/>\nWybierajmy ludzi z klas\u0105,<br \/>\nCo potrafi\u0105 trzyma\u0107 fason.<br \/>\nKto jest pos\u0142em, profesorem,<br \/>\nZawsze b\u0119dzie dla nas wzorem.<br \/>\nB\u0105d\u017acie dobrze wychowani.<\/p>\n<p>Na to Pawe\u0142: Prosz\u0119 pani!<br \/>\nBzdura! Pani nie ma racji!<br \/>\nOgl\u0105da\u0142em przy kolacji,<br \/>\n\u017be jak jest sa\u0142atka dobra,<br \/>\nMo\u017cna je\u015b\u0107 na sali obrad.<br \/>\nI w og\u00f3le na obradach<br \/>\nNiekonieczna jest og\u0142ada.<br \/>\nSam widzia\u0142em takie baby,<br \/>\nCo publicznie \u017cr\u0105 kebaby.<\/p>\n<p>Brzd\u0105c ma racj\u0119. I w tym szkopu\u0142.<br \/>\nPrzyznam, troch\u0119 zbi\u0142 mnie z tropu.<br \/>\nJak wyja\u015bni\u0107 mam Paw\u0142owi,<br \/>\nCzy uchodzi to pos\u0142owi?<br \/>\nNie potrafi\u0119, pr\u00f3\u017cny trud.<br \/>\nKiedy pos\u0142a dr\u0119czy g\u0142\u00f3d.<\/p>\n<p>Podsumowa\u0142 wszystko Janek,<\/p>\n<p>\u017be s\u0105 dzieci zaniedbane.<br \/>\nKiedy staj\u0105 si\u0119 doros\u0142e,<br \/>\nCho\u0107by si\u0119 stawa\u0142y pos\u0142em,<br \/>\nProfesorem, celebrytk\u0105,<br \/>\nMog\u0105 je\u015b\u0107 i m\u00f3wi\u0107 brzydko.<br \/>\nMo\u017cna tysi\u0105c mie\u0107 atut\u00f3w<br \/>\nI tak s\u0142oma wyjdzie z but\u00f3w.<br \/>\nDobrych manier ani \u015bladu,<br \/>\nLecz nie bierzmy z nich przyk\u0142adu!<\/p>\n<p>Czas na zwi\u0119z\u0142e zako\u0144czenie.<br \/>\nPowtarzajmy od ma\u0142ego:<br \/>\nNa nic wy\u017csze wykszta\u0142cenie<br \/>\nKiedy brak podstawowego.<\/p>\n<p>C MKWD (Muzyczny Kabaret Wojtka D\u0105browskiego)<\/p>\n<\/div>\n<\/div>\n<\/div>\n<div>\n<div>\n<div>\n<div>\n<div>\n<div>\n<p>&nbsp;<\/p>\n<\/div>\n<\/div>\n<p>&nbsp;<\/p>\n<\/div>\n<\/div>\n<\/div>\n<\/div>\n<\/td>\n<\/tr>\n<\/tbody>\n<\/table>\n<\/div>\n<\/blockquote>\n<\/div>\n<\/blockquote>\n","protected":false},"excerpt":{"rendered":"<p>POZDROWIENIA OD KUCKIEGO BENIA!!! &nbsp; LEKCJA SAVOIR VIVRE&#8217;U Dzisiaj b\u0119dzie, droga Aniu, Rzecz o dobrym wychowaniu. Pom\u00f3wimy o zasadach. Co wypada &#8211; nie wypada. Kt\u00f3re z dzieci, na tym zna si\u0119? Mo\u017cna je\u015b\u0107 na lekcji w klasie? Wolno podczas zaj\u0119\u0107 w szkole Pi\u0107 z butelki Coca col\u0119? Jak si\u0119 trzeba, powiedz, Heniu, Zachowywa\u0107 przy jedzeniu? [&hellip;]<\/p>\n","protected":false},"author":1,"featured_media":0,"comment_status":"open","ping_status":"open","sticky":false,"template":"","format":"standard","meta":{"footnotes":""},"categories":[1,9,2],"tags":[],"class_list":["post-1467","post","type-post","status-publish","format-standard","hentry","category-bez-kategorii","category-ciekawostki","category-rajdy"],"_links":{"self":[{"href":"https:\/\/www.milosnicylasu.olsztyn.pl\/index.php?rest_route=\/wp\/v2\/posts\/1467","targetHints":{"allow":["GET"]}}],"collection":[{"href":"https:\/\/www.milosnicylasu.olsztyn.pl\/index.php?rest_route=\/wp\/v2\/posts"}],"about":[{"href":"https:\/\/www.milosnicylasu.olsztyn.pl\/index.php?rest_route=\/wp\/v2\/types\/post"}],"author":[{"embeddable":true,"href":"https:\/\/www.milosnicylasu.olsztyn.pl\/index.php?rest_route=\/wp\/v2\/users\/1"}],"replies":[{"embeddable":true,"href":"https:\/\/www.milosnicylasu.olsztyn.pl\/index.php?rest_route=%2Fwp%2Fv2%2Fcomments&post=1467"}],"version-history":[{"count":1,"href":"https:\/\/www.milosnicylasu.olsztyn.pl\/index.php?rest_route=\/wp\/v2\/posts\/1467\/revisions"}],"predecessor-version":[{"id":1468,"href":"https:\/\/www.milosnicylasu.olsztyn.pl\/index.php?rest_route=\/wp\/v2\/posts\/1467\/revisions\/1468"}],"wp:attachment":[{"href":"https:\/\/www.milosnicylasu.olsztyn.pl\/index.php?rest_route=%2Fwp%2Fv2%2Fmedia&parent=1467"}],"wp:term":[{"taxonomy":"category","embeddable":true,"href":"https:\/\/www.milosnicylasu.olsztyn.pl\/index.php?rest_route=%2Fwp%2Fv2%2Fcategories&post=1467"},{"taxonomy":"post_tag","embeddable":true,"href":"https:\/\/www.milosnicylasu.olsztyn.pl\/index.php?rest_route=%2Fwp%2Fv2%2Ftags&post=1467"}],"curies":[{"name":"wp","href":"https:\/\/api.w.org\/{rel}","templated":true}]}}