{"id":1509,"date":"2015-01-31T16:50:08","date_gmt":"2015-01-31T15:50:08","guid":{"rendered":"http:\/\/www.milosnicylasu.olsztyn.pl\/?p=1509"},"modified":"2015-02-02T07:23:55","modified_gmt":"2015-02-02T06:23:55","slug":"kapiele-lesne-31-stycznia-2015r","status":"publish","type":"post","link":"https:\/\/www.milosnicylasu.olsztyn.pl\/?p=1509","title":{"rendered":"&#8222;K\u0105piele le\u015bne&#8221; 31 stycznia 2015r."},"content":{"rendered":"<p style=\"color: #333333; font-style: normal; line-height: 24.375px;\"><a href=\"http:\/\/www.milosnicylasu.olsztyn.pl\/wp-content\/uploads\/2015\/01\/P1310025-www.jpg\" data-rel=\"lightbox-image-0\" data-magnific_type=\"image\" data-rl_title=\"\" data-rl_caption=\"\" title=\"\"><img loading=\"lazy\" decoding=\"async\" class=\"alignleft size-medium wp-image-1510\" alt=\"P1310025-www\" src=\"http:\/\/www.milosnicylasu.olsztyn.pl\/wp-content\/uploads\/2015\/01\/P1310025-www-300x225.jpg\" width=\"300\" height=\"225\" srcset=\"https:\/\/www.milosnicylasu.olsztyn.pl\/wp-content\/uploads\/2015\/01\/P1310025-www-300x225.jpg 300w, https:\/\/www.milosnicylasu.olsztyn.pl\/wp-content\/uploads\/2015\/01\/P1310025-www-400x300.jpg 400w, https:\/\/www.milosnicylasu.olsztyn.pl\/wp-content\/uploads\/2015\/01\/P1310025-www.jpg 1024w\" sizes=\"auto, (max-width: 300px) 100vw, 300px\" \/><\/a><\/p>\n<p>&nbsp;<\/p>\n<p>Wymarzona zimowa pogoda &#8211; lekki \u015bnie\u017cek i\u00a0<span style=\"color: #333333; font-style: normal; line-height: 24.375px;\">\u00a0<\/span><span style=\"color: #333333; font-style: normal; line-height: 24.375px;\">zerowa\u00a0<\/span>temperatura, sprzyja\u0142a drzewoterapii podczas sobotniego rajdu. Po drodze przytulali\u015bmy si\u0119 do drzew, czerpi\u0105c pozytywn\u0105 energi\u0119.<\/p>\n<p>&nbsp;<\/p>\n<p><span style=\"color: #333333; font-style: normal; line-height: 24.375px;\">Tym razem by\u0142 to rajd\u00a0<\/span><span style=\"color: #333333; font-style: normal; line-height: 24.375px;\">\u00a0\u0142\u0105cz\u0105c<\/span><span style=\"color: #333333; font-style: normal; line-height: 24.375px;\">y pokolenia. W naszym gronie byli dziadkowie, dzieci, wnuki.<\/span><\/p>\n<p><a href=\"http:\/\/www.milosnicylasu.olsztyn.pl\/wp-content\/uploads\/2015\/01\/P1310013-www.jpg\" data-rel=\"lightbox-image-1\" data-magnific_type=\"image\" data-rl_title=\"\" data-rl_caption=\"\" title=\"\"><img loading=\"lazy\" decoding=\"async\" class=\"size-medium wp-image-1516 alignright\" alt=\"P1310013-www\" src=\"http:\/\/www.milosnicylasu.olsztyn.pl\/wp-content\/uploads\/2015\/01\/P1310013-www-300x225.jpg\" width=\"300\" height=\"225\" srcset=\"https:\/\/www.milosnicylasu.olsztyn.pl\/wp-content\/uploads\/2015\/01\/P1310013-www-300x225.jpg 300w, https:\/\/www.milosnicylasu.olsztyn.pl\/wp-content\/uploads\/2015\/01\/P1310013-www-400x300.jpg 400w, https:\/\/www.milosnicylasu.olsztyn.pl\/wp-content\/uploads\/2015\/01\/P1310013-www.jpg 1024w\" sizes=\"auto, (max-width: 300px) 100vw, 300px\" \/><\/a><\/p>\n<p>&nbsp;<\/p>\n<p>Po raz pierwszy by\u0142a z nami suczka Tija &#8211; i od razu zosta\u0142a ulubienic\u0105 wszystkich &#8222;rajdowc\u00f3w&#8221;.<\/p>\n<p>&nbsp;<\/p>\n<p>&nbsp;<\/p>\n<p><a href=\"http:\/\/www.milosnicylasu.olsztyn.pl\/wp-content\/uploads\/2015\/01\/P1310018-www.jpg\" data-rel=\"lightbox-image-2\" data-magnific_type=\"image\" data-rl_title=\"\" data-rl_caption=\"\" title=\"\"><img loading=\"lazy\" decoding=\"async\" class=\"alignleft size-medium wp-image-1511\" alt=\"P1310018-www\" src=\"http:\/\/www.milosnicylasu.olsztyn.pl\/wp-content\/uploads\/2015\/01\/P1310018-www-300x225.jpg\" width=\"300\" height=\"225\" srcset=\"https:\/\/www.milosnicylasu.olsztyn.pl\/wp-content\/uploads\/2015\/01\/P1310018-www-300x225.jpg 300w, https:\/\/www.milosnicylasu.olsztyn.pl\/wp-content\/uploads\/2015\/01\/P1310018-www-400x300.jpg 400w, https:\/\/www.milosnicylasu.olsztyn.pl\/wp-content\/uploads\/2015\/01\/P1310018-www.jpg 1024w\" sizes=\"auto, (max-width: 300px) 100vw, 300px\" \/><\/a><\/p>\n<p>&nbsp;<\/p>\n<p><a href=\"http:\/\/www.milosnicylasu.olsztyn.pl\/wp-content\/uploads\/2015\/01\/P1310008-www.jpg\" data-rel=\"lightbox-image-3\" data-magnific_type=\"image\" data-rl_title=\"\" data-rl_caption=\"\" title=\"\"><img loading=\"lazy\" decoding=\"async\" class=\"alignleft size-medium wp-image-1513\" alt=\"P1310008-www\" src=\"http:\/\/www.milosnicylasu.olsztyn.pl\/wp-content\/uploads\/2015\/01\/P1310008-www-300x225.jpg\" width=\"300\" height=\"225\" srcset=\"https:\/\/www.milosnicylasu.olsztyn.pl\/wp-content\/uploads\/2015\/01\/P1310008-www-300x225.jpg 300w, https:\/\/www.milosnicylasu.olsztyn.pl\/wp-content\/uploads\/2015\/01\/P1310008-www-400x300.jpg 400w, https:\/\/www.milosnicylasu.olsztyn.pl\/wp-content\/uploads\/2015\/01\/P1310008-www.jpg 1024w\" sizes=\"auto, (max-width: 300px) 100vw, 300px\" \/><\/a><\/p>\n<p>Na \u015bwie\u017cym powietrzu wszystko smakuje znakomicie, szczeg\u00f3lnie gor\u0105ce kie\u0142baski.<\/p>\n<p>&nbsp;<\/p>\n<p>Doskonale bawili\u015bmy si\u0119 przy ognisku i muzyce, kt\u00f3r\u0105 zaproponowa\u0142 nam \u00a0Waldek Chrzanowski. Razem z Micha\u0142em K\u0142\u0119bukowskim zostali najlepsz\u0105 par\u0105 le\u015bnej &#8222;dyskoteki&#8221;.<\/p>\n","protected":false},"excerpt":{"rendered":"<p>&nbsp; Wymarzona zimowa pogoda &#8211; lekki \u015bnie\u017cek i\u00a0\u00a0zerowa\u00a0temperatura, sprzyja\u0142a drzewoterapii podczas sobotniego rajdu. Po drodze przytulali\u015bmy si\u0119 do drzew, czerpi\u0105c pozytywn\u0105 energi\u0119. &nbsp; Tym razem by\u0142 to rajd\u00a0\u00a0\u0142\u0105cz\u0105cy pokolenia. W naszym gronie byli dziadkowie, dzieci, wnuki. &nbsp; Po raz pierwszy by\u0142a z nami suczka Tija &#8211; i od razu zosta\u0142a ulubienic\u0105 wszystkich &#8222;rajdowc\u00f3w&#8221;. &nbsp; &nbsp; [&hellip;]<\/p>\n","protected":false},"author":1,"featured_media":0,"comment_status":"open","ping_status":"open","sticky":false,"template":"","format":"standard","meta":{"footnotes":""},"categories":[1,2],"tags":[],"class_list":["post-1509","post","type-post","status-publish","format-standard","hentry","category-bez-kategorii","category-rajdy"],"_links":{"self":[{"href":"https:\/\/www.milosnicylasu.olsztyn.pl\/index.php?rest_route=\/wp\/v2\/posts\/1509","targetHints":{"allow":["GET"]}}],"collection":[{"href":"https:\/\/www.milosnicylasu.olsztyn.pl\/index.php?rest_route=\/wp\/v2\/posts"}],"about":[{"href":"https:\/\/www.milosnicylasu.olsztyn.pl\/index.php?rest_route=\/wp\/v2\/types\/post"}],"author":[{"embeddable":true,"href":"https:\/\/www.milosnicylasu.olsztyn.pl\/index.php?rest_route=\/wp\/v2\/users\/1"}],"replies":[{"embeddable":true,"href":"https:\/\/www.milosnicylasu.olsztyn.pl\/index.php?rest_route=%2Fwp%2Fv2%2Fcomments&post=1509"}],"version-history":[{"count":7,"href":"https:\/\/www.milosnicylasu.olsztyn.pl\/index.php?rest_route=\/wp\/v2\/posts\/1509\/revisions"}],"predecessor-version":[{"id":1529,"href":"https:\/\/www.milosnicylasu.olsztyn.pl\/index.php?rest_route=\/wp\/v2\/posts\/1509\/revisions\/1529"}],"wp:attachment":[{"href":"https:\/\/www.milosnicylasu.olsztyn.pl\/index.php?rest_route=%2Fwp%2Fv2%2Fmedia&parent=1509"}],"wp:term":[{"taxonomy":"category","embeddable":true,"href":"https:\/\/www.milosnicylasu.olsztyn.pl\/index.php?rest_route=%2Fwp%2Fv2%2Fcategories&post=1509"},{"taxonomy":"post_tag","embeddable":true,"href":"https:\/\/www.milosnicylasu.olsztyn.pl\/index.php?rest_route=%2Fwp%2Fv2%2Ftags&post=1509"}],"curies":[{"name":"wp","href":"https:\/\/api.w.org\/{rel}","templated":true}]}}