{"id":152,"date":"2013-04-05T19:59:16","date_gmt":"2013-04-05T17:59:16","guid":{"rendered":"http:\/\/www.milosnicylasu.olsztyn.pl\/?p=152"},"modified":"2013-04-23T10:04:39","modified_gmt":"2013-04-23T08:04:39","slug":"o-lasach-modelowych-w-szwecji","status":"publish","type":"post","link":"https:\/\/www.milosnicylasu.olsztyn.pl\/?p=152","title":{"rendered":"O lasach modelowych w Szwecji"},"content":{"rendered":"<p>&nbsp;<\/p>\n<p><a href=\"http:\/\/www.milosnicylasu.olsztyn.pl\/wp-content\/uploads\/2013\/04\/P4040487-www.jpg\" data-rel=\"lightbox-image-0\" data-magnific_type=\"image\" data-rl_title=\"\" data-rl_caption=\"\" title=\"\"><img loading=\"lazy\" decoding=\"async\" class=\"alignleft size-medium wp-image-285\" alt=\"P4040487-www\" src=\"http:\/\/www.milosnicylasu.olsztyn.pl\/wp-content\/uploads\/2013\/04\/P4040487-www-300x168.jpg\" width=\"300\" height=\"168\" srcset=\"https:\/\/www.milosnicylasu.olsztyn.pl\/wp-content\/uploads\/2013\/04\/P4040487-www-300x168.jpg 300w, https:\/\/www.milosnicylasu.olsztyn.pl\/wp-content\/uploads\/2013\/04\/P4040487-www-500x281.jpg 500w, https:\/\/www.milosnicylasu.olsztyn.pl\/wp-content\/uploads\/2013\/04\/P4040487-www.jpg 1024w\" sizes=\"auto, (max-width: 300px) 100vw, 300px\" \/><\/a>4 kwietnia w Regionalnej Dyrekcji Las\u00f3w Pa\u0144stwowych w Olsztynie odby\u0142o si\u0119 zebranie KMLiM\u00a0 LOK przy ATW w Olsztynie.W ramach &#8222;czwartk\u00f3w ekologicznych&#8221; 60 cz\u0142onk\u00f3w Ko\u0142a wys\u0142ucha\u0142o \u00a0 bardzo ciekawego wyk\u0142adu przedstawiciela RDLP w Olsztynie\u00a0 Pana Tadeusza Pampucha, kt\u00f3ry nam opowiedzia\u0142 o lasach modelowych w Szwecji. By\u0142a to relacja ze spotkania z le\u015bnikami szweckimi, kt\u00f3re odby\u0142o si\u0119 w czerwcu ubieg\u0142ego roku. Ogl\u0105dali\u015bmy ciekawe zdj\u0119cia zrobione w czasie wyjazdu.<\/p>\n<p style=\"text-align: center;\">Zobaczyli\u015bmy i dowiedzieli\u015bmy si\u0119 wiele, a na koniec stwierdzili\u015bmy zgodnie, \u017ce nasze lasy \u0142adniejsze i\u00a0 dorodniejsze. Na pami\u0105tk\u0119 spotkania Pan Tadeusz otrzyma\u0142 akwarel\u0119 namalowan\u0105 przez Basi\u0119 Kowalewsk\u0105<a href=\"http:\/\/www.milosnicylasu.olsztyn.pl\/wp-content\/uploads\/2013\/04\/P4040495-www.jpg\" data-rel=\"lightbox-image-1\" data-magnific_type=\"image\" data-rl_title=\"\" data-rl_caption=\"\" title=\"\"><img loading=\"lazy\" decoding=\"async\" class=\"size-medium wp-image-283 aligncenter\" alt=\"P4040495-www\" src=\"http:\/\/www.milosnicylasu.olsztyn.pl\/wp-content\/uploads\/2013\/04\/P4040495-www-300x168.jpg\" width=\"300\" height=\"168\" srcset=\"https:\/\/www.milosnicylasu.olsztyn.pl\/wp-content\/uploads\/2013\/04\/P4040495-www-300x168.jpg 300w, https:\/\/www.milosnicylasu.olsztyn.pl\/wp-content\/uploads\/2013\/04\/P4040495-www-500x281.jpg 500w, https:\/\/www.milosnicylasu.olsztyn.pl\/wp-content\/uploads\/2013\/04\/P4040495-www.jpg 1024w\" sizes=\"auto, (max-width: 300px) 100vw, 300px\" \/><\/a><!--more--><\/p>\n<p>W cz\u0119\u015bci organizacyjnej prezes Anatol Leszczy\u0144ski om\u00f3wi\u0142 wykonanie planu pracy w marcu br., sprawy zwi\u0105zane z op\u0142acaniem sk\u0142adek, z obchodami czwartej rocznicy Ko\u0142a, przypomnia\u0142 o terminie \/do 15 kwietnia\/ przekazania prace konkursowych &#8211; fotograficznych &#8222;Las 2013 w moim obiektywie&#8221;. Przyjmowane by\u0142y pieni\u0105\u017cki na kolejn\u0105 wycieczk\u0119, kt\u00f3ra odb\u0119dzie si\u0119 20 kwietnia. Wp\u0142aty dokona\u0142o 51 os\u00f3b. Jeszcze jest kilka miejsc, ch\u0119tnych zapraszamy &#8211;\u00a0 b\u0119dzie ciekawie. Zobaczymy\u00a0 m.in. dw\u00f3r i zabytkowy ko\u015bci\u00f3\u0142 w Rychnowie, zesp\u00f3\u0142 dworsko-pa\u0142acowy w Gierzwa\u0142dzie i Szyldaku, dw\u00f3r i szachulcowy ko\u015bci\u00f3\u0142 w Kraplewie, dw\u00f3r w Lichtajnach i Grabinie.<\/p>\n<p>Po zebraniu odby\u0142o si\u0119 spotkanie zarz\u0105du i komisji rewizyjnej Ko\u0142a.<\/p>\n","protected":false},"excerpt":{"rendered":"<p>&nbsp; 4 kwietnia w Regionalnej Dyrekcji Las\u00f3w Pa\u0144stwowych w Olsztynie odby\u0142o si\u0119 zebranie KMLiM\u00a0 LOK przy ATW w Olsztynie.W ramach &#8222;czwartk\u00f3w ekologicznych&#8221; 60 cz\u0142onk\u00f3w Ko\u0142a wys\u0142ucha\u0142o \u00a0 bardzo ciekawego wyk\u0142adu przedstawiciela RDLP w Olsztynie\u00a0 Pana Tadeusza Pampucha, kt\u00f3ry nam opowiedzia\u0142 o lasach modelowych w Szwecji. By\u0142a to relacja ze spotkania z le\u015bnikami szweckimi, kt\u00f3re odby\u0142o [&hellip;]<\/p>\n","protected":false},"author":1,"featured_media":0,"comment_status":"open","ping_status":"open","sticky":false,"template":"","format":"standard","meta":{"footnotes":""},"categories":[1,5,3],"tags":[],"class_list":["post-152","post","type-post","status-publish","format-standard","hentry","category-bez-kategorii","category-wycieczki","category-zebrania"],"_links":{"self":[{"href":"https:\/\/www.milosnicylasu.olsztyn.pl\/index.php?rest_route=\/wp\/v2\/posts\/152","targetHints":{"allow":["GET"]}}],"collection":[{"href":"https:\/\/www.milosnicylasu.olsztyn.pl\/index.php?rest_route=\/wp\/v2\/posts"}],"about":[{"href":"https:\/\/www.milosnicylasu.olsztyn.pl\/index.php?rest_route=\/wp\/v2\/types\/post"}],"author":[{"embeddable":true,"href":"https:\/\/www.milosnicylasu.olsztyn.pl\/index.php?rest_route=\/wp\/v2\/users\/1"}],"replies":[{"embeddable":true,"href":"https:\/\/www.milosnicylasu.olsztyn.pl\/index.php?rest_route=%2Fwp%2Fv2%2Fcomments&post=152"}],"version-history":[{"count":11,"href":"https:\/\/www.milosnicylasu.olsztyn.pl\/index.php?rest_route=\/wp\/v2\/posts\/152\/revisions"}],"predecessor-version":[{"id":286,"href":"https:\/\/www.milosnicylasu.olsztyn.pl\/index.php?rest_route=\/wp\/v2\/posts\/152\/revisions\/286"}],"wp:attachment":[{"href":"https:\/\/www.milosnicylasu.olsztyn.pl\/index.php?rest_route=%2Fwp%2Fv2%2Fmedia&parent=152"}],"wp:term":[{"taxonomy":"category","embeddable":true,"href":"https:\/\/www.milosnicylasu.olsztyn.pl\/index.php?rest_route=%2Fwp%2Fv2%2Fcategories&post=152"},{"taxonomy":"post_tag","embeddable":true,"href":"https:\/\/www.milosnicylasu.olsztyn.pl\/index.php?rest_route=%2Fwp%2Fv2%2Ftags&post=152"}],"curies":[{"name":"wp","href":"https:\/\/api.w.org\/{rel}","templated":true}]}}