{"id":1533,"date":"2015-02-04T10:34:06","date_gmt":"2015-02-04T09:34:06","guid":{"rendered":"http:\/\/www.milosnicylasu.olsztyn.pl\/?p=1533"},"modified":"2015-02-04T10:34:41","modified_gmt":"2015-02-04T09:34:41","slug":"zapraszamy-na-spotkanie-5-lutego-2015r","status":"publish","type":"post","link":"https:\/\/www.milosnicylasu.olsztyn.pl\/?p=1533","title":{"rendered":"Zapraszamy na spotkanie 5 lutego 2015r."},"content":{"rendered":"<p>Jak zwykle. w pierwszy czwartek miesi\u0105ca, 5 lutego spotkamy si\u0119 w Regionalnej Dyrekcji Las\u00f3w Pa\u0144stwowych w Olsztynie. Naszym wyk\u0142adowc\u0105 b\u0119dzie Pan Andrzej Sobania z Wydzia\u0142u Gospodarowania Ekosystemami z RDLP w Olsztynie. Pana Andrzeja doskonale pami\u0119tamy z poprzednich wyk\u0142ad\u00f3w i z wsp\u00f3lnego sadzenia lasu.<\/p>\n<p>Mi\u0142o nam r\u00f3wnie\u017c poinformowa\u0107, \u017ce dostali\u015bmy zaproszenie z Nadle\u015bnictwa Nowe Ramuki. Wyjazd odb\u0119dzie si\u0119 28 lutego. Z uwagi na to, \u017ce w tym dniu odb\u0119dzie si\u0119 koncert w Olszty\u0144skiej Filharmonii, na kt\u00f3ry wybieraj\u0105 si\u0119 \u00a0cz\u0142onkowie Ko\u0142a, planujemy powr\u00f3t ok. godziny 14.00.<\/p>\n<p>Zapisy na wyjazd u \u00a0Jasia i Grzegorza Kluczk\u00f3w, \u00a0podczas \u00a0czwartkowego zebrania.<\/p>\n<p>Zapraszamy!<\/p>\n","protected":false},"excerpt":{"rendered":"<p>Jak zwykle. w pierwszy czwartek miesi\u0105ca, 5 lutego spotkamy si\u0119 w Regionalnej Dyrekcji Las\u00f3w Pa\u0144stwowych w Olsztynie. Naszym wyk\u0142adowc\u0105 b\u0119dzie Pan Andrzej Sobania z Wydzia\u0142u Gospodarowania Ekosystemami z RDLP w Olsztynie. Pana Andrzeja doskonale pami\u0119tamy z poprzednich wyk\u0142ad\u00f3w i z wsp\u00f3lnego sadzenia lasu. Mi\u0142o nam r\u00f3wnie\u017c poinformowa\u0107, \u017ce dostali\u015bmy zaproszenie z Nadle\u015bnictwa Nowe Ramuki. Wyjazd [&hellip;]<\/p>\n","protected":false},"author":1,"featured_media":0,"comment_status":"open","ping_status":"open","sticky":false,"template":"","format":"standard","meta":{"footnotes":""},"categories":[1,9,3],"tags":[],"class_list":["post-1533","post","type-post","status-publish","format-standard","hentry","category-bez-kategorii","category-ciekawostki","category-zebrania"],"_links":{"self":[{"href":"https:\/\/www.milosnicylasu.olsztyn.pl\/index.php?rest_route=\/wp\/v2\/posts\/1533","targetHints":{"allow":["GET"]}}],"collection":[{"href":"https:\/\/www.milosnicylasu.olsztyn.pl\/index.php?rest_route=\/wp\/v2\/posts"}],"about":[{"href":"https:\/\/www.milosnicylasu.olsztyn.pl\/index.php?rest_route=\/wp\/v2\/types\/post"}],"author":[{"embeddable":true,"href":"https:\/\/www.milosnicylasu.olsztyn.pl\/index.php?rest_route=\/wp\/v2\/users\/1"}],"replies":[{"embeddable":true,"href":"https:\/\/www.milosnicylasu.olsztyn.pl\/index.php?rest_route=%2Fwp%2Fv2%2Fcomments&post=1533"}],"version-history":[{"count":1,"href":"https:\/\/www.milosnicylasu.olsztyn.pl\/index.php?rest_route=\/wp\/v2\/posts\/1533\/revisions"}],"predecessor-version":[{"id":1534,"href":"https:\/\/www.milosnicylasu.olsztyn.pl\/index.php?rest_route=\/wp\/v2\/posts\/1533\/revisions\/1534"}],"wp:attachment":[{"href":"https:\/\/www.milosnicylasu.olsztyn.pl\/index.php?rest_route=%2Fwp%2Fv2%2Fmedia&parent=1533"}],"wp:term":[{"taxonomy":"category","embeddable":true,"href":"https:\/\/www.milosnicylasu.olsztyn.pl\/index.php?rest_route=%2Fwp%2Fv2%2Fcategories&post=1533"},{"taxonomy":"post_tag","embeddable":true,"href":"https:\/\/www.milosnicylasu.olsztyn.pl\/index.php?rest_route=%2Fwp%2Fv2%2Ftags&post=1533"}],"curies":[{"name":"wp","href":"https:\/\/api.w.org\/{rel}","templated":true}]}}