{"id":1536,"date":"2015-02-06T21:49:04","date_gmt":"2015-02-06T20:49:04","guid":{"rendered":"http:\/\/www.milosnicylasu.olsztyn.pl\/?p=1536"},"modified":"2015-02-06T21:49:16","modified_gmt":"2015-02-06T20:49:16","slug":"czwartek-w-rdlp-w-olsztynie-norwegia-zima","status":"publish","type":"post","link":"https:\/\/www.milosnicylasu.olsztyn.pl\/?p=1536","title":{"rendered":"Czwartek w RDLP w Olsztynie &#8211; Norwegia zim\u0105"},"content":{"rendered":"<p><strong><a href=\"http:\/\/www.milosnicylasu.olsztyn.pl\/wp-content\/uploads\/2015\/02\/P2050002-www.jpg\" data-rel=\"lightbox-image-0\" data-magnific_type=\"image\" data-rl_title=\"\" data-rl_caption=\"\" title=\"\"><img loading=\"lazy\" decoding=\"async\" class=\"alignleft size-medium wp-image-1537\" alt=\"P2050002-www\" src=\"http:\/\/www.milosnicylasu.olsztyn.pl\/wp-content\/uploads\/2015\/02\/P2050002-www-300x225.jpg\" width=\"300\" height=\"225\" srcset=\"https:\/\/www.milosnicylasu.olsztyn.pl\/wp-content\/uploads\/2015\/02\/P2050002-www-300x225.jpg 300w, https:\/\/www.milosnicylasu.olsztyn.pl\/wp-content\/uploads\/2015\/02\/P2050002-www-400x300.jpg 400w, https:\/\/www.milosnicylasu.olsztyn.pl\/wp-content\/uploads\/2015\/02\/P2050002-www.jpg 1024w\" sizes=\"auto, (max-width: 300px) 100vw, 300px\" \/><\/a>Norwegia zim\u0105? A dlaczego nie<\/strong><b>! <\/b><\/p>\n<p><b>\u00a0<\/b>O swoich podr\u00f3\u017cach do Norwegii opowiada\u0142 Pan Andrzej Sobania z Regionalnej Dyrekcji Las\u00f3w Pa\u0144stwowych w Olsztynie .Z ogromnym zainteresowaniem s\u0142uchali\u015bmy jak sobie \u00a0radzi\u0142 z temperaturami spadaj\u0105cymi do minus 40 stopni Celsjusza, nag\u0142ymi zmianami pogody z prawie stuprocentowym ograniczeniem widoczno\u015bci, noclegami w namiocie rozstawionym na \u015bniegu. Na zdj\u0119ciach, kt\u00f3re by\u0142y ilustracj\u0105 wyk\u0142adu, widzieli\u015bmy zbudowane schronienia ze \u015bniegu, oblodzone drogi, o\u015bnie\u017cone szczyty, lodowce.<\/p>\n<p>Ogl\u0105dali\u015bmy pi\u0119kne\u00a0 uj\u0119cia zorzy polarnej, podziwiali\u015bmy stroje saam\u00f3w \u2013 rdzennych mieszka\u0144c\u00f3w p\u00f3\u0142nocnej Norwegii, s\u0142uchali\u015bmy o ich \u017cyciu. To tylko niekt\u00f3re norweskie ciekawostki, przekazane nam podczas spotkania.<\/p>\n<p><a href=\"http:\/\/www.milosnicylasu.olsztyn.pl\/wp-content\/uploads\/2015\/02\/P20500050-www.jpg\" data-rel=\"lightbox-image-1\" data-magnific_type=\"image\" data-rl_title=\"\" data-rl_caption=\"\" title=\"\"><img loading=\"lazy\" decoding=\"async\" class=\"size-medium wp-image-1538 alignright\" alt=\"P20500050-www\" src=\"http:\/\/www.milosnicylasu.olsztyn.pl\/wp-content\/uploads\/2015\/02\/P20500050-www-300x225.jpg\" width=\"300\" height=\"225\" srcset=\"https:\/\/www.milosnicylasu.olsztyn.pl\/wp-content\/uploads\/2015\/02\/P20500050-www-300x225.jpg 300w, https:\/\/www.milosnicylasu.olsztyn.pl\/wp-content\/uploads\/2015\/02\/P20500050-www-400x300.jpg 400w, https:\/\/www.milosnicylasu.olsztyn.pl\/wp-content\/uploads\/2015\/02\/P20500050-www.jpg 1024w\" sizes=\"auto, (max-width: 300px) 100vw, 300px\" \/><\/a>Wyk\u0142ad \u00a0by\u0142 bardzo ciekawy, mamy nadziej\u0119, \u017ce Pan Andrzej znajdzie jeszcze czas, aby przybli\u017cy\u0107 nam Norwegi\u0119 od tej strony, kt\u00f3r\u0105 nie zobaczymy podczas wycieczki turystycznej. \u00a0Podziwiamy Pana i \u017cyczymy jeszcze wielu wspania\u0142ych wra\u017ce\u0144 podczas tych ekstremalnych wyjazd\u00f3w.<\/p>\n<p>W drugiej cz\u0119\u015bci zebrania prezes Anatol Leszczy\u0144ski poinformowa\u0142 o realizacji planu pracy i zamierzeniach w najbli\u017cszym czasie &#8211; sobotnich rajdach, \u00a0wyje\u017adzie do Nadle\u015bnictwa Nowe Ramuki \/ 28 lutego, zapisy i odp\u0142atno\u015b\u0107 w wys. 20 z\u0142 przyjmuj\u0105 Jasia i Grzesiu Kluczek\/. Informacj\u0119 dotycz\u0105c\u0105 kuligu przekaza\u0142 Micha\u0142 K\u0142\u0119bukowski.<\/p>\n<p>Mi\u0142ym akcentem zebrania by\u0142o podzi\u0119kowanie dla kole\u017canek, kt\u00f3re podczas warsztat\u00f3w r\u0119kodzie\u0142a, przygotowa\u0142y \u00a0kartki i \u00a0drobne \u00a0upominki \u015bwi\u0105teczne, przekazane nast\u0119pnie wraz z \u017cyczeniami \u00a0zaprzyja\u017anionym osobom i instytucjom, dzi\u0119ki kt\u00f3rym mo\u017cliwa jest nasza dzia\u0142alno\u015b\u0107.<\/p>\n<p>Na zako\u0144czenie zebrania wr\u0119czone zosta\u0142y legitymacje nowym cz\u0142onkom Ko\u0142a. Mamy nadziej\u0119, \u017ce b\u0119d\u0105 si\u0119 czuli dobrze w naszym gronie.<a href=\"http:\/\/www.milosnicylasu.olsztyn.pl\/wp-content\/uploads\/2015\/02\/P2050009-www.jpg\" data-rel=\"lightbox-image-2\" data-magnific_type=\"image\" data-rl_title=\"\" data-rl_caption=\"\" title=\"\"><img loading=\"lazy\" decoding=\"async\" class=\"alignleft size-medium wp-image-1539\" alt=\"P2050009-www\" src=\"http:\/\/www.milosnicylasu.olsztyn.pl\/wp-content\/uploads\/2015\/02\/P2050009-www-300x225.jpg\" width=\"300\" height=\"225\" srcset=\"https:\/\/www.milosnicylasu.olsztyn.pl\/wp-content\/uploads\/2015\/02\/P2050009-www-300x225.jpg 300w, https:\/\/www.milosnicylasu.olsztyn.pl\/wp-content\/uploads\/2015\/02\/P2050009-www-400x300.jpg 400w, https:\/\/www.milosnicylasu.olsztyn.pl\/wp-content\/uploads\/2015\/02\/P2050009-www.jpg 1024w\" sizes=\"auto, (max-width: 300px) 100vw, 300px\" \/><\/a><\/p>\n","protected":false},"excerpt":{"rendered":"<p>Norwegia zim\u0105? A dlaczego nie! \u00a0O swoich podr\u00f3\u017cach do Norwegii opowiada\u0142 Pan Andrzej Sobania z Regionalnej Dyrekcji Las\u00f3w Pa\u0144stwowych w Olsztynie .Z ogromnym zainteresowaniem s\u0142uchali\u015bmy jak sobie \u00a0radzi\u0142 z temperaturami spadaj\u0105cymi do minus 40 stopni Celsjusza, nag\u0142ymi zmianami pogody z prawie stuprocentowym ograniczeniem widoczno\u015bci, noclegami w namiocie rozstawionym na \u015bniegu. Na zdj\u0119ciach, kt\u00f3re by\u0142y ilustracj\u0105 [&hellip;]<\/p>\n","protected":false},"author":1,"featured_media":0,"comment_status":"open","ping_status":"open","sticky":false,"template":"","format":"standard","meta":{"footnotes":""},"categories":[1,9,3],"tags":[],"class_list":["post-1536","post","type-post","status-publish","format-standard","hentry","category-bez-kategorii","category-ciekawostki","category-zebrania"],"_links":{"self":[{"href":"https:\/\/www.milosnicylasu.olsztyn.pl\/index.php?rest_route=\/wp\/v2\/posts\/1536","targetHints":{"allow":["GET"]}}],"collection":[{"href":"https:\/\/www.milosnicylasu.olsztyn.pl\/index.php?rest_route=\/wp\/v2\/posts"}],"about":[{"href":"https:\/\/www.milosnicylasu.olsztyn.pl\/index.php?rest_route=\/wp\/v2\/types\/post"}],"author":[{"embeddable":true,"href":"https:\/\/www.milosnicylasu.olsztyn.pl\/index.php?rest_route=\/wp\/v2\/users\/1"}],"replies":[{"embeddable":true,"href":"https:\/\/www.milosnicylasu.olsztyn.pl\/index.php?rest_route=%2Fwp%2Fv2%2Fcomments&post=1536"}],"version-history":[{"count":1,"href":"https:\/\/www.milosnicylasu.olsztyn.pl\/index.php?rest_route=\/wp\/v2\/posts\/1536\/revisions"}],"predecessor-version":[{"id":1540,"href":"https:\/\/www.milosnicylasu.olsztyn.pl\/index.php?rest_route=\/wp\/v2\/posts\/1536\/revisions\/1540"}],"wp:attachment":[{"href":"https:\/\/www.milosnicylasu.olsztyn.pl\/index.php?rest_route=%2Fwp%2Fv2%2Fmedia&parent=1536"}],"wp:term":[{"taxonomy":"category","embeddable":true,"href":"https:\/\/www.milosnicylasu.olsztyn.pl\/index.php?rest_route=%2Fwp%2Fv2%2Fcategories&post=1536"},{"taxonomy":"post_tag","embeddable":true,"href":"https:\/\/www.milosnicylasu.olsztyn.pl\/index.php?rest_route=%2Fwp%2Fv2%2Ftags&post=1536"}],"curies":[{"name":"wp","href":"https:\/\/api.w.org\/{rel}","templated":true}]}}