{"id":1541,"date":"2015-02-08T22:47:42","date_gmt":"2015-02-08T21:47:42","guid":{"rendered":"http:\/\/www.milosnicylasu.olsztyn.pl\/?p=1541"},"modified":"2015-02-13T07:02:12","modified_gmt":"2015-02-13T06:02:12","slug":"rajd-7-lutego-2015-r","status":"publish","type":"post","link":"https:\/\/www.milosnicylasu.olsztyn.pl\/?p=1541","title":{"rendered":"Rajd 7 lutego 2015 r."},"content":{"rendered":"<p><a href=\"http:\/\/www.milosnicylasu.olsztyn.pl\/wp-content\/uploads\/2015\/02\/P2070024-www.jpg\" data-rel=\"lightbox-image-0\" data-magnific_type=\"image\" data-rl_title=\"\" data-rl_caption=\"\" title=\"\"><img loading=\"lazy\" decoding=\"async\" class=\"alignleft size-medium wp-image-1542\" alt=\"P2070024-www\" src=\"http:\/\/www.milosnicylasu.olsztyn.pl\/wp-content\/uploads\/2015\/02\/P2070024-www-300x225.jpg\" width=\"300\" height=\"225\" srcset=\"https:\/\/www.milosnicylasu.olsztyn.pl\/wp-content\/uploads\/2015\/02\/P2070024-www-300x225.jpg 300w, https:\/\/www.milosnicylasu.olsztyn.pl\/wp-content\/uploads\/2015\/02\/P2070024-www-400x300.jpg 400w, https:\/\/www.milosnicylasu.olsztyn.pl\/wp-content\/uploads\/2015\/02\/P2070024-www.jpg 1024w\" sizes=\"auto, (max-width: 300px) 100vw, 300px\" \/><\/a><\/p>\n<p>&nbsp;<\/p>\n<p>Sobotni rajd przebiega\u0142 wzd\u0142u\u017c Jeziora Kortowskiego. Spotkali\u015bmy si\u0119 na p\u0119tli autobus\u00f3w w Starym Dworze aby przez Osiedle Kortowo przej\u015b\u0107 do jeziora.<\/p>\n<p>Jezioro Kortowskie to idealne miejsce na spacery lub jazd\u0119 na rowerze poniewa\u017c wok\u00f3\u0142 jeziora znajduje si\u0119 wiele \u015bcie\u017cek. Byli\u015bmy tam ju\u017c latem, ale zim\u0105 te\u017c jest uroczo. A przy okazji, dla przypomnienia, kilka informacji dotycz\u0105cych tego jeziora:<\/p>\n<ul>\n<li>Kortowskie jest jeziorem przep\u0142ywowym. Do zbiornika wpadaj\u0105 ma\u0142e \u015br\u00f3dle\u015bne strumienie: Potok Le\u015bny, Potok Starodworski i Potok Parkowy oraz ma\u0142a rzeczka Kort\u00f3wka\u00a0wyp\u0142ywaj\u0105ca z Jeziora Ukiel\u00a0i \u0142\u0105cz\u0105ca Jezioro Kortowskie z rzek\u0105 \u0141yn\u0105,<\/li>\n<li>powierzchnia: 89,7 ha<\/li>\n<li>dominuj\u0105ca ro\u015blinno\u015b\u0107: moczarka kanadyjska, trzcina pospolita, pa\u0142ka w\u0105skolistna\u00a0i szerokolistna, oczeret jeziorny, manna mielec, wyw\u0142\u00f3cznik,rogatek sztywny, rdestnica przeszyta, gr\u0105\u017cel \u017c\u00f3\u0142ty,<\/li>\n<li>Jezioro Kortowskie to siedlisko licznych gatunk\u00f3w ryb takich jak: leszcze, szczupaki, okonie a tak\u017ce p\u0142ocie.<\/li>\n<li>G\u0142\u0119boko\u015b\u0107 maksymalna: 17,2 m<\/li>\n<li>G\u0142\u0119boko\u015b\u0107 \u015brednia: 5,9 m<\/li>\n<li>D\u0142ugo\u015b\u0107 linii brzegowej: 4800 m<\/li>\n<li>D\u0142ugo\u015b\u0107 maksymalna: 1660 m<\/li>\n<li>Szeroko\u015b\u0107 maksymalna: 715 m<\/li>\n<li>Wysoko\u015b\u0107 n.p.m: 103,2 m<\/li>\n<\/ul>\n<p>Przeszli\u015bmy wzd\u0142u\u017c jednego brzegu, \u00a0z Kortowa do dzia\u0142ek a nast\u0119pnie do ulicy Jagiello\u0144czyka, gdzie zako\u0144czyli\u015bmy rajd. Ale po drodze \u00a0si\u0119 dzia\u0142o&#8230;. Rozgrzewali\u015bmy si\u0119 przy muzyce serwowanej przez Waldka Chrzanowskiego, by\u0142y \u015bpiewy, ta\u0144ce i &#8230;&#8230;&#8230;..jazda figurowa. A co?\u00a0<a href=\"http:\/\/www.milosnicylasu.olsztyn.pl\/wp-content\/uploads\/2015\/02\/P2070063-www.jpg\" data-rel=\"lightbox-image-1\" data-magnific_type=\"image\" data-rl_title=\"\" data-rl_caption=\"\" title=\"\"><img loading=\"lazy\" decoding=\"async\" class=\"alignleft size-medium wp-image-1546\" alt=\"P2070063-www\" src=\"http:\/\/www.milosnicylasu.olsztyn.pl\/wp-content\/uploads\/2015\/02\/P2070063-www-300x225.jpg\" width=\"300\" height=\"225\" srcset=\"https:\/\/www.milosnicylasu.olsztyn.pl\/wp-content\/uploads\/2015\/02\/P2070063-www-300x225.jpg 300w, https:\/\/www.milosnicylasu.olsztyn.pl\/wp-content\/uploads\/2015\/02\/P2070063-www-400x300.jpg 400w, https:\/\/www.milosnicylasu.olsztyn.pl\/wp-content\/uploads\/2015\/02\/P2070063-www.jpg 1024w\" sizes=\"auto, (max-width: 300px) 100vw, 300px\" \/><\/a><a href=\"http:\/\/www.milosnicylasu.olsztyn.pl\/wp-content\/uploads\/2015\/02\/P2070052-www.jpg\" data-rel=\"lightbox-image-2\" data-magnific_type=\"image\" data-rl_title=\"\" data-rl_caption=\"\" title=\"\"><img loading=\"lazy\" decoding=\"async\" class=\"alignleft size-medium wp-image-1543\" alt=\"P2070052-www\" src=\"http:\/\/www.milosnicylasu.olsztyn.pl\/wp-content\/uploads\/2015\/02\/P2070052-www-300x225.jpg\" width=\"300\" height=\"225\" srcset=\"https:\/\/www.milosnicylasu.olsztyn.pl\/wp-content\/uploads\/2015\/02\/P2070052-www-300x225.jpg 300w, https:\/\/www.milosnicylasu.olsztyn.pl\/wp-content\/uploads\/2015\/02\/P2070052-www-400x300.jpg 400w, https:\/\/www.milosnicylasu.olsztyn.pl\/wp-content\/uploads\/2015\/02\/P2070052-www.jpg 1024w\" sizes=\"auto, (max-width: 300px) 100vw, 300px\" \/><\/a><\/p>\n","protected":false},"excerpt":{"rendered":"<p>&nbsp; Sobotni rajd przebiega\u0142 wzd\u0142u\u017c Jeziora Kortowskiego. Spotkali\u015bmy si\u0119 na p\u0119tli autobus\u00f3w w Starym Dworze aby przez Osiedle Kortowo przej\u015b\u0107 do jeziora. Jezioro Kortowskie to idealne miejsce na spacery lub jazd\u0119 na rowerze poniewa\u017c wok\u00f3\u0142 jeziora znajduje si\u0119 wiele \u015bcie\u017cek. Byli\u015bmy tam ju\u017c latem, ale zim\u0105 te\u017c jest uroczo. A przy okazji, dla przypomnienia, kilka [&hellip;]<\/p>\n","protected":false},"author":1,"featured_media":0,"comment_status":"open","ping_status":"open","sticky":false,"template":"","format":"standard","meta":{"footnotes":""},"categories":[1,9,2],"tags":[],"class_list":["post-1541","post","type-post","status-publish","format-standard","hentry","category-bez-kategorii","category-ciekawostki","category-rajdy"],"_links":{"self":[{"href":"https:\/\/www.milosnicylasu.olsztyn.pl\/index.php?rest_route=\/wp\/v2\/posts\/1541","targetHints":{"allow":["GET"]}}],"collection":[{"href":"https:\/\/www.milosnicylasu.olsztyn.pl\/index.php?rest_route=\/wp\/v2\/posts"}],"about":[{"href":"https:\/\/www.milosnicylasu.olsztyn.pl\/index.php?rest_route=\/wp\/v2\/types\/post"}],"author":[{"embeddable":true,"href":"https:\/\/www.milosnicylasu.olsztyn.pl\/index.php?rest_route=\/wp\/v2\/users\/1"}],"replies":[{"embeddable":true,"href":"https:\/\/www.milosnicylasu.olsztyn.pl\/index.php?rest_route=%2Fwp%2Fv2%2Fcomments&post=1541"}],"version-history":[{"count":3,"href":"https:\/\/www.milosnicylasu.olsztyn.pl\/index.php?rest_route=\/wp\/v2\/posts\/1541\/revisions"}],"predecessor-version":[{"id":1548,"href":"https:\/\/www.milosnicylasu.olsztyn.pl\/index.php?rest_route=\/wp\/v2\/posts\/1541\/revisions\/1548"}],"wp:attachment":[{"href":"https:\/\/www.milosnicylasu.olsztyn.pl\/index.php?rest_route=%2Fwp%2Fv2%2Fmedia&parent=1541"}],"wp:term":[{"taxonomy":"category","embeddable":true,"href":"https:\/\/www.milosnicylasu.olsztyn.pl\/index.php?rest_route=%2Fwp%2Fv2%2Fcategories&post=1541"},{"taxonomy":"post_tag","embeddable":true,"href":"https:\/\/www.milosnicylasu.olsztyn.pl\/index.php?rest_route=%2Fwp%2Fv2%2Ftags&post=1541"}],"curies":[{"name":"wp","href":"https:\/\/api.w.org\/{rel}","templated":true}]}}