{"id":1549,"date":"2015-02-15T18:30:23","date_gmt":"2015-02-15T17:30:23","guid":{"rendered":"http:\/\/www.milosnicylasu.olsztyn.pl\/?p=1549"},"modified":"2015-02-15T18:46:16","modified_gmt":"2015-02-15T17:46:16","slug":"walentynkowe-spotkanie-w-marengo","status":"publish","type":"post","link":"https:\/\/www.milosnicylasu.olsztyn.pl\/?p=1549","title":{"rendered":"Walentynkowe spotkanie w &#8222;Marengo&#8221;"},"content":{"rendered":"<p><b>\u015aw. Walenty, patron zakochanych, by\u0142 chrze\u015bcija\u0144skim kap\u0142anem, kt\u00f3ry, wed\u0142ug legendy, za czas\u00f3w cesarza rzymskiego Klaudiusza II udziela\u0142 potajemnie \u015blub\u00f3w.<\/b> Robi\u0142 to wbrew cesarskiemu edyktowi, zabraniaj\u0105cemu udzielania ma\u0142\u017ce\u0144stw (imperium potrzebowa\u0142o m\u0142odych m\u0119\u017cczyzn do zaci\u0105gu do wojska).<\/p>\n<p><b>Dzie\u0144 \u015bw. Walentego obchodzony jest jako \u015bwi\u0119to zakochanych od XIV wieku. Zwyczaj \u0142\u0105czenia tego \u015bwi\u0119ta z dniem zakochanych narodzi\u0142 si\u0119 na Wyspach Brytyjskich. Stamt\u0105d, wraz z osadnikami, trafi\u0142 do Ameryki, gdzie sta\u0142 si\u0119 szczeg\u00f3lnie popularny.<\/b><br \/>\nW przesz\u0142o\u015bci najs\u0142ynniejszym walentynkowym upominkiem by\u0142o jab\u0142ko pokryte r\u00f3\u017cowym lukrem, u\u0142o\u017cone w hebanowej szkatu\u0142ce wysadzanej per\u0142ami &#8211; takie kr\u00f3l brytyjski Henryk VIII podarowa\u0142 Annie Boleyn.<br \/>\nTradycja Dnia Zakochanych by\u0142a tak powszechna, \u017ce znalaz\u0142a wyraz u Szekspira w &#8222;Hamlecie&#8221;. &#8222;Dzie\u0144 dobry, dzi\u015b \u015bwi\u0119ty Walenty, dopiero co \u015bwita\u0107 poczyna, m\u0142odzieniec snem le\u017cy uj\u0119ty, a ho\u017ca do\u0144 puka dziewczyna&#8221; &#8211; \u015bpiewa o tym dniu Ofelia.<\/p>\n<p><strong>Cz\u0142onk\u00f3w Ko\u0142a Mi\u0142o\u015bnik\u00f3w Lasu i Militari\u00f3w na \u015bwi\u0119towanie Dnia Zakochanych do restauracji &#8222;Marengo&#8221; zaprosili \u00a0Rysia i Micha\u0142 K\u0142\u0119bukowscy.<\/strong><\/p>\n<p><img loading=\"lazy\" decoding=\"async\" class=\"alignleft size-medium wp-image-1551\" alt=\"P2140146-www\" src=\"http:\/\/www.milosnicylasu.olsztyn.pl\/wp-content\/uploads\/2015\/02\/P2140146-www-300x225.jpg\" width=\"300\" height=\"225\" srcset=\"https:\/\/www.milosnicylasu.olsztyn.pl\/wp-content\/uploads\/2015\/02\/P2140146-www-300x225.jpg 300w, https:\/\/www.milosnicylasu.olsztyn.pl\/wp-content\/uploads\/2015\/02\/P2140146-www-400x300.jpg 400w, https:\/\/www.milosnicylasu.olsztyn.pl\/wp-content\/uploads\/2015\/02\/P2140146-www.jpg 1024w\" sizes=\"auto, (max-width: 300px) 100vw, 300px\" \/><\/p>\n<p>&nbsp;<\/p>\n<p>Jak zwykle, bo by\u0142y to ju\u017c kolejne Walentynki organizowane przez t\u0119 par\u0119 &#8211; by\u0142o super.<\/p>\n<p>&nbsp;<\/p>\n<p>&nbsp;<\/p>\n<p>&nbsp;<\/p>\n<p>Na pocz\u0105tek ognisko z bardzo smakowit\u0105 kie\u0142bas\u0105 le\u015bn\u0105<\/p>\n<p style=\"text-align: center;\"><a href=\"http:\/\/www.milosnicylasu.olsztyn.pl\/wp-content\/uploads\/2015\/02\/P2140156-www.jpg\" data-rel=\"lightbox-image-0\" data-magnific_type=\"image\" data-rl_title=\"\" data-rl_caption=\"\" title=\"\"><img loading=\"lazy\" decoding=\"async\" class=\"size-medium wp-image-1552 aligncenter\" alt=\"P2140156-www\" src=\"http:\/\/www.milosnicylasu.olsztyn.pl\/wp-content\/uploads\/2015\/02\/P2140156-www-300x225.jpg\" width=\"300\" height=\"225\" srcset=\"https:\/\/www.milosnicylasu.olsztyn.pl\/wp-content\/uploads\/2015\/02\/P2140156-www-300x225.jpg 300w, https:\/\/www.milosnicylasu.olsztyn.pl\/wp-content\/uploads\/2015\/02\/P2140156-www-400x300.jpg 400w, https:\/\/www.milosnicylasu.olsztyn.pl\/wp-content\/uploads\/2015\/02\/P2140156-www.jpg 1024w\" sizes=\"auto, (max-width: 300px) 100vw, 300px\" \/><\/a>A p\u00f3\u017aniej wybierali\u015bmy kolorowe: zielone, \u017c\u00f3\u0142te, niebieskie, r\u00f3\u017cowe karteczki, kt\u00f3re \u00a0w jednym kolorze stanowi\u0142y fragmenty le\u015bnych piosenek. I tak dobrane osoby w zespo\u0142y, \u015bpiewa\u0142y, \u015bpiewa\u0142y&#8230;. a my z nimi.<a href=\"http:\/\/www.milosnicylasu.olsztyn.pl\/wp-content\/uploads\/2015\/02\/P2140213-www.jpg\" data-rel=\"lightbox-image-1\" data-magnific_type=\"image\" data-rl_title=\"\" data-rl_caption=\"\" title=\"\"><img loading=\"lazy\" decoding=\"async\" class=\"alignleft size-medium wp-image-1553\" alt=\"P2140213-www\" src=\"http:\/\/www.milosnicylasu.olsztyn.pl\/wp-content\/uploads\/2015\/02\/P2140213-www-300x225.jpg\" width=\"300\" height=\"225\" srcset=\"https:\/\/www.milosnicylasu.olsztyn.pl\/wp-content\/uploads\/2015\/02\/P2140213-www-300x225.jpg 300w, https:\/\/www.milosnicylasu.olsztyn.pl\/wp-content\/uploads\/2015\/02\/P2140213-www-400x300.jpg 400w, https:\/\/www.milosnicylasu.olsztyn.pl\/wp-content\/uploads\/2015\/02\/P2140213-www.jpg 1024w\" sizes=\"auto, (max-width: 300px) 100vw, 300px\" \/><\/a><\/p>\n<p>Potem ta\u0144czyli\u015bmy i losowali\u015bmy pi\u0119kne mi\u0142osne wierszyki,<\/p>\n<p><a href=\"http:\/\/www.milosnicylasu.olsztyn.pl\/wp-content\/uploads\/2015\/02\/P2140198-www.jpg\" data-rel=\"lightbox-image-2\" data-magnific_type=\"image\" data-rl_title=\"\" data-rl_caption=\"\" title=\"\"><img loading=\"lazy\" decoding=\"async\" class=\"size-medium wp-image-1554 alignright\" alt=\"P2140198-www\" src=\"http:\/\/www.milosnicylasu.olsztyn.pl\/wp-content\/uploads\/2015\/02\/P2140198-www-300x225.jpg\" width=\"300\" height=\"225\" srcset=\"https:\/\/www.milosnicylasu.olsztyn.pl\/wp-content\/uploads\/2015\/02\/P2140198-www-300x225.jpg 300w, https:\/\/www.milosnicylasu.olsztyn.pl\/wp-content\/uploads\/2015\/02\/P2140198-www-400x300.jpg 400w, https:\/\/www.milosnicylasu.olsztyn.pl\/wp-content\/uploads\/2015\/02\/P2140198-www.jpg 1024w\" sizes=\"auto, (max-width: 300px) 100vw, 300px\" \/><\/a><\/p>\n<p>&nbsp;<\/p>\n<p>&nbsp;<\/p>\n<p>&nbsp;<\/p>\n<p>&nbsp;<\/p>\n<p>serduszka &#8211; czekoladki i drog\u0105 losowania wybrali\u015bmy<\/p>\n<p>&nbsp;<\/p>\n<p style=\"text-align: center;\"><strong>par\u0119 kr\u00f3lewsk\u0105.<\/strong><a href=\"http:\/\/www.milosnicylasu.olsztyn.pl\/wp-content\/uploads\/2015\/02\/P2140230-www.jpg\" data-rel=\"lightbox-image-3\" data-magnific_type=\"image\" data-rl_title=\"\" data-rl_caption=\"\" title=\"\"><img loading=\"lazy\" decoding=\"async\" class=\"alignleft size-medium wp-image-1555\" alt=\"P2140230-www\" src=\"http:\/\/www.milosnicylasu.olsztyn.pl\/wp-content\/uploads\/2015\/02\/P2140230-www-300x168.jpg\" width=\"300\" height=\"168\" srcset=\"https:\/\/www.milosnicylasu.olsztyn.pl\/wp-content\/uploads\/2015\/02\/P2140230-www-300x168.jpg 300w, https:\/\/www.milosnicylasu.olsztyn.pl\/wp-content\/uploads\/2015\/02\/P2140230-www-500x281.jpg 500w, https:\/\/www.milosnicylasu.olsztyn.pl\/wp-content\/uploads\/2015\/02\/P2140230-www.jpg 1024w\" sizes=\"auto, (max-width: 300px) 100vw, 300px\" \/><\/a><\/p>\n<p>&nbsp;<\/p>\n<p>&nbsp;<\/p>\n<p>&nbsp;<\/p>\n<p>&nbsp;<\/p>\n<p>&nbsp;<\/p>\n<p>&nbsp;<\/p>\n<p>By\u0142a muzyka, dobre jedzonko i dzia\u0142o si\u0119 jeszcze bardzo du\u017co&#8230;..fajnych rzeczy, \u00a0a na zako\u0144czenie uroczyste przyj\u0119cie nowych cz\u0142onk\u00f3w.<\/p>\n<p style=\"text-align: center;\"><a href=\"http:\/\/www.milosnicylasu.olsztyn.pl\/wp-content\/uploads\/2015\/02\/P2140252-www.jpg\" data-rel=\"lightbox-image-4\" data-magnific_type=\"image\" data-rl_title=\"\" data-rl_caption=\"\" title=\"\"><img loading=\"lazy\" decoding=\"async\" class=\"size-medium wp-image-1559 aligncenter\" alt=\"P2140252-www\" src=\"http:\/\/www.milosnicylasu.olsztyn.pl\/wp-content\/uploads\/2015\/02\/P2140252-www-300x225.jpg\" width=\"300\" height=\"225\" srcset=\"https:\/\/www.milosnicylasu.olsztyn.pl\/wp-content\/uploads\/2015\/02\/P2140252-www-300x225.jpg 300w, https:\/\/www.milosnicylasu.olsztyn.pl\/wp-content\/uploads\/2015\/02\/P2140252-www-400x300.jpg 400w, https:\/\/www.milosnicylasu.olsztyn.pl\/wp-content\/uploads\/2015\/02\/P2140252-www.jpg 1024w\" sizes=\"auto, (max-width: 300px) 100vw, 300px\" \/><\/a><\/p>\n","protected":false},"excerpt":{"rendered":"<p>\u015aw. Walenty, patron zakochanych, by\u0142 chrze\u015bcija\u0144skim kap\u0142anem, kt\u00f3ry, wed\u0142ug legendy, za czas\u00f3w cesarza rzymskiego Klaudiusza II udziela\u0142 potajemnie \u015blub\u00f3w. Robi\u0142 to wbrew cesarskiemu edyktowi, zabraniaj\u0105cemu udzielania ma\u0142\u017ce\u0144stw (imperium potrzebowa\u0142o m\u0142odych m\u0119\u017cczyzn do zaci\u0105gu do wojska). Dzie\u0144 \u015bw. Walentego obchodzony jest jako \u015bwi\u0119to zakochanych od XIV wieku. Zwyczaj \u0142\u0105czenia tego \u015bwi\u0119ta z dniem zakochanych narodzi\u0142 si\u0119 [&hellip;]<\/p>\n","protected":false},"author":1,"featured_media":0,"comment_status":"open","ping_status":"open","sticky":false,"template":"","format":"standard","meta":{"footnotes":""},"categories":[1,9,2,5],"tags":[],"class_list":["post-1549","post","type-post","status-publish","format-standard","hentry","category-bez-kategorii","category-ciekawostki","category-rajdy","category-wycieczki"],"_links":{"self":[{"href":"https:\/\/www.milosnicylasu.olsztyn.pl\/index.php?rest_route=\/wp\/v2\/posts\/1549","targetHints":{"allow":["GET"]}}],"collection":[{"href":"https:\/\/www.milosnicylasu.olsztyn.pl\/index.php?rest_route=\/wp\/v2\/posts"}],"about":[{"href":"https:\/\/www.milosnicylasu.olsztyn.pl\/index.php?rest_route=\/wp\/v2\/types\/post"}],"author":[{"embeddable":true,"href":"https:\/\/www.milosnicylasu.olsztyn.pl\/index.php?rest_route=\/wp\/v2\/users\/1"}],"replies":[{"embeddable":true,"href":"https:\/\/www.milosnicylasu.olsztyn.pl\/index.php?rest_route=%2Fwp%2Fv2%2Fcomments&post=1549"}],"version-history":[{"count":8,"href":"https:\/\/www.milosnicylasu.olsztyn.pl\/index.php?rest_route=\/wp\/v2\/posts\/1549\/revisions"}],"predecessor-version":[{"id":1563,"href":"https:\/\/www.milosnicylasu.olsztyn.pl\/index.php?rest_route=\/wp\/v2\/posts\/1549\/revisions\/1563"}],"wp:attachment":[{"href":"https:\/\/www.milosnicylasu.olsztyn.pl\/index.php?rest_route=%2Fwp%2Fv2%2Fmedia&parent=1549"}],"wp:term":[{"taxonomy":"category","embeddable":true,"href":"https:\/\/www.milosnicylasu.olsztyn.pl\/index.php?rest_route=%2Fwp%2Fv2%2Fcategories&post=1549"},{"taxonomy":"post_tag","embeddable":true,"href":"https:\/\/www.milosnicylasu.olsztyn.pl\/index.php?rest_route=%2Fwp%2Fv2%2Ftags&post=1549"}],"curies":[{"name":"wp","href":"https:\/\/api.w.org\/{rel}","templated":true}]}}