{"id":1576,"date":"2015-02-22T09:13:56","date_gmt":"2015-02-22T08:13:56","guid":{"rendered":"http:\/\/www.milosnicylasu.olsztyn.pl\/?p=1576"},"modified":"2015-02-22T10:24:24","modified_gmt":"2015-02-22T09:24:24","slug":"rajd-i-konkurs-lesny","status":"publish","type":"post","link":"https:\/\/www.milosnicylasu.olsztyn.pl\/?p=1576","title":{"rendered":"Rajd i konkurs le\u015bny"},"content":{"rendered":"<p><a href=\"http:\/\/www.milosnicylasu.olsztyn.pl\/wp-content\/uploads\/2015\/02\/P2210282-www.jpg\" data-rel=\"lightbox-image-0\" data-magnific_type=\"image\" data-rl_title=\"\" data-rl_caption=\"\" title=\"\"><img loading=\"lazy\" decoding=\"async\" class=\"alignleft size-medium wp-image-1577\" alt=\"P2210282-www\" src=\"http:\/\/www.milosnicylasu.olsztyn.pl\/wp-content\/uploads\/2015\/02\/P2210282-www-300x225.jpg\" width=\"300\" height=\"225\" srcset=\"https:\/\/www.milosnicylasu.olsztyn.pl\/wp-content\/uploads\/2015\/02\/P2210282-www-300x225.jpg 300w, https:\/\/www.milosnicylasu.olsztyn.pl\/wp-content\/uploads\/2015\/02\/P2210282-www-400x300.jpg 400w, https:\/\/www.milosnicylasu.olsztyn.pl\/wp-content\/uploads\/2015\/02\/P2210282-www.jpg 1024w\" sizes=\"auto, (max-width: 300px) 100vw, 300px\" \/><\/a><\/p>\n<p>&nbsp;<\/p>\n<p>21 lutego 2015 r. kolejny raz odwiedzili\u015bmy Nadle\u015bnictwo Kudypy. Przeszli\u015bmy 6 km pi\u0119knym lasem, p\u0142awi\u0105c si\u0119 w pozytywnej energii p\u0142yn\u0105cej z otoczenia.<\/p>\n<p>&nbsp;<\/p>\n<p>Podczas odpoczynku, przy wiacie w Le\u015bnictwie Stary Dw\u00f3r, przeprowadzony zosta\u0142 konkurs z wiadomo\u015bci o zwierz\u0119tach le\u015bnych. Pytania przygotowa\u0142 Rysiu Chudziakiewicz, a konkurs poprowadzi\u0142 Anatol Leszczy\u0144ski. Okaza\u0142o si\u0119, \u017ce wiedza zdobyta podczas sze\u015bcioletnich wyk\u0142ad\u00f3w w RDLP w Olsztynie, jest bardzo przydatna, pomog\u0142a zdoby\u0107 fajne nagrody.<\/p>\n<p>By\u0142y to filmy &#8222;<strong> W dech\u0119 film o drewnie&#8221;.<\/strong><\/p>\n<p>A najwi\u0119ksz\u0105 wiedz\u0105 wykazali si\u0119:<\/p>\n<p><img loading=\"lazy\" decoding=\"async\" class=\"size-medium wp-image-1578 alignright\" alt=\"P2210295-www\" src=\"http:\/\/www.milosnicylasu.olsztyn.pl\/wp-content\/uploads\/2015\/02\/P2210295-www-300x225.jpg\" width=\"300\" height=\"225\" srcset=\"https:\/\/www.milosnicylasu.olsztyn.pl\/wp-content\/uploads\/2015\/02\/P2210295-www-300x225.jpg 300w, https:\/\/www.milosnicylasu.olsztyn.pl\/wp-content\/uploads\/2015\/02\/P2210295-www-400x300.jpg 400w, https:\/\/www.milosnicylasu.olsztyn.pl\/wp-content\/uploads\/2015\/02\/P2210295-www.jpg 1024w\" sizes=\"auto, (max-width: 300px) 100vw, 300px\" \/><\/p>\n<p>Daniela Tyl, Antoni Jarczyk, Krystyna Pietkun, Renata Janicka i Micha\u0142 K\u0142\u0119bukowski.<\/p>\n<p>&nbsp;<\/p>\n<p>Po konkursie, ju\u017c tradycyjnie \u015bpiewali\u015bmy le\u015bne piosenki. I okaza\u0142o si\u0119, \u017ce opr\u00f3cz pi\u0119knie \u015bpiewaj\u0105cych pa\u0144, coraz lepiej s\u0142ycha\u0107 m\u0119skie g\u0142osy.<\/p>\n<p>Tym razem z &#8222;le\u015bnej k\u0105pieli&#8221; skorzysta\u0142o 30 os\u00f3b &#8211; \u00a0cz\u0142onk\u00f3w i sympatyk\u00f3w Ko\u0142a. Do zobaczenia w sobot\u0119&#8230;. w Nadle\u015bnictwie Nowe \u00a0Ramuki.<\/p>\n<p><a href=\"http:\/\/www.milosnicylasu.olsztyn.pl\/wp-content\/uploads\/2015\/02\/P2210287-www.jpg\" data-rel=\"lightbox-image-1\" data-magnific_type=\"image\" data-rl_title=\"\" data-rl_caption=\"\" title=\"\"><img loading=\"lazy\" decoding=\"async\" class=\"alignleft size-medium wp-image-1579\" alt=\"P2210287-www\" src=\"http:\/\/www.milosnicylasu.olsztyn.pl\/wp-content\/uploads\/2015\/02\/P2210287-www-300x225.jpg\" width=\"300\" height=\"225\" srcset=\"https:\/\/www.milosnicylasu.olsztyn.pl\/wp-content\/uploads\/2015\/02\/P2210287-www-300x225.jpg 300w, https:\/\/www.milosnicylasu.olsztyn.pl\/wp-content\/uploads\/2015\/02\/P2210287-www-400x300.jpg 400w, https:\/\/www.milosnicylasu.olsztyn.pl\/wp-content\/uploads\/2015\/02\/P2210287-www.jpg 1024w\" sizes=\"auto, (max-width: 300px) 100vw, 300px\" \/><\/a><\/p>\n<p>&nbsp;<\/p>\n<p>&nbsp;<\/p>\n<p>&nbsp;<\/p>\n","protected":false},"excerpt":{"rendered":"<p>&nbsp; 21 lutego 2015 r. kolejny raz odwiedzili\u015bmy Nadle\u015bnictwo Kudypy. Przeszli\u015bmy 6 km pi\u0119knym lasem, p\u0142awi\u0105c si\u0119 w pozytywnej energii p\u0142yn\u0105cej z otoczenia. &nbsp; Podczas odpoczynku, przy wiacie w Le\u015bnictwie Stary Dw\u00f3r, przeprowadzony zosta\u0142 konkurs z wiadomo\u015bci o zwierz\u0119tach le\u015bnych. Pytania przygotowa\u0142 Rysiu Chudziakiewicz, a konkurs poprowadzi\u0142 Anatol Leszczy\u0144ski. Okaza\u0142o si\u0119, \u017ce wiedza zdobyta podczas [&hellip;]<\/p>\n","protected":false},"author":1,"featured_media":0,"comment_status":"open","ping_status":"open","sticky":false,"template":"","format":"standard","meta":{"footnotes":""},"categories":[1,9,2],"tags":[],"class_list":["post-1576","post","type-post","status-publish","format-standard","hentry","category-bez-kategorii","category-ciekawostki","category-rajdy"],"_links":{"self":[{"href":"https:\/\/www.milosnicylasu.olsztyn.pl\/index.php?rest_route=\/wp\/v2\/posts\/1576","targetHints":{"allow":["GET"]}}],"collection":[{"href":"https:\/\/www.milosnicylasu.olsztyn.pl\/index.php?rest_route=\/wp\/v2\/posts"}],"about":[{"href":"https:\/\/www.milosnicylasu.olsztyn.pl\/index.php?rest_route=\/wp\/v2\/types\/post"}],"author":[{"embeddable":true,"href":"https:\/\/www.milosnicylasu.olsztyn.pl\/index.php?rest_route=\/wp\/v2\/users\/1"}],"replies":[{"embeddable":true,"href":"https:\/\/www.milosnicylasu.olsztyn.pl\/index.php?rest_route=%2Fwp%2Fv2%2Fcomments&post=1576"}],"version-history":[{"count":6,"href":"https:\/\/www.milosnicylasu.olsztyn.pl\/index.php?rest_route=\/wp\/v2\/posts\/1576\/revisions"}],"predecessor-version":[{"id":1586,"href":"https:\/\/www.milosnicylasu.olsztyn.pl\/index.php?rest_route=\/wp\/v2\/posts\/1576\/revisions\/1586"}],"wp:attachment":[{"href":"https:\/\/www.milosnicylasu.olsztyn.pl\/index.php?rest_route=%2Fwp%2Fv2%2Fmedia&parent=1576"}],"wp:term":[{"taxonomy":"category","embeddable":true,"href":"https:\/\/www.milosnicylasu.olsztyn.pl\/index.php?rest_route=%2Fwp%2Fv2%2Fcategories&post=1576"},{"taxonomy":"post_tag","embeddable":true,"href":"https:\/\/www.milosnicylasu.olsztyn.pl\/index.php?rest_route=%2Fwp%2Fv2%2Ftags&post=1576"}],"curies":[{"name":"wp","href":"https:\/\/api.w.org\/{rel}","templated":true}]}}