{"id":1606,"date":"2015-02-25T21:59:31","date_gmt":"2015-02-25T20:59:31","guid":{"rendered":"http:\/\/www.milosnicylasu.olsztyn.pl\/?p=1606"},"modified":"2015-02-27T21:26:34","modified_gmt":"2015-02-27T20:26:34","slug":"walka-z-wroblami","status":"publish","type":"post","link":"https:\/\/www.milosnicylasu.olsztyn.pl\/?p=1606","title":{"rendered":"Walka z wr\u00f3blami"},"content":{"rendered":"<p><strong>T\u0119pienie wr\u00f3bli<\/strong><\/p>\n<p>W przesz\u0142o\u015bci ptakom tym przypisywano znaczny udzia\u0142 w stratach zasiew\u00f3w na polach, dlatego m.in. w j\u0119zyku polskim kuk\u0142y maj\u0105ce za zadanie odstrasza\u0107 ptactwo na \u015bwie\u017co zasianych polach nazywane s\u0105 &#8222;strachami na wr\u00f3ble&#8221;.<\/p>\n<p>W roku 1958\u00a0przyw\u00f3dca komunistyczny Mao Zedong\u00a0og\u0142osi\u0142 program &#8222;Wielkiego skoku naprz\u00f3d&#8221;, w ramach kt\u00f3rego &#8211; m.in. realizuj\u0105c has\u0142o, \u017ce gospodark\u0105 dowodz\u0105 <i>&#8222;genera\u0142 \u017celazo, genera\u0142 w\u0119giel i genera\u0142 zbo\u017ce&#8221;<\/i>, doprowadzono do zniszczenia znacznych ilo\u015bci narz\u0119dzi rolniczych, kt\u00f3re w wiejskich dymarkach\u00a0przetopiono na surowe i bezwarto\u015bciowe \u017celazo. To poskutkowa\u0142o drastycznym spadkiem plon\u00f3w, o kt\u00f3ry Mao Zedong obwini\u0142 wr\u00f3ble i rozkaza\u0142 rok p\u00f3\u017aniej wszystkim Chi\u0144czykom je wyt\u0119pi\u0107 (a wraz z wr\u00f3blami tak\u017ce szczury, muchy i komary)\u00a0w ramach &#8222;Kampanii walki z czterema plagami&#8221;.\u00a0W wyniku tej akcji, podczas kt\u00f3rej wszystkie napotkane ptaki nieustannie p\u0142oszono, tak \u017ce po kilkudziesi\u0119ciominutowym przebywaniu w powietrzu spada\u0142y na ziemi\u0119 martwe z wycie\u0144czenia (wr\u00f3bel w normalnych warunkach nie lata nigdy d\u0142u\u017cej ni\u017c kilka minut, zazwyczaj po kr\u00f3tkim locie przysiada), w ci\u0105gu kilku dni wyt\u0119piono prawie wszystkie wr\u00f3ble w Chinach.<\/p>\n<p>Skutki tych dzia\u0142a\u0144 Chiny odczu\u0142y rok p\u00f3\u017aniej z powodu plagi szara\u0144czy.\u00a0Ich larwy, pozbawione naturalnego wroga, rozpleni\u0142y si\u0119 i wyjad\u0142y plony. W kraju zapanowa\u0142a trzyletnia kl\u0119ska g\u0142odu (1959-61), w wyniku kt\u00f3rej &#8211; jak si\u0119 szacuje &#8211; zmar\u0142o 30 mln ludzi, g\u0142\u00f3wnie na chi\u0144skiej wsi, a jedn\u0105 z jej przyczyn by\u0142a walka z wr\u00f3blami.<\/p>\n<p>&nbsp;<\/p>\n","protected":false},"excerpt":{"rendered":"<p>T\u0119pienie wr\u00f3bli W przesz\u0142o\u015bci ptakom tym przypisywano znaczny udzia\u0142 w stratach zasiew\u00f3w na polach, dlatego m.in. w j\u0119zyku polskim kuk\u0142y maj\u0105ce za zadanie odstrasza\u0107 ptactwo na \u015bwie\u017co zasianych polach nazywane s\u0105 &#8222;strachami na wr\u00f3ble&#8221;. W roku 1958\u00a0przyw\u00f3dca komunistyczny Mao Zedong\u00a0og\u0142osi\u0142 program &#8222;Wielkiego skoku naprz\u00f3d&#8221;, w ramach kt\u00f3rego &#8211; m.in. realizuj\u0105c has\u0142o, \u017ce gospodark\u0105 dowodz\u0105 &#8222;genera\u0142 [&hellip;]<\/p>\n","protected":false},"author":1,"featured_media":0,"comment_status":"open","ping_status":"open","sticky":false,"template":"","format":"standard","meta":{"footnotes":""},"categories":[1,9],"tags":[],"class_list":["post-1606","post","type-post","status-publish","format-standard","hentry","category-bez-kategorii","category-ciekawostki"],"_links":{"self":[{"href":"https:\/\/www.milosnicylasu.olsztyn.pl\/index.php?rest_route=\/wp\/v2\/posts\/1606","targetHints":{"allow":["GET"]}}],"collection":[{"href":"https:\/\/www.milosnicylasu.olsztyn.pl\/index.php?rest_route=\/wp\/v2\/posts"}],"about":[{"href":"https:\/\/www.milosnicylasu.olsztyn.pl\/index.php?rest_route=\/wp\/v2\/types\/post"}],"author":[{"embeddable":true,"href":"https:\/\/www.milosnicylasu.olsztyn.pl\/index.php?rest_route=\/wp\/v2\/users\/1"}],"replies":[{"embeddable":true,"href":"https:\/\/www.milosnicylasu.olsztyn.pl\/index.php?rest_route=%2Fwp%2Fv2%2Fcomments&post=1606"}],"version-history":[{"count":2,"href":"https:\/\/www.milosnicylasu.olsztyn.pl\/index.php?rest_route=\/wp\/v2\/posts\/1606\/revisions"}],"predecessor-version":[{"id":1608,"href":"https:\/\/www.milosnicylasu.olsztyn.pl\/index.php?rest_route=\/wp\/v2\/posts\/1606\/revisions\/1608"}],"wp:attachment":[{"href":"https:\/\/www.milosnicylasu.olsztyn.pl\/index.php?rest_route=%2Fwp%2Fv2%2Fmedia&parent=1606"}],"wp:term":[{"taxonomy":"category","embeddable":true,"href":"https:\/\/www.milosnicylasu.olsztyn.pl\/index.php?rest_route=%2Fwp%2Fv2%2Fcategories&post=1606"},{"taxonomy":"post_tag","embeddable":true,"href":"https:\/\/www.milosnicylasu.olsztyn.pl\/index.php?rest_route=%2Fwp%2Fv2%2Ftags&post=1606"}],"curies":[{"name":"wp","href":"https:\/\/api.w.org\/{rel}","templated":true}]}}