{"id":1610,"date":"2015-03-01T17:32:02","date_gmt":"2015-03-01T16:32:02","guid":{"rendered":"http:\/\/www.milosnicylasu.olsztyn.pl\/?p=1610"},"modified":"2015-03-06T07:40:26","modified_gmt":"2015-03-06T06:40:26","slug":"edukacja-przyrodniczo-lesna-w-nadlesnictwie-nowe-ramuki","status":"publish","type":"post","link":"https:\/\/www.milosnicylasu.olsztyn.pl\/?p=1610","title":{"rendered":"&#8222;Ramuk&#8221; &#8211; oznacza  &#8222;spokojnie&#8221;. Edukacja przyrodniczo-le\u015bna w Nadle\u015bnictwie Nowe Ramuki"},"content":{"rendered":"<p><a href=\"http:\/\/www.milosnicylasu.olsztyn.pl\/wp-content\/uploads\/2015\/03\/P2280406-www.jpg\" data-rel=\"lightbox-image-0\" data-magnific_type=\"image\" data-rl_title=\"\" data-rl_caption=\"\" title=\"\"><img loading=\"lazy\" decoding=\"async\" class=\"alignleft size-medium wp-image-1611\" alt=\"P2280406-www\" src=\"http:\/\/www.milosnicylasu.olsztyn.pl\/wp-content\/uploads\/2015\/03\/P2280406-www-300x225.jpg\" width=\"300\" height=\"225\" srcset=\"https:\/\/www.milosnicylasu.olsztyn.pl\/wp-content\/uploads\/2015\/03\/P2280406-www-300x225.jpg 300w, https:\/\/www.milosnicylasu.olsztyn.pl\/wp-content\/uploads\/2015\/03\/P2280406-www-400x300.jpg 400w, https:\/\/www.milosnicylasu.olsztyn.pl\/wp-content\/uploads\/2015\/03\/P2280406-www.jpg 1024w\" sizes=\"auto, (max-width: 300px) 100vw, 300px\" \/><\/a>28 lutego 2015 r. na zaproszenie Nadle\u015bniczego Pana Janusza Jeznacha odwiedzili\u015bmy Nadle\u015bnictwo Nowe Ramuki. To by\u0142 bardzo pouczaj\u0105cy a zarazem przyjemny pobyt. Okaza\u0142o si\u0119, \u017ce tylko nieliczni z 50 os\u00f3b uczestnicz\u0105cych w wyjazdowej edukacji przyrodniczo-le\u015bnej mieli okazj\u0119 wcze\u015bniej pozna\u0107 \u00a0to Nadle\u015bnictwo, a po\u0142o\u017cone jest ono tylko 17 km od Olsztyna. Jego powierzchnia wynosi 17 067 ha i rozci\u0105ga si\u0119 po obu stronach rzeki \u0141yny. Obecnie lasy Nadle\u015bnictwa stanowi\u0105 fragment dawnej puszczy rozci\u0105gaj\u0105cej si\u0119 w po\u0142udniowej i \u015brodkowej cz\u0119\u015bci Warmii i Mazur. Fragment ten nosi nazw\u0119 Las\u00f3w Napiwodzko-Ramuckich. W granicach Nadle\u015bnictwa le\u017c\u0105 dwa du\u017ce jeziora: \u0141a\u0144skie i Pluszne, fragmenty dw\u00f3ch rzek: \u0141yny i Mar\u00f3zki oraz \u017ar\u00f3d\u0142a rzeki Pas\u0142\u0119ki. Ponadto na terenie Nadle\u015bnictwa wyst\u0119puje szereg ma\u0142ych jezior, oczek wodnych, bagien oraz drobnych ciek\u00f3w wodnych. Niekwestionowanego pi\u0119kna tutejszym krajobrazom dodaje urozmaicona, morenowa rze\u017aba terenu, wp\u0142ywaj\u0105ca tak\u017ce na \u017cyzno\u015b\u0107 gleb i siedlisk le\u015bnych, w mozaice kt\u00f3rych dominuj\u0105 bory mieszane \u015bwie\u017ce i lasy mieszane \u015bwie\u017ce.<\/p>\n<p>W pi\u0119knej sali edukacyjnej, przy kawie, herbacie i ciasteczkach przez \u00a0dwie godziny ogl\u0105dali\u015bmy filmy, zdj\u0119cia i s\u0142uchali\u015bmy opowie\u015bci Pana Janusza Jeznacha o codziennej pracy le\u015bnik\u00f3w, o ochronie ro\u015blin i zwierz\u0105t, o bior\u00f3\u017cnorodno\u015bci, ochronie lasu, o hodowli i piel\u0119gnacji drzewostanu, \u0142owiectwie, ochronie przeciwpo\u017carowej.<\/p>\n<p><img loading=\"lazy\" decoding=\"async\" class=\"size-medium wp-image-1612 alignright\" alt=\"P2280349-www\" src=\"http:\/\/www.milosnicylasu.olsztyn.pl\/wp-content\/uploads\/2015\/03\/P2280349-www-300x225.jpg\" width=\"300\" height=\"225\" srcset=\"https:\/\/www.milosnicylasu.olsztyn.pl\/wp-content\/uploads\/2015\/03\/P2280349-www-300x225.jpg 300w, https:\/\/www.milosnicylasu.olsztyn.pl\/wp-content\/uploads\/2015\/03\/P2280349-www-400x300.jpg 400w, https:\/\/www.milosnicylasu.olsztyn.pl\/wp-content\/uploads\/2015\/03\/P2280349-www.jpg 1024w\" sizes=\"auto, (max-width: 300px) 100vw, 300px\" \/><\/p>\n<p>&nbsp;<\/p>\n<p>Bardzo ciekawa jest historia Nadle\u015bnictwa, kt\u00f3re w tym roku obchodzi 240 lecie swojego istnienia. Pierwsza wzmianka o Nadle\u015bnictwie pochodzi z 3 grudnia 1775 roku i zwi\u0105zana jest z edyktem kr\u00f3la Prus dotycz\u0105cym organizacji las\u00f3w na terenie Prus Wschodnich i Litwy.<\/p>\n<p><img loading=\"lazy\" decoding=\"async\" class=\"alignleft size-medium wp-image-1613\" alt=\"P2280357-www\" src=\"http:\/\/www.milosnicylasu.olsztyn.pl\/wp-content\/uploads\/2015\/03\/P2280357-www-300x225.jpg\" width=\"300\" height=\"225\" srcset=\"https:\/\/www.milosnicylasu.olsztyn.pl\/wp-content\/uploads\/2015\/03\/P2280357-www-300x225.jpg 300w, https:\/\/www.milosnicylasu.olsztyn.pl\/wp-content\/uploads\/2015\/03\/P2280357-www-400x300.jpg 400w, https:\/\/www.milosnicylasu.olsztyn.pl\/wp-content\/uploads\/2015\/03\/P2280357-www.jpg 1024w\" sizes=\"auto, (max-width: 300px) 100vw, 300px\" \/><\/p>\n<p>Pan Janusz opowiedzia\u0142 nam r\u00f3wnie\u017c o wielu pasjach i zainteresowaniach le\u015bnik\u00f3w z Nadle\u015bnictwa: m.in. rze\u017abi\u0105, zajmuj\u0105 si\u0119 \u0142owiectwem i hodowl\u0105 ps\u00f3w my\u015bliwskich, \u00a0<span style=\"color: #333333; font-style: normal; line-height: 24.375px;\">s\u0105 sygnalistami, uczestnicz\u0105 w r\u00f3\u017cnych zawodach sportowych np. w turniejach pi\u0142ki siatkowej, czy w zawodach strzeleckich.<\/span><\/p>\n<p><img loading=\"lazy\" decoding=\"async\" class=\"size-medium wp-image-1614 alignright\" alt=\"P2280376-www\" src=\"http:\/\/www.milosnicylasu.olsztyn.pl\/wp-content\/uploads\/2015\/03\/P2280376-www-300x225.jpg\" width=\"300\" height=\"225\" srcset=\"https:\/\/www.milosnicylasu.olsztyn.pl\/wp-content\/uploads\/2015\/03\/P2280376-www-300x225.jpg 300w, https:\/\/www.milosnicylasu.olsztyn.pl\/wp-content\/uploads\/2015\/03\/P2280376-www-400x300.jpg 400w, https:\/\/www.milosnicylasu.olsztyn.pl\/wp-content\/uploads\/2015\/03\/P2280376-www.jpg 1024w\" sizes=\"auto, (max-width: 300px) 100vw, 300px\" \/><\/p>\n<p>&nbsp;<\/p>\n<p>Po bardzo interesuj\u0105cym wyk\u0142adzie, posilili\u015bmy si\u0119 przy ognisku, kt\u00f3re nam przygotowali pracownicy Nadle\u015bnictwa.\u00a0 A piekli\u015bmy kie\u0142bask\u0119 &#8222;le\u015bn\u0105&#8221;.<\/p>\n<p>&nbsp;<\/p>\n<p>Na zako\u0144czenie pobytu, za go\u015bcinno\u015b\u0107, za przekazan\u0105 wiedz\u0119, za pi\u0119kne kolorowe wydawnictwo o Nadle\u015bnictwie,<\/p>\n<p><img loading=\"lazy\" decoding=\"async\" class=\"alignleft size-medium wp-image-1615\" style=\"color: #333333; font-style: normal; line-height: 24.375px;\" alt=\"P2280388-www\" src=\"http:\/\/www.milosnicylasu.olsztyn.pl\/wp-content\/uploads\/2015\/03\/P2280388-www-300x225.jpg\" width=\"300\" height=\"225\" srcset=\"https:\/\/www.milosnicylasu.olsztyn.pl\/wp-content\/uploads\/2015\/03\/P2280388-www-300x225.jpg 300w, https:\/\/www.milosnicylasu.olsztyn.pl\/wp-content\/uploads\/2015\/03\/P2280388-www-400x300.jpg 400w, https:\/\/www.milosnicylasu.olsztyn.pl\/wp-content\/uploads\/2015\/03\/P2280388-www.jpg 1024w\" sizes=\"auto, (max-width: 300px) 100vw, 300px\" \/><\/p>\n<p>za po\u015bwi\u0119cony nam czas, Panu Januszowi Jeznachowi, Panu Piotrowi R\u00f3\u017ca\u0144skiemu, kt\u00f3ry nam ca\u0142y czas towarzyszy\u0142, oraz innym pracownikom Nadle\u015bnictwa zaanga\u017cowanym w przygotowanie naszego pobytu, \u00a0w mieniu uczestnik\u00f3w spotkania podzi\u0119kowa\u0142 Anatol Leszczy\u0144ski \u00a0&#8211; prezes KMLiM LOK przy ATW w Olsztynie<\/p>\n<p>i Jerzy Kowalski &#8211; prezes Zarz\u0105du Wojew\u00f3dzkiego LOK w Olsztynie.<\/p>\n<p><img loading=\"lazy\" decoding=\"async\" class=\"size-medium wp-image-1616 alignright\" alt=\"P2280395-www\" src=\"http:\/\/www.milosnicylasu.olsztyn.pl\/wp-content\/uploads\/2015\/03\/P2280395-www-300x225.jpg\" width=\"300\" height=\"225\" srcset=\"https:\/\/www.milosnicylasu.olsztyn.pl\/wp-content\/uploads\/2015\/03\/P2280395-www-300x225.jpg 300w, https:\/\/www.milosnicylasu.olsztyn.pl\/wp-content\/uploads\/2015\/03\/P2280395-www-400x300.jpg 400w, https:\/\/www.milosnicylasu.olsztyn.pl\/wp-content\/uploads\/2015\/03\/P2280395-www.jpg 1024w\" sizes=\"auto, (max-width: 300px) 100vw, 300px\" \/><\/p>\n","protected":false},"excerpt":{"rendered":"<p>28 lutego 2015 r. na zaproszenie Nadle\u015bniczego Pana Janusza Jeznacha odwiedzili\u015bmy Nadle\u015bnictwo Nowe Ramuki. To by\u0142 bardzo pouczaj\u0105cy a zarazem przyjemny pobyt. Okaza\u0142o si\u0119, \u017ce tylko nieliczni z 50 os\u00f3b uczestnicz\u0105cych w wyjazdowej edukacji przyrodniczo-le\u015bnej mieli okazj\u0119 wcze\u015bniej pozna\u0107 \u00a0to Nadle\u015bnictwo, a po\u0142o\u017cone jest ono tylko 17 km od Olsztyna. Jego powierzchnia wynosi 17 067 [&hellip;]<\/p>\n","protected":false},"author":1,"featured_media":0,"comment_status":"open","ping_status":"open","sticky":false,"template":"","format":"standard","meta":{"footnotes":""},"categories":[1,9,5],"tags":[],"class_list":["post-1610","post","type-post","status-publish","format-standard","hentry","category-bez-kategorii","category-ciekawostki","category-wycieczki"],"_links":{"self":[{"href":"https:\/\/www.milosnicylasu.olsztyn.pl\/index.php?rest_route=\/wp\/v2\/posts\/1610","targetHints":{"allow":["GET"]}}],"collection":[{"href":"https:\/\/www.milosnicylasu.olsztyn.pl\/index.php?rest_route=\/wp\/v2\/posts"}],"about":[{"href":"https:\/\/www.milosnicylasu.olsztyn.pl\/index.php?rest_route=\/wp\/v2\/types\/post"}],"author":[{"embeddable":true,"href":"https:\/\/www.milosnicylasu.olsztyn.pl\/index.php?rest_route=\/wp\/v2\/users\/1"}],"replies":[{"embeddable":true,"href":"https:\/\/www.milosnicylasu.olsztyn.pl\/index.php?rest_route=%2Fwp%2Fv2%2Fcomments&post=1610"}],"version-history":[{"count":6,"href":"https:\/\/www.milosnicylasu.olsztyn.pl\/index.php?rest_route=\/wp\/v2\/posts\/1610\/revisions"}],"predecessor-version":[{"id":1623,"href":"https:\/\/www.milosnicylasu.olsztyn.pl\/index.php?rest_route=\/wp\/v2\/posts\/1610\/revisions\/1623"}],"wp:attachment":[{"href":"https:\/\/www.milosnicylasu.olsztyn.pl\/index.php?rest_route=%2Fwp%2Fv2%2Fmedia&parent=1610"}],"wp:term":[{"taxonomy":"category","embeddable":true,"href":"https:\/\/www.milosnicylasu.olsztyn.pl\/index.php?rest_route=%2Fwp%2Fv2%2Fcategories&post=1610"},{"taxonomy":"post_tag","embeddable":true,"href":"https:\/\/www.milosnicylasu.olsztyn.pl\/index.php?rest_route=%2Fwp%2Fv2%2Ftags&post=1610"}],"curies":[{"name":"wp","href":"https:\/\/api.w.org\/{rel}","templated":true}]}}