{"id":1626,"date":"2015-03-07T22:27:51","date_gmt":"2015-03-07T21:27:51","guid":{"rendered":"http:\/\/www.milosnicylasu.olsztyn.pl\/?p=1626"},"modified":"2015-03-07T22:52:02","modified_gmt":"2015-03-07T21:52:02","slug":"zebranie-kola","status":"publish","type":"post","link":"https:\/\/www.milosnicylasu.olsztyn.pl\/?p=1626","title":{"rendered":"Zebranie Ko\u0142a"},"content":{"rendered":"<p><a href=\"http:\/\/www.milosnicylasu.olsztyn.pl\/wp-content\/uploads\/2015\/03\/P3050411-www.jpg\" data-rel=\"lightbox-image-0\" data-magnific_type=\"image\" data-rl_title=\"\" data-rl_caption=\"\" title=\"\"><img loading=\"lazy\" decoding=\"async\" class=\"alignleft size-medium wp-image-1627\" alt=\"P3050411-www\" src=\"http:\/\/www.milosnicylasu.olsztyn.pl\/wp-content\/uploads\/2015\/03\/P3050411-www-300x225.jpg\" width=\"300\" height=\"225\" srcset=\"https:\/\/www.milosnicylasu.olsztyn.pl\/wp-content\/uploads\/2015\/03\/P3050411-www-300x225.jpg 300w, https:\/\/www.milosnicylasu.olsztyn.pl\/wp-content\/uploads\/2015\/03\/P3050411-www-400x300.jpg 400w, https:\/\/www.milosnicylasu.olsztyn.pl\/wp-content\/uploads\/2015\/03\/P3050411-www.jpg 1024w\" sizes=\"auto, (max-width: 300px) 100vw, 300px\" \/><\/a><\/p>\n<p>&nbsp;<\/p>\n<p>5 marca 2015 roku, w Regionalnej Dyrekcji Las\u00f3w Pa\u0144stwowych w Olsztynie, odby\u0142o si\u0119 zebranie Ko\u0142a.<\/p>\n<p>&nbsp;<\/p>\n<p>&nbsp;<\/p>\n<p>&nbsp;<\/p>\n<p>72 cz\u0142onk\u00f3w Ko\u0142a Mi\u0142o\u015bnik\u00f3w Lasu i Militari\u00f3w LOK przy ATW w Olsztynie wys\u0142ucha\u0142o bardzo ciekawego wyk\u0142adu pracownika RDLP w Olsztynie \u00a0pana Patryka Kaczy\u0144skiego na temat : &#8222;Inwentaryzacja zwierzyny&#8221;.<a href=\"http:\/\/www.milosnicylasu.olsztyn.pl\/wp-content\/uploads\/2015\/03\/P3050415-www.jpg\" data-rel=\"lightbox-image-1\" data-magnific_type=\"image\" data-rl_title=\"\" data-rl_caption=\"\" title=\"\"><img loading=\"lazy\" decoding=\"async\" class=\"size-medium wp-image-1628 alignright\" alt=\"P3050415-www\" src=\"http:\/\/www.milosnicylasu.olsztyn.pl\/wp-content\/uploads\/2015\/03\/P3050415-www-300x225.jpg\" width=\"300\" height=\"225\" srcset=\"https:\/\/www.milosnicylasu.olsztyn.pl\/wp-content\/uploads\/2015\/03\/P3050415-www-300x225.jpg 300w, https:\/\/www.milosnicylasu.olsztyn.pl\/wp-content\/uploads\/2015\/03\/P3050415-www-400x300.jpg 400w, https:\/\/www.milosnicylasu.olsztyn.pl\/wp-content\/uploads\/2015\/03\/P3050415-www.jpg 1024w\" sizes=\"auto, (max-width: 300px) 100vw, 300px\" \/><\/a><\/p>\n<p>&nbsp;<\/p>\n<p>Dowiedzieli\u015bmy si\u0119 jak r\u00f3\u017cne s\u0105 metody liczenia zwierz\u0105t le\u015bnych. Szczeg\u00f3lnie zainteresowa\u0142a nas inwentaryzacja zwierzyny metod\u0105 p\u0119dze\u0144 pr\u00f3bnych &#8211; skomplikowany logistycznie proces. Jest w niego zaanga\u017cowanych co najmniej kilkadziesi\u0105t os\u00f3b w ka\u017cdym nadle\u015bnictwie. Jedna grupa ma za zadanie przespacerowa\u0107\u00a0 przez las, a tym samym zmusi\u0107 zwierzyn\u0119 do przemieszczenia si\u0119 w kierunku pozosta\u0142ych uczestnik\u00f3w inwentaryzacji.\u00a0 Miejsca przez kt\u00f3re musi przej\u015b\u0107 zwierzyna s\u0105 obstawione przez ustawionych co, ponad sto metr\u00f3w tzw. obserwator\u00f3w. Ka\u017cdy z nich wyposa\u017cony jest w d\u0142ugopis i specjaln\u0105 kart\u0119, w kt\u00f3rej zapisuje, ile zwierz\u0105t i jakich gatunk\u00f3w widzia\u0142. Inwentaryzacja metod\u0105 p\u0119dze\u0144 pr\u00f3bnych zak\u0142ada, \u017ce wystarczy policzy\u0107 zwierzyn\u0119 na powierzchni odpowiadaj\u0105cej 10 procentom ca\u0142ego nadle\u015bnictwa, by mie\u0107 szacunkowy obraz tego, ile zwierz\u0105t \u017cyje na danym terenie. Pan Patryk wyja\u015bni\u0142 nam, \u017ce musimy zna\u0107 odpowied\u017a na to pytanie, je\u017celi mamy racjonalnie gospodarowa\u0107 populacj\u0105 jakiegokolwiek gatunku, musimy zna\u0107 jego liczebno\u015b\u0107, jego potrzeby, jego g\u0119sto\u015b\u0107 wyst\u0119powania na jakim\u015b terenie.<\/p>\n<p>W cz\u0119\u015bci organizacyjnej Prezes Ko\u0142a poinformowa\u0142 o wykonaniu planu pracy Ko\u0142a w m-cu lutym, podzi\u0119kowa\u0142 i wr\u0119czy\u0142 upominki dla cz\u0142onk\u00f3w Ko\u0142a szczeg\u00f3lnie zaanga\u017cowanym w dzia\u0142alno\u015bci Ko\u0142a. <a href=\"http:\/\/www.milosnicylasu.olsztyn.pl\/wp-content\/uploads\/2015\/03\/P3050419-www.jpg\" data-rel=\"lightbox-image-2\" data-magnific_type=\"image\" data-rl_title=\"\" data-rl_caption=\"\" title=\"\"><img loading=\"lazy\" decoding=\"async\" class=\"alignleft size-medium wp-image-1629\" alt=\"P3050419-www\" src=\"http:\/\/www.milosnicylasu.olsztyn.pl\/wp-content\/uploads\/2015\/03\/P3050419-www-300x225.jpg\" width=\"300\" height=\"225\" srcset=\"https:\/\/www.milosnicylasu.olsztyn.pl\/wp-content\/uploads\/2015\/03\/P3050419-www-300x225.jpg 300w, https:\/\/www.milosnicylasu.olsztyn.pl\/wp-content\/uploads\/2015\/03\/P3050419-www-400x300.jpg 400w, https:\/\/www.milosnicylasu.olsztyn.pl\/wp-content\/uploads\/2015\/03\/P3050419-www.jpg 1024w\" sizes=\"auto, (max-width: 300px) 100vw, 300px\" \/><\/a><\/p>\n<p>&nbsp;<\/p>\n<p>Rysia i Micha\u0142 K\u0142\u0119bukowscy otrzymali puchar za wzorow\u0105 organizacj\u0119 imprez kuligowo-walentynkowych.<\/p>\n<p><img loading=\"lazy\" decoding=\"async\" class=\"size-medium wp-image-1630 alignright\" alt=\"P3050429-www\" src=\"http:\/\/www.milosnicylasu.olsztyn.pl\/wp-content\/uploads\/2015\/03\/P3050429-www-300x225.jpg\" width=\"300\" height=\"225\" srcset=\"https:\/\/www.milosnicylasu.olsztyn.pl\/wp-content\/uploads\/2015\/03\/P3050429-www-300x225.jpg 300w, https:\/\/www.milosnicylasu.olsztyn.pl\/wp-content\/uploads\/2015\/03\/P3050429-www-400x300.jpg 400w, https:\/\/www.milosnicylasu.olsztyn.pl\/wp-content\/uploads\/2015\/03\/P3050429-www.jpg 1024w\" sizes=\"auto, (max-width: 300px) 100vw, 300px\" \/><\/p>\n<p>Maria Turowska otrzyma\u0142a medal za pomys\u0142owy str\u00f3j na zabawie walentynkowej.<\/p>\n<p>&nbsp;<\/p>\n<p>Bo\u017cena B\u0142aszczuk odebra\u0142a zaleg\u0142\u0105 nagrod\u0119 ksi\u0105\u017ckow\u0105 za udzia\u0142 w organizacji wystawy grudniowej w RDLP w Olsztynie . Zostali docenienie r\u00f3wnie\u017c wsp\u00f3\u0142organizatorzy sobotnich rajd\u00f3w:Teresa \u017bemojcin, Ryszard Chudziakiewicz, Waldemar Chrzanowski, Grzegorz Kluczek J\u00f3zef Gazda i Micha\u0142 K\u0142\u0119bukowski. <a href=\"http:\/\/www.milosnicylasu.olsztyn.pl\/wp-content\/uploads\/2015\/03\/P3050433-www.jpg\" data-rel=\"lightbox-image-3\" data-magnific_type=\"image\" data-rl_title=\"\" data-rl_caption=\"\" title=\"\"><img loading=\"lazy\" decoding=\"async\" class=\"alignleft size-medium wp-image-1631\" alt=\"P3050433-www\" src=\"http:\/\/www.milosnicylasu.olsztyn.pl\/wp-content\/uploads\/2015\/03\/P3050433-www-300x225.jpg\" width=\"300\" height=\"225\" srcset=\"https:\/\/www.milosnicylasu.olsztyn.pl\/wp-content\/uploads\/2015\/03\/P3050433-www-300x225.jpg 300w, https:\/\/www.milosnicylasu.olsztyn.pl\/wp-content\/uploads\/2015\/03\/P3050433-www-400x300.jpg 400w, https:\/\/www.milosnicylasu.olsztyn.pl\/wp-content\/uploads\/2015\/03\/P3050433-www.jpg 1024w\" sizes=\"auto, (max-width: 300px) 100vw, 300px\" \/><\/a><\/p>\n<p>&nbsp;<\/p>\n<p>&nbsp;<\/p>\n<p>&nbsp;<\/p>\n<p>Drobne upominki, w postaci le\u015bnych filmik\u00f3w, otrzyma\u0142y r\u00f3wnie\u017c kole\u017canki, kt\u00f3re pod kierunkiem Krystyny Leszczy\u0144skiej przygotowa\u0142y wielkanocne podarunki dla przyjaci\u00f3\u0142 Ko\u0142a.<a href=\"http:\/\/www.milosnicylasu.olsztyn.pl\/wp-content\/uploads\/2015\/03\/P3050447-www.jpg\" data-rel=\"lightbox-image-4\" data-magnific_type=\"image\" data-rl_title=\"\" data-rl_caption=\"\" title=\"\"><img loading=\"lazy\" decoding=\"async\" class=\"alignleft size-medium wp-image-1632\" alt=\"P3050447-www\" src=\"http:\/\/www.milosnicylasu.olsztyn.pl\/wp-content\/uploads\/2015\/03\/P3050447-www-300x225.jpg\" width=\"300\" height=\"225\" srcset=\"https:\/\/www.milosnicylasu.olsztyn.pl\/wp-content\/uploads\/2015\/03\/P3050447-www-300x225.jpg 300w, https:\/\/www.milosnicylasu.olsztyn.pl\/wp-content\/uploads\/2015\/03\/P3050447-www-400x300.jpg 400w, https:\/\/www.milosnicylasu.olsztyn.pl\/wp-content\/uploads\/2015\/03\/P3050447-www.jpg 1024w\" sizes=\"auto, (max-width: 300px) 100vw, 300px\" \/><\/a><\/p>\n<p>W tym celu, podczas trzykrotnych spotka\u0144 nad jajkami i poczt\u00f3wkami pracowa\u0142y: Janina Kluczek, Wies\u0142awa Filipek, Danuta Gaizmer, Barbara Bruzgo, Barbara Liberna, Bo\u017cena B\u0142aszczuk, Maryla Soral-\u015amietana, Teresa \u017bemojduk, Janina Wojnicz.<\/p>\n<p>Na zako\u0144czenie spotkania\u00a0Prezes Wojew\u00f3dzkiej Organizacji LOK Pan Jerzy Kowalski udekorowa\u0142 medalami za zaj\u0119cie czo\u0142owych miejsc w zawodach strzeleckich, kt\u00f3re odby\u0142y si\u0119 28 lutego, koleg\u00f3w:\u00a0Anatola Leszczy\u0144skiego, Antoniego Jarczyka i J\u00f3zefa Gazd\u0119.<\/p>\n","protected":false},"excerpt":{"rendered":"<p>&nbsp; 5 marca 2015 roku, w Regionalnej Dyrekcji Las\u00f3w Pa\u0144stwowych w Olsztynie, odby\u0142o si\u0119 zebranie Ko\u0142a. &nbsp; &nbsp; &nbsp; 72 cz\u0142onk\u00f3w Ko\u0142a Mi\u0142o\u015bnik\u00f3w Lasu i Militari\u00f3w LOK przy ATW w Olsztynie wys\u0142ucha\u0142o bardzo ciekawego wyk\u0142adu pracownika RDLP w Olsztynie \u00a0pana Patryka Kaczy\u0144skiego na temat : &#8222;Inwentaryzacja zwierzyny&#8221;. &nbsp; Dowiedzieli\u015bmy si\u0119 jak r\u00f3\u017cne s\u0105 metody liczenia [&hellip;]<\/p>\n","protected":false},"author":1,"featured_media":0,"comment_status":"open","ping_status":"open","sticky":false,"template":"","format":"standard","meta":{"footnotes":""},"categories":[3],"tags":[],"class_list":["post-1626","post","type-post","status-publish","format-standard","hentry","category-zebrania"],"_links":{"self":[{"href":"https:\/\/www.milosnicylasu.olsztyn.pl\/index.php?rest_route=\/wp\/v2\/posts\/1626","targetHints":{"allow":["GET"]}}],"collection":[{"href":"https:\/\/www.milosnicylasu.olsztyn.pl\/index.php?rest_route=\/wp\/v2\/posts"}],"about":[{"href":"https:\/\/www.milosnicylasu.olsztyn.pl\/index.php?rest_route=\/wp\/v2\/types\/post"}],"author":[{"embeddable":true,"href":"https:\/\/www.milosnicylasu.olsztyn.pl\/index.php?rest_route=\/wp\/v2\/users\/1"}],"replies":[{"embeddable":true,"href":"https:\/\/www.milosnicylasu.olsztyn.pl\/index.php?rest_route=%2Fwp%2Fv2%2Fcomments&post=1626"}],"version-history":[{"count":4,"href":"https:\/\/www.milosnicylasu.olsztyn.pl\/index.php?rest_route=\/wp\/v2\/posts\/1626\/revisions"}],"predecessor-version":[{"id":1642,"href":"https:\/\/www.milosnicylasu.olsztyn.pl\/index.php?rest_route=\/wp\/v2\/posts\/1626\/revisions\/1642"}],"wp:attachment":[{"href":"https:\/\/www.milosnicylasu.olsztyn.pl\/index.php?rest_route=%2Fwp%2Fv2%2Fmedia&parent=1626"}],"wp:term":[{"taxonomy":"category","embeddable":true,"href":"https:\/\/www.milosnicylasu.olsztyn.pl\/index.php?rest_route=%2Fwp%2Fv2%2Fcategories&post=1626"},{"taxonomy":"post_tag","embeddable":true,"href":"https:\/\/www.milosnicylasu.olsztyn.pl\/index.php?rest_route=%2Fwp%2Fv2%2Ftags&post=1626"}],"curies":[{"name":"wp","href":"https:\/\/api.w.org\/{rel}","templated":true}]}}